{"id":245,"date":"2008-05-27T19:45:05","date_gmt":"2008-05-27T18:45:05","guid":{"rendered":"http:\/\/blogg.ngn.nu\/index.php\/2008\/05\/27\/lite-piggare-tisdag\/"},"modified":"2009-06-08T16:54:00","modified_gmt":"2009-06-08T14:54:00","slug":"lite-piggare-tisdag","status":"publish","type":"post","link":"https:\/\/blogg.ngn.nu\/index.php\/2008\/05\/27\/lite-piggare-tisdag\/","title":{"rendered":"Lite piggare Tisdag"},"content":{"rendered":"<p><span style=\"font-weight: bold\">Besv\u00e4rsl\u00e4get<\/span><br \/>\nIdag \u00e4r jag inte s\u00e5 tr\u00f6tt. men attan vad kroppen \u00e4r seg. Det k\u00e4nns som om jag vore helt utarbetad eller som att ha sprungit ett maraton och vilat i en timma. Eller som att ha k\u00f6rt tre jympapass p\u00e5 raken. Eller ha cyklat 17 mil.<\/p>\n<p>Skillnaden \u00e4r att vi normalt h\u00e4mtar oss. Jag \u00e4r liksom kvar i det.<\/p>\n<p>Nacken \u00e4r rackarns stel och \u00f6m idag. Jag \u00e4r stel fr\u00e5n nacken ned till t\u00e5rna. Framsidan av b\u00e5len \u00e4r v\u00e4l det enda som \u00e4r ganska avsp\u00e4nt, slappt och dallrigt.(1)<\/p>\n<p><span style=\"font-weight: bold\">Djur &amp; Natur <\/span>(1)<br \/>\nIdag gav jag mig iv\u00e4g lite tidigare \u00e4n normalt. S\u00e5g Vattensorkarna. Vet inte \u00e4n om det blev n\u00e5gon bra bild.<br \/>\n<a href=\"https:\/\/blogg.ngn.nu\/HTML\/080527_DSC08907_Vattensork_w800.html\" target=\"_blank\"><img loading=\"lazy\" decoding=\"async\" src=\"http:\/\/ngn.nu\/Bilder3\/080527_DSC08907_Vattensork_w150.JPG\" alt=\"Vattensork\" height=\"101\" width=\"150\" \/><\/a><\/p>\n<p>Hittade den bruna huggormshonan. Hon l\u00e5g v\u00e4l g\u00f6md.<\/p>\n<p>S\u00e5g v\u00e4l 4 st snokar. Men det var bara en som ville vara med p\u00e5 bild.<br \/>\n<a href=\"https:\/\/blogg.ngn.nu\/HTML\/080527_DSC08928_Snok_w800.html\" target=\"_blank\"><img loading=\"lazy\" decoding=\"async\" src=\"http:\/\/ngn.nu\/Bilder3\/080527_DSC08928_Snok_w150.JPG\" alt=\"Snok\" height=\"136\" width=\"150\" \/><\/a><\/p>\n<p>En Ladusvala st\u00e4llde upp och poserade lite.<br \/>\n<a href=\"https:\/\/blogg.ngn.nu\/HTML\/080527_DSC08935_Ladusvala_w800.html\" target=\"_blank\"><img loading=\"lazy\" decoding=\"async\" src=\"http:\/\/ngn.nu\/Bilder3\/080527_DSC08935_Ladusvala_w150.JPG\" alt=\"Ladusvala\" height=\"100\" width=\"150\" \/><\/a><\/p>\n<p><span style=\"font-weight: bold\">Politik<\/span><br \/>\nJag f\u00e5r meddelanden om att jag skall st\u00e4lla upp p\u00e5 en manifestation mot alliansens galenskaper vad avser halta och lytta i synnerhet och v\u00e4lf\u00e4rden i allm\u00e4nhet.<\/p>\n<p>Jag skulle hemskt g\u00e4rna vilja det &#8211; men det \u00e4r i Stockholm.<\/p>\n<p>Och s\u00e5 h\u00e5ller V\u00e4nsterpartiet ett seminarium p\u00e5 samma tema &#8211; i Stockholm. Dit \u00e4r jag ocks\u00e5 v\u00e4lkommen.<\/p>\n<p>\u00c4r det inte b\u00e4ttre att bjuda in de som \u00e4r &#8217;mot&#8217;? Jag \u00e4r redan f\u00f6r.<\/p>\n<p><span style=\"font-weight: bold\">Restaurangskolan Novisen<\/span><br \/>\nHustrun fick den goda id\u00e9n att vi skulle g\u00e5 till Novisen och \u00e4ta lunch. Det var en bra id\u00e9, och god.<\/p>\n<p><span style=\"font-weight: bold\">Julias Kattunge<\/span><br \/>\nNu snart ska vi g\u00e5 och h\u00e4lsa p\u00e5 en katt som \u00e4r en avkomma fr\u00e5n v\u00e5r f.d. katt Julia. Det ska bli j\u00e4ttekul! Katten har bott p\u00e5 v\u00e5rt omr\u00e5de hela tiden, tror jag, men det har aldrig blivit av att vi h\u00e4lsat p\u00e5. Nu blev vi inbjudna. Vi tvekar inte.<br \/>\n<a href=\"https:\/\/blogg.ngn.nu\/HTML\/080527_DSC01699_Julias_Kattunge_w800.html\" target=\"_blank\"><img loading=\"lazy\" decoding=\"async\" src=\"http:\/\/ngn.nu\/Bilder3\/080527_DSC01699_Julias_Kattunge_w150.JPG\" alt=\"Julias Kattunge\" height=\"100\" width=\"150\" \/><\/a><br \/>\nOch s\u00e5 h\u00e4r ser hon ut. Den 14-\u00e5riga kattungen&#8230;<\/p>\n<p><strong> Varning f\u00f6r sjuk humor!<\/strong><br \/>\n(Tack Mia!)<br \/>\n&#8221;<em>        Hej, svarar en liten flickas r\u00f6st i telefonen.<br \/>\n&#8211; Hej v\u00e4nnen, det \u00e4r pappa. \u00c4r mamma i n\u00e4rheten? s\u00e4ger Gunnar.<br \/>\n&#8211; Nej, pappa. Hon \u00e4r uppe i sovrummet med farbror Bosse.<br \/>\nEfter en kort paus s\u00e4ger Gunnar:<br \/>\n&#8211; Men du har ingen farbror Bosse, v\u00e4nnen!<br \/>\n&#8211; Jo det har jag, och han \u00e4r uppe i sovrummet med mamma!<br \/>\n&#8211; Okej d\u00e5. Jag vill att du g\u00f6r en sak \u00e5t mig. L\u00e4gg ned luren, spring uppf\u00f6r trappan, knacka p\u00e5 d\u00f6rren och ropa \u00e5t mamma och farbror Bosse att min bil precis k\u00f6rde upp p\u00e5 garageuppfarten.<br \/>\n&#8211; Okej pappa!<br \/>\nN\u00e5gra minuter senare kommer den lilla flickan tillbaka till telefonen.<br \/>\n&#8211; Jag gjorde som du sa pappa.<br \/>\n&#8211; Och vad h\u00e4nde?<br \/>\n&#8211; Mamma hoppade upp ur s\u00e4ngen utan n\u00e5gra kl\u00e4der och sprang omkring och skrek hysteriskt. Sedan snubblade hon p\u00e5 mattan och f\u00f6ll nedf\u00f6r trappan. Nu ligger hon bara d\u00e4r och hennes nacke har vridit sej konstigt.<br \/>\n&#8211; \u00c5h herregud! Farbror Bosse d\u00e5?<br \/>\n&#8211; Han sprang ocks\u00e5 upp ur s\u00e4ngen utan n\u00e5gra kl\u00e4der. Han verkade j\u00e4tter\u00e4dd och hoppade ut genom f\u00f6nstret och ned i swimmingpoolen. Men han m\u00e5ste ha gl\u00f6mt att du t\u00f6mde den p\u00e5 vatten f\u00f6r att reng\u00f6ra den. Han slog i botten och ligger d\u00e4r utan att r\u00f6ra sej.<br \/>\nEfter en l\u00e5ng paus s\u00e4ger Gunnar:<br \/>\n&#8211; Swimmingpool? Urs\u00e4kta men d\u00e5 har jag ringt fel nummer. <\/em>&#8221;<\/p>\n<p><strong>Djur &amp; Natur<\/strong> (2)<br \/>\nHustrun och jag best\u00e4mde oss f\u00f6r att en cykeltur i det ljuva v\u00e4dret var en utm\u00e4rkt id\u00e9. Och tycket att vi d\u00e5 kunde cykla till &#8217;mina&#8217; pl\u00e5tar vid \u00d6verby. S\u00e5 blev det.<\/p>\n<p>5 Koppar\u00f6dlor hittade vi. Tv\u00e5 blev relativt bra p\u00e5 bild. Fast kameran m\u00e5ste vart konstigt inst\u00e4lld? Det liksom fattas f\u00e4rger &#8211; och sk\u00e4rpa?<\/p>\n<p>F\u00f6rst en bild p\u00e5 en pytteliten koppar\u00f6dla. Antagligen en ny en, fr\u00e5n f\u00f6rra \u00e5ret.<br \/>\n<a href=\"https:\/\/blogg.ngn.nu\/HTML\/080527_DSC01707_Kopparoedla_w800.html\" target=\"_blank\"><img loading=\"lazy\" decoding=\"async\" src=\"http:\/\/ngn.nu\/Bilder3\/080527_DSC01707_Kopparoedla_w150.JPG\" alt=\"Koppar\u00f6dla\" height=\"100\" width=\"150\" \/><\/a><\/p>\n<p>Och s\u00e5 en bild p\u00e5 en av de &#8217;vanliga&#8217;.<br \/>\n<a href=\"https:\/\/blogg.ngn.nu\/HTML\/080527_DSC01710_Kopparoedla_w800.html\" target=\"_blank\"><img loading=\"lazy\" decoding=\"async\" src=\"http:\/\/ngn.nu\/Bilder3\/080527_DSC01710_Kopparoedla_w150.JPG\" alt=\"Koppar\u00f6dla\" height=\"100\" width=\"150\" \/><\/a><\/p>\n","protected":false},"excerpt":{"rendered":"<p>Besv\u00e4rsl\u00e4get Idag \u00e4r jag inte s\u00e5 tr\u00f6tt. men attan vad kroppen \u00e4r seg. Det k\u00e4nns som om jag vore helt utarbetad eller som att ha sprungit ett maraton och vilat i en timma. Eller som att ha k\u00f6rt tre jympapass &hellip; <a href=\"https:\/\/blogg.ngn.nu\/index.php\/2008\/05\/27\/lite-piggare-tisdag\/\">Forts\u00e4tt l\u00e4sa <span class=\"meta-nav\">&rarr;<\/span><\/a><\/p>\n","protected":false},"author":1,"featured_media":0,"comment_status":"open","ping_status":"closed","sticky":false,"template":"","format":"standard","meta":{"footnotes":""},"categories":[338,31,343,4],"tags":[203,381,388,399,349,398],"class_list":["post-245","post","type-post","status-publish","format-standard","hentry","category-djur","category-politik","category-ryggen","category-vardag","tag-besvarslage","tag-katt","tag-kopparodla","tag-ladusvala","tag-snok","tag-vattensork"],"_links":{"self":[{"href":"https:\/\/blogg.ngn.nu\/index.php\/wp-json\/wp\/v2\/posts\/245","targetHints":{"allow":["GET"]}}],"collection":[{"href":"https:\/\/blogg.ngn.nu\/index.php\/wp-json\/wp\/v2\/posts"}],"about":[{"href":"https:\/\/blogg.ngn.nu\/index.php\/wp-json\/wp\/v2\/types\/post"}],"author":[{"embeddable":true,"href":"https:\/\/blogg.ngn.nu\/index.php\/wp-json\/wp\/v2\/users\/1"}],"replies":[{"embeddable":true,"href":"https:\/\/blogg.ngn.nu\/index.php\/wp-json\/wp\/v2\/comments?post=245"}],"version-history":[{"count":0,"href":"https:\/\/blogg.ngn.nu\/index.php\/wp-json\/wp\/v2\/posts\/245\/revisions"}],"wp:attachment":[{"href":"https:\/\/blogg.ngn.nu\/index.php\/wp-json\/wp\/v2\/media?parent=245"}],"wp:term":[{"taxonomy":"category","embeddable":true,"href":"https:\/\/blogg.ngn.nu\/index.php\/wp-json\/wp\/v2\/categories?post=245"},{"taxonomy":"post_tag","embeddable":true,"href":"https:\/\/blogg.ngn.nu\/index.php\/wp-json\/wp\/v2\/tags?post=245"}],"curies":[{"name":"wp","href":"https:\/\/api.w.org\/{rel}","templated":true}]}}