{"id":215,"date":"2008-04-27T22:53:36","date_gmt":"2008-04-27T21:53:36","guid":{"rendered":"http:\/\/blogg.ngn.nu\/index.php\/2008\/04\/27\/lugn-sondag\/"},"modified":"2008-04-27T23:03:50","modified_gmt":"2008-04-27T22:03:50","slug":"lugn-sondag","status":"publish","type":"post","link":"https:\/\/blogg.ngn.nu\/index.php\/2008\/04\/27\/lugn-sondag\/","title":{"rendered":"Lugn S\u00f6ndag"},"content":{"rendered":"<p><span style=\"font-weight: bold\">Besv\u00e4rsl\u00e4get<\/span><br \/>\nHar idag varit ovanligt bra? Kan bero p\u00e5 att jag inte har r\u00f6rt mig utanf\u00f6r l\u00e4genheten. Och det \u00e4r ju liksom b\u00e5de positivt och negativt. K\u00e4nns lite futtigt att inte ha kommit ut ens p\u00e5 en liten promenad.<\/p>\n<p><span style=\"font-weight: bold\">Data &#8211; gambas<\/span><br \/>\nGjorde en f\u00f6rf\u00e4rande uppt\u00e4ckt idag. Man kan inte definiera egendefinerade datatyper (User Defined DataTypes) och inte &#8217;s\u00e4tta&#8217; datatypen &#8217;enum&#8217; heller!<\/p>\n<p>Uppr\u00f6rande!<\/p>\n<p>Det kan man i VB (Visual Basic). Och det g\u00e5r tydligen inte i gambas?<\/p>\n<p>Vojne, vojne&#8230;<\/p>\n<p><span style=\"font-weight: bold\">L\u00f6ner och h\u00f6ga chefer<\/span><br \/>\nDet skrivs ju titt som t\u00e4tt om vad synd det \u00e4r om chefer som inte uppfyller de kvalifikationer man t\u00e4nkt sig n\u00e4r man anst\u00e4llde chefen. Och f\u00f6r att bli av med den fad\u00e4sen s\u00e5 antingen &#8217;k\u00f6per&#8217; man ut cheferna eller s\u00e5 utnyttjas detta med &#8217;fallsk\u00e4rmar&#8217;<\/p>\n<p>Ett argument, av chefern och de som s\u00e4tter de h\u00e4r l\u00f6nerna och villkoren (n\u00e4mnder\/styrelser), brukar vara att det \u00e4r minsann inte s\u00e5 l\u00e4tt att f\u00e5 ett liknande jobb s\u00e5 d\u00e5 \u00e4r dessa \u00f6verenskommelser riktiga.<\/p>\n<p>Det f\u00f6rst\u00e5r inte jag. Om en f.d. chef sparkas s\u00e5 f\u00e5r han v\u00e4l s\u00f6ka jobb p\u00e5 samma villkor som alla andra. Allt annat \u00e4r v\u00e4l egentligen tokeri.<\/p>\n<p>Och om det nu \u00e4r sant att det tar s\u00e5 attans l\u00e5ng tid f\u00f6r dessa chefer att f\u00e5 ett nytt jobb. De f\u00e5r ju 6 till 24 m\u00e5nadsl\u00f6ner, oftast. Vad kommer det sig d\u00e5 att de inte med sin h\u00f6ga l\u00f6n avsatte penningar ifall detta skulle h\u00e4nda?<\/p>\n<p>Borde inte det vara ett rimligt &#8217;krav&#8217;? N\u00e4r nu l\u00f6nerna jag pratar om b\u00f6rjar p\u00e5 60000 SEK per m\u00e5nad. De tj\u00e4nar en femtedel av min maximala \u00e5rsl\u00f6n (frisk Nisse: 26000&#215;12=312000. L\u00e4gre nu; Sjuk Nisse ca 275000 OBS! Jag klagar INTE! ). Det finns ju de som tj\u00e4nar den (min) \u00e5rsl\u00f6n per m\u00e5nad.<\/p>\n<p>Jag f\u00f6rst\u00e5r faktiskt inte hur &#8217;de som best\u00e4mmer&#8217; resonerar?<\/p>\n<p>Jamen, privata marknaden d\u00e5? D\u00e4r \u00e4r det v\u00e4l r\u00e4tt? Nej! Inte d\u00e4r heller. Den som ger sig in i leken&#8230;<\/p>\n<p>Och detta med att vi m\u00e5ste locka kompetenta chefer fr\u00e5n den privata marknaden till den offentliga. Vad \u00e4r det som s\u00e4ger att de \u00e4r kompetenta om de l\u00e4mnar den privata marknaden?<\/p>\n<p>Och borde inte &#8217;offentligheten&#8217; kunna locka med andra kvaliteter? Trygghet? Rimliga arbetstider?<\/p>\n<p>Var \u00e4r det p\u00e5 v\u00e4g?<\/p>\n","protected":false},"excerpt":{"rendered":"<p>Besv\u00e4rsl\u00e4get Har idag varit ovanligt bra? Kan bero p\u00e5 att jag inte har r\u00f6rt mig utanf\u00f6r l\u00e4genheten. Och det \u00e4r ju liksom b\u00e5de positivt och negativt. K\u00e4nns lite futtigt att inte ha kommit ut ens p\u00e5 en liten promenad. Data &hellip; <a href=\"https:\/\/blogg.ngn.nu\/index.php\/2008\/04\/27\/lugn-sondag\/\">Forts\u00e4tt l\u00e4sa <span class=\"meta-nav\">&rarr;<\/span><\/a><\/p>\n","protected":false},"author":1,"featured_media":0,"comment_status":"open","ping_status":"closed","sticky":false,"template":"","format":"standard","meta":{"footnotes":""},"categories":[371,31,343],"tags":[203,373,286],"class_list":["post-215","post","type-post","status-publish","format-standard","hentry","category-data","category-politik","category-ryggen","tag-besvarslage","tag-gambas","tag-marknaden"],"_links":{"self":[{"href":"https:\/\/blogg.ngn.nu\/index.php\/wp-json\/wp\/v2\/posts\/215","targetHints":{"allow":["GET"]}}],"collection":[{"href":"https:\/\/blogg.ngn.nu\/index.php\/wp-json\/wp\/v2\/posts"}],"about":[{"href":"https:\/\/blogg.ngn.nu\/index.php\/wp-json\/wp\/v2\/types\/post"}],"author":[{"embeddable":true,"href":"https:\/\/blogg.ngn.nu\/index.php\/wp-json\/wp\/v2\/users\/1"}],"replies":[{"embeddable":true,"href":"https:\/\/blogg.ngn.nu\/index.php\/wp-json\/wp\/v2\/comments?post=215"}],"version-history":[{"count":0,"href":"https:\/\/blogg.ngn.nu\/index.php\/wp-json\/wp\/v2\/posts\/215\/revisions"}],"wp:attachment":[{"href":"https:\/\/blogg.ngn.nu\/index.php\/wp-json\/wp\/v2\/media?parent=215"}],"wp:term":[{"taxonomy":"category","embeddable":true,"href":"https:\/\/blogg.ngn.nu\/index.php\/wp-json\/wp\/v2\/categories?post=215"},{"taxonomy":"post_tag","embeddable":true,"href":"https:\/\/blogg.ngn.nu\/index.php\/wp-json\/wp\/v2\/tags?post=215"}],"curies":[{"name":"wp","href":"https:\/\/api.w.org\/{rel}","templated":true}]}}