{"id":193,"date":"2008-04-05T22:09:41","date_gmt":"2008-04-05T21:09:41","guid":{"rendered":"http:\/\/blogg.ngn.nu\/index.php\/2008\/04\/05\/upplevelselordag\/"},"modified":"2009-06-08T17:29:33","modified_gmt":"2009-06-08T15:29:33","slug":"upplevelselordag","status":"publish","type":"post","link":"https:\/\/blogg.ngn.nu\/index.php\/2008\/04\/05\/upplevelselordag\/","title":{"rendered":"Upplevelsel\u00f6rdag"},"content":{"rendered":"<p><span style=\"font-weight: bold\">Besv\u00e4rsl\u00e4get<\/span><br \/>\nDet \u00e4r fortfarande lite som en balansg\u00e5ng, p\u00e5 slak lina, f\u00f6r f\u00f6rsta g\u00e5ngen. Jag \u00e4r p\u00e5 linan. Jag vet att jag kommer att ramla men vet inte hur och inte n\u00e4r. Sett ur ett annat perspektiv har det varit en bra dag idag. Bara en extra dos med medicin.<\/p>\n<p><span style=\"font-weight: bold\">Pj\u00e4s<\/span><br \/>\nVi har varit p\u00e5 en mycket tankeinspirerande och upplevelsefylld pj\u00e4s idag. F\u00f6rest\u00e4llningen heter (Eller hette? Det var sista f\u00f6rest\u00e4llningen. Synd!) &#8217;<strong>G\u00e5r Jag<\/strong>&#8217;.<\/p>\n<p><center><\/p>\n<table style=\"text-align: left\" border=\"0\" cellpadding=\"2\" cellspacing=\"2\" height=\"204\" width=\"357\">\n<tr>\n<td style=\"text-align: center; font-weight: bold; vertical-align: bottom\">Regi:<br \/>\n<img loading=\"lazy\" decoding=\"async\" src=\"http:\/\/ngn.nu\/Bilder3\/080405_Dsc01565_Blenda.jpg\" alt=\"Regi: Blenda Lafveskans\" height=\"124\" width=\"78\" \/><\/td>\n<td style=\"text-align: center; font-weight: bold; vertical-align: bottom\">Akt\u00f6r:<br \/>\n<img loading=\"lazy\" decoding=\"async\" src=\"http:\/\/ngn.nu\/Bilder3\/080405_Dsc01564_Paulina.jpg\" alt=\"Akt\u00f6r: Paulina Edsbo\" height=\"122\" width=\"82\" \/><\/td>\n<td style=\"text-align: center; font-weight: bold; vertical-align: bottom\">Akt\u00f6r:<br \/>\n<img loading=\"lazy\" decoding=\"async\" src=\"http:\/\/ngn.nu\/Bilder3\/080405_Dsc01561_Thomas.jpg\" alt=\"Akt\u00f6r: Thomas Mann\" height=\"121\" width=\"78\" \/><\/td>\n<td style=\"text-align: center; font-weight: bold; vertical-align: bottom\" valign=\"bottom\">Posterbild<br \/>\n<a href=\"http:\/\/ngn.nu\/Bilder3\/Poster_Gar_Jag_big_w800.jpg\" target=\"_blank\"><img loading=\"lazy\" decoding=\"async\" src=\"http:\/\/ngn.nu\/Bilder3\/Poster_Gar_Jag_big_w125.jpg\" alt=\"Klicka f\u00f6r st\u00f6rre bild\" height=\"118\" width=\"83\" \/><\/a><\/td>\n<\/tr>\n<tr>\n<td style=\"font-weight: bold; text-align: center\" valign=\"top\">\n<p>Blenda<br \/>\nLafveskans<\/p>\n<\/td>\n<td style=\"font-weight: bold; text-align: center; vertical-align: top\">Paulina<br \/>\nEdsbo<\/td>\n<td style=\"font-weight: bold; text-align: center\" valign=\"top\">Thomas<br \/>\nMann<\/td>\n<td style=\"font-size: 70%; text-align: center\" valign=\"top\">(klicka f\u00f6r<br \/>\nst\u00f6rre bild)<\/td>\n<\/tr>\n<tr>\n<td colspan=\"4\" align=\"center\">&nbsp;<\/td>\n<\/tr>\n<tr><\/tr>\n<\/table>\n<p><\/center><\/p>\n<p>Presenteras av teatergruppen <strong>Pull The Food<\/strong> (En fyndig travesti p\u00e5 &#8217;dra maten&#8217; och sedan dramaten)<\/p>\n<p><span style=\"font-weight: bold\">Manus<\/span>: Har de kl\u00e4mt fram tillsammans, med rummet.<\/p>\n<p><span style=\"font-weight: bold\">Handlingen<\/span>;  <a onclick=\"expand(this.id+'_080405_230854', this);\" style=\"background-color: #ffffcc; cursor: pointer\" id=\"Pjas\">[Visa mer&#8230;]<\/a><\/p>\n<div id=\"Pjas_080405_230854\" style=\"display: none\">\n<p>Det fr\u00e4ckaste med den h\u00e4r f\u00f6rest\u00e4llningen \/ upplevelsen var att den skapats utifr\u00e5n rummet vi var i. Och handlingen&#8230;, ja givetvis kan allt tolkas och h\u00e4r kommer d\u00e5 min tolkning. Jag vet inte om den \u00e4r &#8217;r\u00e4tt&#8217;? Men det ing\u00e5r v\u00e4l i den konstn\u00e4rliga friheten att all tolkning \u00e4r r\u00e4tt, visst?<\/p>\n<p>Jag s\u00e5g tv\u00e5 m\u00e4nniskor som beskrev sitt liv ur minst tv\u00e5 perspektiv. Deras relation byggde p\u00e5 en eller flera dr\u00f6mmar. Fr\u00e5gan jag kan st\u00e4lla mig \u00e4r; &#8221;Av vilken anledning valde de att forts\u00e4tta, leva tillsammans?&#8221; Eller, slutet kanske sa att de valde att inte g\u00f6ra det?<\/p>\n<p>De b\u00f6rjade med att tr\u00e4da in i rummet genom var sin d\u00f6rr v\u00e4nda in mot rummet och sedan se varandra&#8230; det slutade med att de stod med n\u00e4san tryckt mot var sitt f\u00f6nster, i motsatta \u00e4ndan av rummet. Med ryggen v\u00e4nd mot rummet.<\/p>\n<p>Nu vet ju inte jag? Men symboliserade det att de d\u00e4r ute s\u00e5g en ny mer meningsfull framtid d\u00e4r de l\u00e4mnade det gamla bakom sig. Eller var det bara ett fortsatt stirrande ut i en o\u00e4ndlig tomhet?<\/p>\n<p><img decoding=\"async\" src=\"http:\/\/ngn.nu\/Bilder3\/080405_Dsc01564_Paulina_02.jpg\" style=\"width: 125px; height: 178px\" alt=\"Pose: Paulina Edsbo\" \/><br \/>\nPaulina (Nadja)<\/p>\n<p>Karakt\u00e4rerna framf\u00f6rde en relation som kastades mellan &#8217;vi har \u00e4lskat varandra&#8217; och &#8217;vi f\u00f6raktar varandra&#8217;. Lite fick jag en k\u00e4nsla av att b\u00e4gge var mer eller mindre medvetna om att ingen annan \u00e4n de sj\u00e4lva skulle st\u00e5 ut med den andra och av den anledningen fortsatte de leva ihop.<\/p>\n<p>De visste, b\u00e4gge, att den andre levde i en livsl\u00f6gn. Och de visste b\u00e4gge att den andre hade &#8217;gammalt skr\u00e4p&#8217; fysiskt eller psykiskt, som de inte ville sl\u00e4ppa taget om.<\/p>\n<p>Synd att det var sista f\u00f6rest\u00e4llningen. Annars skulle jag starkt rekommendera att g\u00e5 och uppleva den. Men det kanske kommer mer&#8230; eller annat?<\/p>\n<p><img decoding=\"async\" src=\"http:\/\/ngn.nu\/Bilder3\/080405_Image1_Paulina_Thomas.jpg\" style=\"width: 450px; height: 348px\" alt=\"K\u00f6ket: Paulina och Thomas\" \/><br \/>\nEn av &#8217;k\u00f6ksdiskussionerna&#8217;.<\/p>\n<p>Teaternyheter p\u00e5 n\u00e4tet, nummer.se skriver s\u00e5 <a href=\"http:\/\/www.nummer.se\/templates\/News____6331.aspx\" style=\"color: red; font-weight: bold\" target=\"_blank\">h\u00e4r<\/a>.<\/p>\n<\/div>\n","protected":false},"excerpt":{"rendered":"<p>Besv\u00e4rsl\u00e4get Det \u00e4r fortfarande lite som en balansg\u00e5ng, p\u00e5 slak lina, f\u00f6r f\u00f6rsta g\u00e5ngen. Jag \u00e4r p\u00e5 linan. Jag vet att jag kommer att ramla men vet inte hur och inte n\u00e4r. Sett ur ett annat perspektiv har det varit &hellip; <a href=\"https:\/\/blogg.ngn.nu\/index.php\/2008\/04\/05\/upplevelselordag\/\">Forts\u00e4tt l\u00e4sa <span class=\"meta-nav\">&rarr;<\/span><\/a><\/p>\n","protected":false},"author":1,"featured_media":0,"comment_status":"open","ping_status":"closed","sticky":false,"template":"","format":"standard","meta":{"footnotes":""},"categories":[343,296,350],"tags":[203],"class_list":["post-193","post","type-post","status-publish","format-standard","hentry","category-ryggen","category-teater","category-upplevelse","tag-besvarslage"],"_links":{"self":[{"href":"https:\/\/blogg.ngn.nu\/index.php\/wp-json\/wp\/v2\/posts\/193","targetHints":{"allow":["GET"]}}],"collection":[{"href":"https:\/\/blogg.ngn.nu\/index.php\/wp-json\/wp\/v2\/posts"}],"about":[{"href":"https:\/\/blogg.ngn.nu\/index.php\/wp-json\/wp\/v2\/types\/post"}],"author":[{"embeddable":true,"href":"https:\/\/blogg.ngn.nu\/index.php\/wp-json\/wp\/v2\/users\/1"}],"replies":[{"embeddable":true,"href":"https:\/\/blogg.ngn.nu\/index.php\/wp-json\/wp\/v2\/comments?post=193"}],"version-history":[{"count":0,"href":"https:\/\/blogg.ngn.nu\/index.php\/wp-json\/wp\/v2\/posts\/193\/revisions"}],"wp:attachment":[{"href":"https:\/\/blogg.ngn.nu\/index.php\/wp-json\/wp\/v2\/media?parent=193"}],"wp:term":[{"taxonomy":"category","embeddable":true,"href":"https:\/\/blogg.ngn.nu\/index.php\/wp-json\/wp\/v2\/categories?post=193"},{"taxonomy":"post_tag","embeddable":true,"href":"https:\/\/blogg.ngn.nu\/index.php\/wp-json\/wp\/v2\/tags?post=193"}],"curies":[{"name":"wp","href":"https:\/\/api.w.org\/{rel}","templated":true}]}}