{"id":174,"date":"2008-03-19T22:23:17","date_gmt":"2008-03-19T21:23:17","guid":{"rendered":"http:\/\/blogg.ngn.nu\/index.php\/2008\/03\/19\/support-onsdag\/"},"modified":"2009-06-08T17:34:45","modified_gmt":"2009-06-08T15:34:45","slug":"support-onsdag","status":"publish","type":"post","link":"https:\/\/blogg.ngn.nu\/index.php\/2008\/03\/19\/support-onsdag\/","title":{"rendered":"Support Onsdag"},"content":{"rendered":"<p><span style=\"font-weight: bold\">Besv\u00e4rsl\u00e4get<\/span><br \/>\n<span style=\"text-decoration: underline\">Taktil Massage<\/span>: Var lika sk\u00f6n som vanligt. Idag fr\u00e5gade jag om hon k\u00e4nde n\u00e5gon skillnad, p\u00e5 min kropp, mot b\u00f6rjan. Jag fick d\u00e5 veta att hon tycket att musklerna var kanske n\u00e5got lite mindre sp\u00e4nda i nacke och rygg men att jag var \u00e4nd\u00e5 v\u00e4ldigt sp\u00e4nd. Jag slappnade inte av helt. Jag m\u00e5ste &#8217;l\u00e4mna \u00f6ver&#8217; helt, sa hon.<\/p>\n<p>Jag funderade en stund p\u00e5 det d\u00e4r. Tydligen s\u00e5 l\u00e4nge s\u00e5 hon fr\u00e5gade om hon st\u00e4llt till det s\u00e5 att jag fick problem p\u00e5 n\u00e5got vis. Inte alls svarade jag utan menade att det \u00e4r just s\u00e5dan h\u00e4r \u00e5terkoppling som \u00e4r viktigt om som ska funderas p\u00e5. och s\u00e5 redogjorde jag vad jag tror det beror p\u00e5 att hon k\u00e4nner att jag inte &#8217;l\u00e4mnar \u00f6ver helt&#8217;.<\/p>\n<p>F\u00f6r att vara 100% h\u00e4r och nu s\u00e5 har jag koncentrerat mig p\u00e5 &#8217;vad hon g\u00f6r&#8217;. Men jag kom p\u00e5 att jag ocks\u00e5 l\u00e5g och t\u00e4nkte typ: &#8221;Vad synd att hon inte fortsatte l\u00e4ngre d\u00e4r.&#8221;, &#8221;Vad sk\u00f6nt det d\u00e4r var.&#8221;, &#8221;\u00c5hh, nu kommer det d\u00e4r sk\u00f6na!&#8221;, &#8221;Nu \u00e4r det f\u00e4rdigt nu kommer n\u00e4sta.&#8221;, etc.<\/p>\n<p>Det d\u00e4r \u00e4r tankar som n\u00e4stan uteslutande \u00e4r &#8217;d\u00e5 och &#8217;sen&#8217;. Inte &#8217;h\u00e4r och nu&#8217;, s\u00e5 d\u00e4r hade hon r\u00e4tt.<\/p>\n<p>Jag ska n\u00e4sta g\u00e5ng f\u00f6rs\u00f6ka &#8217;l\u00e4mna \u00f6ver helt&#8217;. Hur man nu g\u00f6r det?<\/p>\n<p><span style=\"text-decoration: underline\">MR<\/span>: Ringde till R\u00f6ntgen p\u00e5 N\u00c4L och h\u00f6rde om de f\u00e5tt n\u00e5gon remiss fr\u00e5n Spine Center som g\u00e4llde mig. Icke. Vi kom \u00f6verens om att jag skulle ringa i n\u00e4sta vecka.<\/p>\n<p>Efter kanske 10-20 minuter s\u00e5 ringer telefonen och jag t\u00e4nker d\u00e5 att de kanske hittat remissen. Det var fr\u00e5n R\u00f6ntgen p\u00e5 <a href=\"http:\/\/www.carlanderska.se\/swe\/\" target=\"_blank\">Carlanderska<\/a>, i G\u00f6teborg. De hade f\u00e5tt en remiss fr\u00e5n Spine Center som g\u00e4llde mig och nu hade de f\u00e5tt en ledig tid till onsdagen den 26 mars 2008. Kunde jag komma d\u00e5? Ja, jag kunde komma d\u00e5.<\/p>\n<p>D\u00e4r ser man. Ibland h\u00e4nder det helt ov\u00e4ntade.<\/p>\n<p><span style=\"font-weight: bold\">Support-Packard Bell<\/span><br \/>\nFick ingen ordning p\u00e5 Kontakter i MS Win Vista. N\u00e4r jag i start-menyn klickar p\u00e5 &#8217;Windows Kontakter&#8217; s\u00e5 visas liksom bara utforskaren (den heter s\u00e4kert inte s\u00e5 i MS Win Vista [I MS Win Vista hj\u00e4lp g\u00f6r den det]) och s\u00e5 ser man ordet &#8217;Kontakter&#8217; l\u00e4ngst upp till v\u00e4nster.<br \/>\nInte f-n finns h\u00e4r n\u00e5gra knappar om &#8217;import&#8217; och &#8217;export&#8217;?<\/p>\n<p>Har letat som en &#8217;galning&#8217; p\u00e5 n\u00e4tet efter en f\u00f6rklaring. Hittade inget. S\u00e5 jag beslutade mig f\u00f6r att ta kontakt med Microsofts support. De tar 650 SEK per fr\u00e5ga! De rekommenderar att man i f\u00f6rsta hand v\u00e4nder sig till s\u00e4ljaren. Och har man k\u00f6pt en dator med s.k. <a href=\"http:\/\/sv.wikipedia.org\/wiki\/OEM\" target=\"_blank\">OEM<\/a>-licens s\u00e5 \u00e4r det datatillverkaren som ska ge upp till 90 dagars fri support.<\/p>\n<p>Jag ringde supporten p\u00e5 Packard Bell. Det svarade direkt? Jag framf\u00f6rde mitt problem och fick uppge serienummer mm p\u00e5 datorn och ink\u00f6psst\u00e4lle med mera och till slut s\u00e5 hittades jag i deras datasystem. Det betyder att jag d\u00e5 \u00e4ger den dator jag \u00e4ger.<\/p>\n<p>D\u00e5 s\u00e4ger supporten: &#8221;Vista s\u00e4ger du&#8230;&#8221;. &#8221;Ja.&#8221; Svarar jag. Supporten forts\u00e4tter: &#8221;Nu har inte vi Vista p\u00e5 v\u00e5ra datorer, vi har XP. Kan du f\u00f6rklara i detalj s\u00e5 ska jag prata med en kille h\u00e4r borta han har en dator med Vista.&#8221; Jag g\u00f6r som jag blir tillsagd och t\u00e4nker samtidigt: \u00c4r det verkligen supporten jag hamnat p\u00e5?<\/p>\n<p>Det dr\u00f6jer skitl\u00e4nge i telefonen. Under tiden forts\u00e4tter jag mitt s\u00f6kande i bulletiner, forum, kunskapsdatabaser, FAQ etc. Och hittar f\u00f6ljande:<br \/>\n&#8221;[<a href=\"http:\/\/www.microsoft.com\/communities\/newsgroups\/en-us\/default.aspx?dg=microsoft.public.windows.vista.mail&amp;tid=faef9dbb-6e83-4c7a-be6c-1a40f16bab9e&amp;cat=en_us_9F280F8D-E6BF-F78C-234A-416CF09D5DC5&amp;lang=en&amp;cr=US&amp;sloc=en-us&amp;m=1&amp;p=1\" target=\"_blank\"><font size=\"3\">I Do Not See &#8221;Add Ne<wbr><\/wbr>w Contacts&#8221; in Conta<wbr><\/wbr>ct Folder in <\/font><\/a><font size=\"3\"><a title=\"microsoft.public.windows.vista.mail\" class=\"WNFTVLnk\">Windows Mail<\/a><\/font>]&#8221;<br \/>\nOch det \u00e4r ju lite \u00e5t det h\u00e5llet av det problem jag har s\u00e5 jag l\u00e4ser vidare och kommer fram till f\u00f6ljande text:<br \/>\n&#8221;<font face=\"Verdana, Arial, Helvetica\" size=\"2\">This happens if the folder type template for the Contacts folder is incorrect. To fix the problem, use these steps:<br \/>\nOpen the Contacts folder. Right-click on a blank area in the folder, and choose Customize This Folder&#8230; In the folder type drop down box, select Contacts and click OK.<\/font>&#8221;<\/p>\n<p>Allts\u00e5, i Start-menyn v\u00e4ljer jag &#8217;Windows Kontakter&#8217;:<br \/>\n<img loading=\"lazy\" decoding=\"async\" src=\"http:\/\/ngn.nu\/Bilder3\/WinVistaKontakter_01.jpg\" alt=\"Win Vista Start-meny Windows Kontakter\" height=\"251\" width=\"400\" \/><\/p>\n<p>Och d\u00e5 s\u00e5g mitt folder-Kontakter-f\u00f6nster s\u00e5g ut s\u00e5 h\u00e4r:<br \/>\n<img decoding=\"async\" src=\"http:\/\/ngn.nu\/Bilder3\/WinVistaKontakter_02.jpg\" alt=\"MS Win Vista folder-'kontakter' 1\" \/><br \/>\nInga knappar om &#8217;importera&#8217; eller exportera. Men det syns ett par Kontakt-filer.<\/p>\n<p>D\u00e5 h\u00f6gerklickade jag i omr\u00e5det under filnamnen. Och f\u00e5r d\u00e5 upp f\u00f6ljande s.k. popup-meny:<br \/>\n<img loading=\"lazy\" decoding=\"async\" src=\"http:\/\/ngn.nu\/Bilder3\/WinVistaKontakter_03.jpg\" alt=\"Popup-meny h\u00f6gerklick i folder\" height=\"231\" width=\"217\" \/><br \/>\nJag har ringat in vilket alternativ jag klickade p\u00e5.<\/p>\n<p>D\u00e5 visas f\u00f6ljande f\u00f6nster:<br \/>\n<img loading=\"lazy\" decoding=\"async\" src=\"http:\/\/ngn.nu\/Bilder3\/WinVistaKontakter_04.jpg\" alt=\"Folder-f\u00f6nster-val\" height=\"474\" width=\"367\" \/><br \/>\nPilen pekar p\u00e5 det val jag ska g\u00f6ra. Den bl\u00e5markerade raden \u00e4r det val som var aktuellt.<\/p>\n<p>Efter klick p\u00e5 &#8217;Kontakter&#8217; och knappen [Verkst\u00e4ll] och sedan [OK] s\u00e5 \u00e4ndras folder-f\u00f6nstret till detta:<br \/>\n<img decoding=\"async\" src=\"http:\/\/ngn.nu\/Bilder3\/WinVistaKontakter_05.jpg\" alt=\"Kontakter-folder\" \/><br \/>\nSer ni? Nu visas de knappar som ska visas. Sv\u00e5rare \u00e4n s\u00e5 var det allts\u00e5 inte.<\/p>\n<p>I det h\u00e4r l\u00e4get kommer supporten tillbaka i luren och s\u00e4ger: &#8221;Du vi kan inte l\u00f6sa det h\u00e4r men jag sitter nu vid Vista-datorn kan du beskriva hur det ser ut och hur du g\u00f6r s\u00e5 ska vi se vad jag kan g\u00f6ra.&#8221; D\u00e5 svarar jag: &#8221;Vi kan g\u00f6ra s\u00e5 att jag talar om f\u00f6r dig hur problemet l\u00f6ses. Jag har n\u00e4mligen gjort det medan jag v\u00e4ntade.&#8221;<\/p>\n<p>Och jag gjorde s\u00e5 och de blev j\u00e4ttelyckliga och sedan ville de ha mitt telefonnummer!?<\/p>\n<p>Skit i det. Jag k\u00e4nde mig i alla fall j\u00e4tten\u00f6jd. Men jag \u00e4r grymt besviken p\u00e5 rudisarna i supporten p\u00e5 Packard Bell. Vad ska jag med 90 dagars fri support till?<\/p>\n<p><span style=\"font-weight: bold\">P\u00e5skhandla<\/span><br \/>\nAtt \u00e5ka och p\u00e5skhandla med Mor &amp; Far kan g\u00f6ra \u00e4ven en helt frisk m\u00e4nniska tr\u00f6tt (missf\u00f6rst\u00e5 nu inte det d\u00e4r mor &amp; far). Jag blev d\u00e5 i alla fall i det n\u00e4rmaste helt slut. Nu (17:14) har jag precis avslutat en stunds avsp\u00e4nning f\u00f6r att h\u00e4mta kraft och energi.<\/p>\n<p>Men jag vet inte jag &#8211; kanske finns det lite kraft kvar att h\u00e4mta i huvudet. Men kroppen? Den bara v\u00e4rker och g\u00f6r ont. Har tagit en extra dos meducin s\u00e5 jag g\u00e5r och l\u00e4gger mig p\u00e5 s\u00e4ngen nu&#8230;<\/p>\n<p>Piggade senare upp mig med lite godis&#8230;<\/p>\n<hr \/>\n<p><small>Andra Bloggar om: <a href=\"http:\/\/bloggar.se\/om\/besv%E4r\" target=\"_blank\" rel=\"tag\">Besv\u00e4r<\/a>, <a href=\"http:\/\/bloggar.se\/om\/massage\" target=\"_blank\" rel=\"tag\">Massage<\/a>, <a href=\"http:\/\/bloggar.se\/om\/Magnetr%F6ntgen\" target=\"_blank\" rel=\"tag\">Magnetr\u00f6ntgen<\/a>, <a href=\"http:\/\/bloggar.se\/om\/support\" target=\"_blank\" rel=\"tag\">Support<\/a>, <a href=\"http:\/\/bloggar.se\/om\/Packard\" target=\"_blank\" rel=\"tag\">Packard Bell<\/a><\/small><\/p>\n<hr \/>\n","protected":false},"excerpt":{"rendered":"<p>Besv\u00e4rsl\u00e4get Taktil Massage: Var lika sk\u00f6n som vanligt. Idag fr\u00e5gade jag om hon k\u00e4nde n\u00e5gon skillnad, p\u00e5 min kropp, mot b\u00f6rjan. Jag fick d\u00e5 veta att hon tycket att musklerna var kanske n\u00e5got lite mindre sp\u00e4nda i nacke och rygg &hellip; <a href=\"https:\/\/blogg.ngn.nu\/index.php\/2008\/03\/19\/support-onsdag\/\">Forts\u00e4tt l\u00e4sa <span class=\"meta-nav\">&rarr;<\/span><\/a><\/p>\n","protected":false},"author":1,"featured_media":0,"comment_status":"open","ping_status":"closed","sticky":false,"template":"","format":"standard","meta":{"footnotes":""},"categories":[100,900,104],"tags":[203,45,331,330,314,212],"class_list":["post-174","post","type-post","status-publish","format-standard","hentry","category-css","category-datatek","category-sjukvard","tag-besvarslage","tag-magnetrontgen","tag-packard-bell","tag-support","tag-vista","tag-vark"],"_links":{"self":[{"href":"https:\/\/blogg.ngn.nu\/index.php\/wp-json\/wp\/v2\/posts\/174","targetHints":{"allow":["GET"]}}],"collection":[{"href":"https:\/\/blogg.ngn.nu\/index.php\/wp-json\/wp\/v2\/posts"}],"about":[{"href":"https:\/\/blogg.ngn.nu\/index.php\/wp-json\/wp\/v2\/types\/post"}],"author":[{"embeddable":true,"href":"https:\/\/blogg.ngn.nu\/index.php\/wp-json\/wp\/v2\/users\/1"}],"replies":[{"embeddable":true,"href":"https:\/\/blogg.ngn.nu\/index.php\/wp-json\/wp\/v2\/comments?post=174"}],"version-history":[{"count":0,"href":"https:\/\/blogg.ngn.nu\/index.php\/wp-json\/wp\/v2\/posts\/174\/revisions"}],"wp:attachment":[{"href":"https:\/\/blogg.ngn.nu\/index.php\/wp-json\/wp\/v2\/media?parent=174"}],"wp:term":[{"taxonomy":"category","embeddable":true,"href":"https:\/\/blogg.ngn.nu\/index.php\/wp-json\/wp\/v2\/categories?post=174"},{"taxonomy":"post_tag","embeddable":true,"href":"https:\/\/blogg.ngn.nu\/index.php\/wp-json\/wp\/v2\/tags?post=174"}],"curies":[{"name":"wp","href":"https:\/\/api.w.org\/{rel}","templated":true}]}}