{"id":1573,"date":"2005-07-05T07:10:26","date_gmt":"2005-07-05T06:10:26","guid":{"rendered":"http:\/\/blogg.ngn.nu\/index.php\/2005\/07\/05\/allmant-27\/"},"modified":"2011-01-18T16:41:07","modified_gmt":"2011-01-18T15:41:07","slug":"allmant-27","status":"publish","type":"post","link":"https:\/\/blogg.ngn.nu\/index.php\/2005\/07\/05\/allmant-27\/","title":{"rendered":"Allm\u00e4nt"},"content":{"rendered":"<p>Hunden matat. Rengjort kattl\u00e5dorna. Katterna f\u00e5tt mat. \u00c4tit sj\u00e4lv.  Rastat hunden. Solen str\u00e5lar fr\u00e5n en molnfri himmel. Lite kyligt i  vinden.<\/p>\n<p>Fortsatta semesterplaner. Min syster sk\u00f6ter hunden och sonen tittar till katterna.<\/p>\n<p>Idag packar vi bilen. Vart vi ska? Det vet vi inte riktigt. Vi \u00e5ker nog inte l\u00e5ngt.<\/p>\n<p>Lite mer v\u00e4rk i kroppen \u00e4n vanligt. Beror sannolikt p\u00e5 g\u00e5rdagens aktiviteter.<\/p>\n<p>Ig\u00e5r ja. Vi f\u00f6retog oss en kv\u00e4llspromenad, hustrun och jag. Vi  parkerade vid ICA Kvantum och promenerade mot Skr\u00e4cklan. Vi ville  utnyttja det sista av kv\u00e4llsolen. D\u00e4r Kvarteret Syrenen tar slut  best\u00e4mde sig hunden f\u00f6r att bajsa. Och givetvis hade vi inga  hunbajsp\u00e5sar med oss.<br \/>\nOrdentliga som vi \u00e4r stannade jag p\u00e5 plats med hunden och hustrun gick tillbaka till bilen och h\u00e4mtade p\u00e5sar.<br \/>\nDet kom tv\u00e5 hund\u00e4gare g\u00e5endes emot mig och hunden. Verkade lovande  tyckte jag. D\u00e5 kunde jag ju tigga en bajsp\u00e5se av dem. Det hade s\u00e4kert  g\u00e5tt bra om inte min hund f\u00e5tt f\u00f6r sig att dessa tv\u00e5 sm\u00e5hundar pl\u00f6tsligt  f\u00f6rlorat r\u00e4tten till sina liv. Det blev liksom inte l\u00e4ge att d\u00e5 be att  f\u00e5 om en bajsp\u00e5se.<br \/>\nHustrun kom och bajset plockades upp och vi kunde forts\u00e4tta v\u00e5r  stilla promenad utmed stranden vid V\u00e4nersborgs hj\u00e4rta, Skr\u00e4cklan.<\/p>\n<p>Nu ska jag b\u00f6rja packa.<\/p>\n","protected":false},"excerpt":{"rendered":"<p>Hunden matat. Rengjort kattl\u00e5dorna. Katterna f\u00e5tt mat. \u00c4tit sj\u00e4lv. Rastat hunden. Solen str\u00e5lar fr\u00e5n en molnfri himmel. Lite kyligt i vinden. Fortsatta semesterplaner. Min syster sk\u00f6ter hunden och sonen tittar till katterna. Idag packar vi bilen. Vart vi ska? Det &hellip; <a href=\"https:\/\/blogg.ngn.nu\/index.php\/2005\/07\/05\/allmant-27\/\">Forts\u00e4tt l\u00e4sa <span class=\"meta-nav\">&rarr;<\/span><\/a><\/p>\n","protected":false},"author":1,"featured_media":0,"comment_status":"open","ping_status":"closed","sticky":false,"template":"","format":"standard","meta":{"footnotes":""},"categories":[338,683,813],"tags":[768,381,243,849,872,212],"class_list":["post-1573","post","type-post","status-publish","format-standard","hentry","category-djur","category-reseplaner","category-overfort-fran-ngnblogganu","tag-hund","tag-katt","tag-promenad","tag-sonen","tag-syrran","tag-vark"],"_links":{"self":[{"href":"https:\/\/blogg.ngn.nu\/index.php\/wp-json\/wp\/v2\/posts\/1573","targetHints":{"allow":["GET"]}}],"collection":[{"href":"https:\/\/blogg.ngn.nu\/index.php\/wp-json\/wp\/v2\/posts"}],"about":[{"href":"https:\/\/blogg.ngn.nu\/index.php\/wp-json\/wp\/v2\/types\/post"}],"author":[{"embeddable":true,"href":"https:\/\/blogg.ngn.nu\/index.php\/wp-json\/wp\/v2\/users\/1"}],"replies":[{"embeddable":true,"href":"https:\/\/blogg.ngn.nu\/index.php\/wp-json\/wp\/v2\/comments?post=1573"}],"version-history":[{"count":0,"href":"https:\/\/blogg.ngn.nu\/index.php\/wp-json\/wp\/v2\/posts\/1573\/revisions"}],"wp:attachment":[{"href":"https:\/\/blogg.ngn.nu\/index.php\/wp-json\/wp\/v2\/media?parent=1573"}],"wp:term":[{"taxonomy":"category","embeddable":true,"href":"https:\/\/blogg.ngn.nu\/index.php\/wp-json\/wp\/v2\/categories?post=1573"},{"taxonomy":"post_tag","embeddable":true,"href":"https:\/\/blogg.ngn.nu\/index.php\/wp-json\/wp\/v2\/tags?post=1573"}],"curies":[{"name":"wp","href":"https:\/\/api.w.org\/{rel}","templated":true}]}}