{"id":1508,"date":"2005-06-07T06:59:26","date_gmt":"2005-06-07T05:59:26","guid":{"rendered":"http:\/\/blogg.ngn.nu\/index.php\/2005\/06\/07\/allmant-4\/"},"modified":"2011-01-17T10:32:46","modified_gmt":"2011-01-17T09:32:46","slug":"allmant-4","status":"publish","type":"post","link":"https:\/\/blogg.ngn.nu\/index.php\/2005\/06\/07\/allmant-4\/","title":{"rendered":"Allm\u00e4nt"},"content":{"rendered":"<p>Jaha d\u00e5 har man tillsammans med sonen grattat hustrun p\u00e5 hennes f\u00f6delsedag.<br \/>\nOch  nu har hon cyklat till jobbet. Hunden \u00e4r rastad. Kl 12.00 skall jag  tr\u00e4ffa mina arbetskamrater och \u00e4ta lunch. Klockan 14.00 skall bilen  l\u00e4mnas in f\u00f6r en unders\u00f6kning om vad det kan vara f\u00f6r fel p\u00e5  ABS-systemet. 19.00 skall jag hj\u00e4lpa till med v\u00e4rdskapet f\u00f6r  Friskis&amp;Svettis.<br \/>\nIdag ska det ocks\u00e5 arbetas med v\u00e5ra balkonger och loftg\u00e5ngar. Vi ska  f\u00e5 nya r\u00e4cken och s\u00e5 ska l\u00f6s betong bearbetas bort. Sedan p\u00e5 med nytt  och d\u00e4refter m\u00e5lning.<br \/>\nTur att vi \u00e5ker p\u00e5 semester till helgen. Vi ska \u00e5ka till Svinesund och titta p\u00e5 n\u00e4r det springs \u00f6ver broarna.  Framf\u00f6rallt \u00e4r det v\u00e5ra v\u00e4nner Siv&amp;Sune vi ska titta p\u00e5.<br \/>\nVi \u00e5ker sedan till Str\u00f6mstad och tar f\u00e4rjan \u00f6ver till Sandefjord och  sm\u00f6rjer kr\u00e5set. Sedan blir det ett par dar i Norge f\u00f6r v\u00e5r del.<br \/>\nV\u00e5ra kamrater flyger till Milano.<\/p>\n","protected":false},"excerpt":{"rendered":"<p>Jaha d\u00e5 har man tillsammans med sonen grattat hustrun p\u00e5 hennes f\u00f6delsedag. Och nu har hon cyklat till jobbet. Hunden \u00e4r rastad. Kl 12.00 skall jag tr\u00e4ffa mina arbetskamrater och \u00e4ta lunch. Klockan 14.00 skall bilen l\u00e4mnas in f\u00f6r en &hellip; <a href=\"https:\/\/blogg.ngn.nu\/index.php\/2005\/06\/07\/allmant-4\/\">Forts\u00e4tt l\u00e4sa <span class=\"meta-nav\">&rarr;<\/span><\/a><\/p>\n","protected":false},"author":1,"featured_media":0,"comment_status":"open","ping_status":"closed","sticky":false,"template":"","format":"standard","meta":{"footnotes":""},"categories":[347,338,813],"tags":[489,768,834],"class_list":["post-1508","post","type-post","status-publish","format-standard","hentry","category-bemarkelsedag","category-djur","category-overfort-fran-ngnblogganu","tag-friskis-o-svettis","tag-hund","tag-hustrun"],"_links":{"self":[{"href":"https:\/\/blogg.ngn.nu\/index.php\/wp-json\/wp\/v2\/posts\/1508","targetHints":{"allow":["GET"]}}],"collection":[{"href":"https:\/\/blogg.ngn.nu\/index.php\/wp-json\/wp\/v2\/posts"}],"about":[{"href":"https:\/\/blogg.ngn.nu\/index.php\/wp-json\/wp\/v2\/types\/post"}],"author":[{"embeddable":true,"href":"https:\/\/blogg.ngn.nu\/index.php\/wp-json\/wp\/v2\/users\/1"}],"replies":[{"embeddable":true,"href":"https:\/\/blogg.ngn.nu\/index.php\/wp-json\/wp\/v2\/comments?post=1508"}],"version-history":[{"count":0,"href":"https:\/\/blogg.ngn.nu\/index.php\/wp-json\/wp\/v2\/posts\/1508\/revisions"}],"wp:attachment":[{"href":"https:\/\/blogg.ngn.nu\/index.php\/wp-json\/wp\/v2\/media?parent=1508"}],"wp:term":[{"taxonomy":"category","embeddable":true,"href":"https:\/\/blogg.ngn.nu\/index.php\/wp-json\/wp\/v2\/categories?post=1508"},{"taxonomy":"post_tag","embeddable":true,"href":"https:\/\/blogg.ngn.nu\/index.php\/wp-json\/wp\/v2\/tags?post=1508"}],"curies":[{"name":"wp","href":"https:\/\/api.w.org\/{rel}","templated":true}]}}