{"id":148,"date":"2008-02-25T21:23:55","date_gmt":"2008-02-25T20:23:55","guid":{"rendered":"http:\/\/blogg.ngn.nu\/index.php\/2008\/02\/25\/mandag-seg-borjan-annu-segare-slut\/"},"modified":"2008-05-08T07:55:52","modified_gmt":"2008-05-08T06:55:52","slug":"mandag-seg-borjan-annu-segare-slut","status":"publish","type":"post","link":"https:\/\/blogg.ngn.nu\/index.php\/2008\/02\/25\/mandag-seg-borjan-annu-segare-slut\/","title":{"rendered":"M\u00e5ndag. Seg b\u00f6rjan, \u00e4nnu segare slut."},"content":{"rendered":"<p><strong>Besv\u00e4rsl\u00e4get<\/strong><br \/>\nIdag blev det lite nerv\u00f6st n\u00e4r jag vaknade. V\u00e4nsterarmen fungerade bara liksom halvv\u00e4gs, och till ca 75%. Det tog ca 5 minuter innan jag fick ig\u00e5ng den. Antagligen hade jag legat lite konstigt p\u00e5 den, kanske? Men det var n\u00e5got m\u00e4rkligt. Normalt n\u00e4r man har legat p\u00e5 kroppsdelar s\u00e5 k\u00e4nns ju det, i alla fall f\u00f6r mig. Det k\u00e4nns att den \u00e4r borta.<\/p>\n<p>Det gjorde det inte nu, f\u00f6r mig. Utan det var f\u00f6rst n\u00e4r jag l\u00e5g p\u00e5 rygg och skulle lyfta upp handen \/ armen f\u00f6r att klia mig i huvudet och uppt\u00e4ckte att det inte gick. S\u00e5 jag fick ju klia mig med h\u00f6gern, i st\u00e4llet. Ja, sedan kom ju v\u00e4nstern ig\u00e5ng.<\/p>\n<p>Annars har det sm\u00e5v\u00e4rkt (mest i h\u00f6gerarmen) lite mer \u00e4n vanligt hela dagen idag. Men inget alarmerande. Och nu p\u00e5 kv\u00e4llen \u00e4r det lite si och s\u00e5 med kraften. Musklerna \u00e4r slut. Var p\u00e5 jympa och d\u00e4r f\u00f6rsvann de krafter som fanns.<\/p>\n<p><strong>V\u00e4rkstaden<\/strong><br \/>\nUppt\u00e4ckte den idag. S\u00e5 nu \u00e4r jag kursdeltagare d\u00e4r. Massor att l\u00e4ra. URL: <a href=\"http:\/\/www.varkstaden.se\/\" target=\"_blank\">http:\/\/www.varkstaden.se\/<\/a>. Och s\u00e5 vill jag ju forts\u00e4tta att tacka &#8217;kaktusblomman&#8217; f\u00f6r den h\u00e4r id\u00e9n, med v\u00e4rkstad och att det finns m\u00e5nga och att man kan starta en, vi f\u00e5r se. Det f\u00e5r ju inte vara jobbigt.<\/p>\n<p>Jag har i alla fall b\u00f6rjat en gratiskurs p\u00e5 ovanst\u00e5ende &#8217;sajt&#8217;. Den \u00e4r &#8217;kopplad&#8217; till Lunds Universitet och det \u00e4r en Professor (och l\u00e4kare) Gunilla Brattberg som st\u00e5r som liksom ansvarig f\u00f6r det hela. Verkar v\u00e4ldigt proffsigt.<\/p>\n<p><strong>Bloggutveckling<\/strong><br \/>\nFixade lite under g\u00e5rdagen med n\u00e5gra sm\u00e5detaljer h\u00e4r p\u00e5 bloggen som sm\u00e5irriterat mig. Datum och tiden till h\u00f6ger om inl\u00e4ggets rubrik h\u00e4r, \u00e4r nu s.k. h\u00f6gerjusterad. Det var den inte tidigare. D\u00e5 kom den liksom direkt efter inl\u00e4ggets rubrik. Jag tycker det blev lite mer stilsnyggt s\u00e5 h\u00e4r. Ja, kanske inte just f\u00f6r den h\u00e4r rubriken&#8230;<\/p>\n<p>Och s\u00e5 gjorde jag en annan pytte\u00e4ndring som ocks\u00e5 har med inl\u00e4ggets rubrik att g\u00f6ra. Numer b\u00f6rjar sj\u00e4lva inl\u00e4ggstexten en lite lagom bit ned. Ocks\u00e5 lite stiligare. Tycker jag.<\/p>\n<p><strong>\u00d6verby<\/strong><br \/>\nKallas ju v\u00e5rt lokala kommersialismcentrum. Mellan V\u00e4nersborg och Trollh\u00e4ttan. Som en parantes kan jag ju n\u00e4mna att det finns planer p\u00e5 att g\u00f6ra detta \u00d6verby till Sveriges st\u00f6rsta k\u00f6pcentrum. Att fundera p\u00e5: &#8221;Varf\u00f6r d\u00e5?&#8221;, f\u00e5r bli en annan diskussion.<\/p>\n<p>Jag var d\u00e4r f\u00f6r att \u00e4ta hamburgare och g\u00e5 och dregla lite \u00f6ver nya h\u00e4ftiga datorer som jag inte har r\u00e5d med. Undrar av vilken anledning man uts\u00e4tter sig f\u00f6r s\u00e5dant? Frivilligt?<\/p>\n<p><strong>Jobbbes\u00f6k<\/strong><br \/>\nEfter kolhydratsuppladdning och inmundigande av oproportionerliga m\u00e4ngder h\u00e4rdade fetter. \u00c5kte jag till min arbetsplast. Jag skulle l\u00e4mna pengar till en av mina arbetskamrater. Jag hittade tv\u00e5 av dem sittandes framf\u00f6r datorerna fullt (vinter)p\u00e5kl\u00e4dda och det i ett normaltempererat rum.<\/p>\n<p>Det s\u00e5g ju lite lustigt ut. De var p\u00e5 v\u00e4g till medarbetare B, nr 5. Denne var drabbad av yrsel och hade hundar som beh\u00f6vdes passas. Och medarbetare M, nr 6 och I, nr 10 hade best\u00e4mt sig f\u00f6r att vara bussiga. Och s\u00e5 hade d\u00e5 telefonerna ringt&#8230;<\/p>\n<p>Och s\u00e5 kom d\u00e5 jag, f.d. medarbetare nr 1 (men jag har kvar tj\u00e4nsten). Numreringen tar h\u00e4nsyn till vem som har tj\u00e4nstgjort l\u00e4ngst inom det vi nu kallar OFIT (OmsorgsF\u00f6rvaltningens IT) och n\u00e4r i ordningen man anst\u00e4lldes.<\/p>\n<p>Skitviktiga grejer. H\u00e4r \u00e4r hela kronologin:<br \/>\nF\u00f6r att det ska bli korrekt s\u00e5 \u00e4r cheferna medtagna. De har \/ hade ju trots allt det formella IT-ansvaret (\u00e4ven om det var jag som hade det reella :me: ).<\/p>\n<p>Jag, N, var nr 1. Sedan kom S nr 2 med chef K nr 3. Sedan byttes det till chef L nr 4. Sedan anst\u00e4lldes medarbetare B nr 5 och ett tag d\u00e4refter anst\u00e4lldes medarbetare M nr 6.<br \/>\nNr 2 gick i pension (lite delvis). Chef L (nr 4) &#8221;f\u00f6rsvann&#8221;?<br \/>\nJag, nr 1, \u00e5kte ovilligt p\u00e5 den uppgiften ett kort tag, att vara chef. Sedan kom chef B, nr 7. Jag nr 1 blev sjuk. Efter ett tag anst\u00e4lldes en vikarie P, nr 8, som senare fastanst\u00e4lldes.<\/p>\n<p>N\u00e4r jag (nr 1) kom tillbaka, fr\u00e5n min andra sjukperiod s\u00e5 slutade chef B (nr 5). Chef E , nr 9 anst\u00e4lldes och min f.d. vikarie och d\u00e4refter medarbetare P (nr 8) slutade. H\u00e4r hann nu medarbetare I, nr 10, anst\u00e4llas, efter m\u00e5nga om och men. Och nu har chef E (nr 9) ocks\u00e5 slutat. Enligt ett ryckte s\u00e5 hade jag (nr 1) \u00e5kt p\u00e5 chefskapet igen, om jag inte hamnat i min tredje sjukperiod. Fram tills ny chef anst\u00e4llts. Rekrytering p\u00e5g\u00e5r &#8211; har jag h\u00f6rt. Nuvarande chef \u00e4r tydligen f\u00f6rvaltningschefen, har jag h\u00f6rt. R\u00e4tt \u00e5t han (varf\u00f6r f\u00e5r ni aldrig veta&#8230;)<\/p>\n<p>Och vi \u00e4r i dagsl\u00e4get nu d\u00e5 allts\u00e5 4 st, mig inber\u00e4knad.<\/p>\n<p>Ska ocks\u00e5 till\u00e4gga att det fanns IT-ansvariga p\u00e5 f\u00f6rvaltningen, f\u00f6re mig. Men eftersom jag \u00e4r i universums mitt, \u00e4r jag ju nr 1, och dessutom \u00e4r den som tidigare var nr 1, nu d\u00f6d (frid \u00f6ver hans minne. Han var min chef under en annan befattning, under en annan tid).<\/p>\n<p>I samband med jobb ska jag ocks\u00e5 n\u00e4mna att jag nu p\u00e5 kv\u00e4llen, efter jympan, var hem till min f.d. chef E (nr 9). Jag hade gl\u00f6mt en bok i deras bil. Jag blev ju hemk\u00f6rd i torsdags. F\u00f6re den kv\u00e4llens festligheter var jag in till biblioteket och l\u00e5nade en sp\u00e4nnande bok om PHP. Nu har jag h\u00e4mtat den, hemma hos f.d. chefen. Jag gl\u00f6msk? Inte d\u00e5.<\/p>\n<p><strong>Mor&amp;Far<\/strong><br \/>\nDet visade sig vara f\u00f6renligt med viss &#8217;fara&#8217; att bes\u00f6ka mor och far idag. Far var p\u00e5 hugget. En trilskande videobandspelare (av mig nu f\u00f6rklarad som allvarligt sjuk, inre skador) och en trasig taklampa, sedan ans\u00e5g jag att det var dags att \u00e5ka hem :me:<\/p>\n<hr \/>\n<p><small>Andra Bloggar om: <a href=\"http:\/\/bloggar.se\/om\/besv\u00e4r\" rel=\"tag\" target=\"_blank\">Besv\u00e4r<\/a>, <a href=\"http:\/\/bloggar.se\/om\/v\u00e4rk\" rel=\"tag\" target=\"_blank\">V\u00e4rk<\/a>, <a href=\"http:\/\/bloggar.se\/om\/bloggutveckling\" rel=\"tag\" target=\"_blank\">Bloggutveckling<\/a>, <a href=\"http:\/\/bloggar.se\/om\/Kommersialism\" rel=\"tag\" target=\"_blank\">Kommersialism<\/a>, <a href=\"http:\/\/bloggar.se\/om\/f\u00f6r\u00e4ldrar\" rel=\"tag\" target=\"_blank\">F\u00f6r\u00e4ldrar<\/a><\/small><\/p>\n<hr \/>\n","protected":false},"excerpt":{"rendered":"<p>Besv\u00e4rsl\u00e4get Idag blev det lite nerv\u00f6st n\u00e4r jag vaknade. V\u00e4nsterarmen fungerade bara liksom halvv\u00e4gs, och till ca 75%. Det tog ca 5 minuter innan jag fick ig\u00e5ng den. Antagligen hade jag legat lite konstigt p\u00e5 den, kanske? Men det var &hellip; <a href=\"https:\/\/blogg.ngn.nu\/index.php\/2008\/02\/25\/mandag-seg-borjan-annu-segare-slut\/\">Forts\u00e4tt l\u00e4sa <span class=\"meta-nav\">&rarr;<\/span><\/a><\/p>\n","protected":false},"author":1,"featured_media":0,"comment_status":"open","ping_status":"closed","sticky":false,"template":"","format":"standard","meta":{"footnotes":""},"categories":[899,100,273,304,4],"tags":[203,305,303],"class_list":["post-148","post","type-post","status-publish","format-standard","hentry","category-bloggutv","category-css","category-jobb","category-kommersialism","category-vardag","tag-besvarslage","tag-familj","tag-varkstad"],"_links":{"self":[{"href":"https:\/\/blogg.ngn.nu\/index.php\/wp-json\/wp\/v2\/posts\/148","targetHints":{"allow":["GET"]}}],"collection":[{"href":"https:\/\/blogg.ngn.nu\/index.php\/wp-json\/wp\/v2\/posts"}],"about":[{"href":"https:\/\/blogg.ngn.nu\/index.php\/wp-json\/wp\/v2\/types\/post"}],"author":[{"embeddable":true,"href":"https:\/\/blogg.ngn.nu\/index.php\/wp-json\/wp\/v2\/users\/1"}],"replies":[{"embeddable":true,"href":"https:\/\/blogg.ngn.nu\/index.php\/wp-json\/wp\/v2\/comments?post=148"}],"version-history":[{"count":0,"href":"https:\/\/blogg.ngn.nu\/index.php\/wp-json\/wp\/v2\/posts\/148\/revisions"}],"wp:attachment":[{"href":"https:\/\/blogg.ngn.nu\/index.php\/wp-json\/wp\/v2\/media?parent=148"}],"wp:term":[{"taxonomy":"category","embeddable":true,"href":"https:\/\/blogg.ngn.nu\/index.php\/wp-json\/wp\/v2\/categories?post=148"},{"taxonomy":"post_tag","embeddable":true,"href":"https:\/\/blogg.ngn.nu\/index.php\/wp-json\/wp\/v2\/tags?post=148"}],"curies":[{"name":"wp","href":"https:\/\/api.w.org\/{rel}","templated":true}]}}