{"id":14520,"date":"2022-11-20T23:02:57","date_gmt":"2022-11-20T21:02:57","guid":{"rendered":"https:\/\/blogg.ngn.nu\/?p=14520"},"modified":"2022-11-20T23:02:57","modified_gmt":"2022-11-20T21:02:57","slug":"sondag-ovadersinnedag","status":"publish","type":"post","link":"https:\/\/blogg.ngn.nu\/index.php\/2022\/11\/20\/sondag-ovadersinnedag\/","title":{"rendered":"S\u00f6ndag &#8211; Ov\u00e4dersInnedag"},"content":{"rendered":"<p><span style=\"font-size: 10px;\"> [not: publicerade: <a href=\"https:\/\/blogg.ngn.nu\/index.php\/2022\/11\/03\/torsdag-dag-14-av-23-ballena\/\" target=\"_blank\" rel=\"noopener\">221103<\/a>, <a href=\"https:\/\/blogg.ngn.nu\/index.php\/2022\/11\/04\/fredag-dag-15-av-23-rota\/\" target=\"_blank\" rel=\"noopener\">221104<\/a>]<\/span><\/p>\n<p><b>Vila<\/b><br \/>\nLade mig att vila i ca 60 minuter, efter frukosten&#8230; (ca 50 min mer \u00e4n vad jag t\u00e4nkt&#8230;).<\/p>\n<p><b>V\u00e4der<\/b><br \/>\nDet sn\u00f6ar.<br \/>\nDet sn\u00f6ar \u00e4nnu mer&#8230; uppe i ca 1dm nu.<br \/>\nV\u00e4grar g\u00e5 ut&#8230;<br \/>\nMen jag misst\u00e4nker att det kommer att f\u00f6rsvinna ganska fort. Marken har plusgrader. Luften \u00e4r just nu 0\u00b0C.<br \/>\nDet skulle kr\u00e4vas en hel del minusgrader f\u00f6r att f\u00e5 den h\u00e4r sn\u00f6n att \u00f6verleva natten &#8211; vi f\u00e5r se&#8230;<\/p>\n<p><b>Dokumentation<\/b><br \/>\nG\u00f6r det jag orkar med&#8230;<\/p>\n<p><b>Film<\/b><br \/>\nTittade p\u00e5: The Heat (2013). Sandra Bullock &amp; Melissa McCarthy<\/p>\n","protected":false},"excerpt":{"rendered":"<p>[not: publicerade: 221103, 221104] Vila Lade mig att vila i ca 60 minuter, efter frukosten&#8230; (ca 50 min mer \u00e4n vad jag t\u00e4nkt&#8230;). V\u00e4der Det sn\u00f6ar. Det sn\u00f6ar \u00e4nnu mer&#8230; uppe i ca 1dm nu. V\u00e4grar g\u00e5 ut&#8230; Men jag &hellip; <a href=\"https:\/\/blogg.ngn.nu\/index.php\/2022\/11\/20\/sondag-ovadersinnedag\/\">Forts\u00e4tt l\u00e4sa <span class=\"meta-nav\">&rarr;<\/span><\/a><\/p>\n","protected":false},"author":1,"featured_media":0,"comment_status":"open","ping_status":"closed","sticky":false,"template":"","format":"standard","meta":{"footnotes":""},"categories":[449,448,332],"tags":[1001,215],"class_list":["post-14520","post","type-post","status-publish","format-standard","hentry","category-film","category-halsa","category-vader","tag-publicerat-aldre-inlagg","tag-vila"],"_links":{"self":[{"href":"https:\/\/blogg.ngn.nu\/index.php\/wp-json\/wp\/v2\/posts\/14520","targetHints":{"allow":["GET"]}}],"collection":[{"href":"https:\/\/blogg.ngn.nu\/index.php\/wp-json\/wp\/v2\/posts"}],"about":[{"href":"https:\/\/blogg.ngn.nu\/index.php\/wp-json\/wp\/v2\/types\/post"}],"author":[{"embeddable":true,"href":"https:\/\/blogg.ngn.nu\/index.php\/wp-json\/wp\/v2\/users\/1"}],"replies":[{"embeddable":true,"href":"https:\/\/blogg.ngn.nu\/index.php\/wp-json\/wp\/v2\/comments?post=14520"}],"version-history":[{"count":1,"href":"https:\/\/blogg.ngn.nu\/index.php\/wp-json\/wp\/v2\/posts\/14520\/revisions"}],"predecessor-version":[{"id":14521,"href":"https:\/\/blogg.ngn.nu\/index.php\/wp-json\/wp\/v2\/posts\/14520\/revisions\/14521"}],"wp:attachment":[{"href":"https:\/\/blogg.ngn.nu\/index.php\/wp-json\/wp\/v2\/media?parent=14520"}],"wp:term":[{"taxonomy":"category","embeddable":true,"href":"https:\/\/blogg.ngn.nu\/index.php\/wp-json\/wp\/v2\/categories?post=14520"},{"taxonomy":"post_tag","embeddable":true,"href":"https:\/\/blogg.ngn.nu\/index.php\/wp-json\/wp\/v2\/tags?post=14520"}],"curies":[{"name":"wp","href":"https:\/\/api.w.org\/{rel}","templated":true}]}}