{"id":14365,"date":"2022-05-11T22:51:43","date_gmt":"2022-05-11T20:51:43","guid":{"rendered":"https:\/\/blogg.ngn.nu\/?p=14365"},"modified":"2022-05-12T16:14:10","modified_gmt":"2022-05-12T14:14:10","slug":"onsdag-kanner-mig-nastan-pigg","status":"publish","type":"post","link":"https:\/\/blogg.ngn.nu\/index.php\/2022\/05\/11\/onsdag-kanner-mig-nastan-pigg\/","title":{"rendered":"Onsdag &#8211; K\u00e4nner mig n\u00e4stan pigg&#8230; ?"},"content":{"rendered":"<p><span style=\"font-size: 10px;\">[not: publicerade: <a href=\"https:\/\/blogg.ngn.nu\/index.php\/2022\/05\/07\/lordag-hyfsat-pigg-dag-som-dalade-mot-slutet\/\" target=\"_blank\" rel=\"noopener\">220607<\/a>, <a href=\"https:\/\/blogg.ngn.nu\/index.php\/2022\/05\/08\/sondag-en-hyfsat-bra-dag\/\" target=\"_blank\" rel=\"noopener\">220608<\/a>, <a href=\"https:\/\/blogg.ngn.nu\/index.php\/2022\/05\/09\/mandag-tja-dagen-som-forsvann\/\" target=\"_blank\" rel=\"noopener\">220609<\/a> &amp; <a href=\"https:\/\/blogg.ngn.nu\/index.php\/2022\/05\/10\/tisdag-idag-var-det-mer-aktivitet-d\/\" target=\"_blank\" rel=\"noopener\">220610<\/a>]<\/span><br \/>\n<span style=\"font-size: 10px;\">[not: skriver detta den 11\/5-22]<\/span><\/p>\n<p><b>Natten<\/b><br \/>\nHelt OK. N\u00e4stan normal \ud83d\ude42<\/p>\n<p><strong>VeckoM\u00e4tning<\/strong><br \/>\n<b>Vikt<\/b>:<br \/>\n<b>G.a v\u00e5gen<\/b>: 98,7 kg &gt; 96,6 &gt; -2,2 kg \u2193 \ud83d\ude42<br \/>\n<b>Nya v\u00e5gen<\/b>: 99,0 kg &gt; 97,5 kg &gt; -1,5 kg\u00a0 \u2193 \ud83d\ude42<br \/>\n<b> Midjem\u00e5tt<\/b>: 115 cm &gt; 115 cm \u00b10 cm \u2190\u2192 \ud83d\ude10<br \/>\nUndrar n\u00e4r magen blir mindre \u2753<\/p>\n<p><b>Sjukl\u00e4get (sannolik COVID)<\/b><br \/>\nRasslar lite i halsen. N\u00e5got lite torrhosta.<\/p>\n<p><b>LEGO<\/b><br \/>\nIdag \u00f6ppnade jag en fj\u00e4rde p\u00e5se med minifigurer&#x2122; med temat Mupparna.<br \/>\nOch det blev: The Swedish Chef (71033-11):<br \/>\n<a href=\"http:\/\/ngn.nu\/Pict\/2022\/220511-DSC00757_LEGO-Minifigur-Mupparna-The_Swedish_Chef(71033-11)-Delarna.JPG\" target=\"_blank\" rel=\"noopener\"><img loading=\"lazy\" decoding=\"async\" title=\"Delarna till The Swedish Chef (71033-11)\" src=\"http:\/\/ngn.nu\/Pict\/2022\/220511-DSC00757_LEGO-Minifigur-Mupparna-The_Swedish_Chef(71033-11)-Delarna.JPG\" alt=\"[Bild: Delarna till The Swedish Chef (71033-11)]\" width=\"350\" height=\"586\" border=\"0\" \/><\/a><br \/>\nDelarna<br \/>\n<a href=\"http:\/\/ngn.nu\/Pict\/2022\/220511-DSC00757_LEGO-Minifigur-Mupparna-The_Swedish_Chef(71033-11)-Bild.JPG\" target=\"_blank\" rel=\"noopener\"><img loading=\"lazy\" decoding=\"async\" title=\"Delarna till The Swedish Chef (71033-11)\" src=\"http:\/\/ngn.nu\/Pict\/2022\/220511-DSC00757_LEGO-Minifigur-Mupparna-The_Swedish_Chef(71033-11)-Bild.JPG\" alt=\"[Bild: Delarna till The Swedish Chef (71033-11)]\" width=\"350\" height=\"500\" border=\"0\" \/><\/a><br \/>\nBild<br \/>\n<a href=\"http:\/\/ngn.nu\/Pict\/2022\/220511-DSC00758_LEGO-Minifigur-Mupparna-The_Swedish_Chef(71033-11)-Klar.JPG\" target=\"_blank\" rel=\"noopener\"><img loading=\"lazy\" decoding=\"async\" title=\"The Swedish Chef (71033-11)\" src=\"http:\/\/ngn.nu\/Pict\/2022\/220511-DSC00758_LEGO-Minifigur-Mupparna-The_Swedish_Chef(71033-11)-Klar.JPG\" alt=\"[Bild: The Swedish Chef (71033-11)]\" width=\"350\" height=\"568\" border=\"0\" \/><\/a><br \/>\nKlar och monterad p\u00e5 den vita basplattan i SANNAHED (IKEA).<br \/>\nMen f\u00f6rst fick jag fixa fram en &#8217;h\u00e5llare&#8217; till den extra vispen det blev en:<br \/>\n&#8217;Platta special&#8217; svart 60897 1&#215;1 med vertikal h\u00e5llare.<br \/>\nSatte den till h\u00f6ger om det Svenske Kocken.<\/p>\n<p><b>St\u00e4dning<\/b><br \/>\nNu ska handfat och toa st\u00e4das.<br \/>\nKlart &#8211; phuu!<\/p>\n<p><b> LED-belysning<\/b><br \/>\nTill mina &#8217;tavlor&#8217; med minifigurer.<\/p>\n<p>Jag vill ha n\u00e5got v\u00e4ldigt enkelt som lyser p\u00e5 tre sidor (in\u00e5t) med varmvitt ljus &#8211; hur sv\u00e5rt kan det vara?<\/p>\n<p><b>Tavla<\/b><br \/>\nExperimenterar med belysning p\u00e5 tavlan med minifigurer:<br \/>\n<a href=\"http:\/\/ngn.nu\/Pict\/2022\/220511-DSC00759-SANNHED-Mupparna-och-NAEVLINGE-oeversikt.JPG\" target=\"_blank\" rel=\"noopener\"><img loading=\"lazy\" decoding=\"async\" title=\"SANNAHED &amp; N\u00c4VLINGE\" src=\"http:\/\/ngn.nu\/Pict\/2022\/220511-DSC00759-SANNHED-Mupparna-och-NAEVLINGE-oeversikt.JPG\" alt=\"[Bild: SANNAHED &amp; N\u00c4VLINGE]\" width=\"350\" height=\"280\" border=\"0\" \/><\/a><br \/>\nN\u00e4r jag \u00e4r &#8217;f\u00e4rdig&#8217; s\u00e5 ska tavlan sitta p\u00e5 v\u00e4ggen i min h\u00f6rna och lampan ska kl\u00e4mmas fast i en hylla ovanf\u00f6r och lysa upp tavlan \ud83d\ude00<br \/>\n<a href=\"http:\/\/ngn.nu\/Pict\/2022\/220511-DSC00760-SANNHED-Mupparna-och-NAEVLINGE.JPG\" target=\"_blank\" rel=\"noopener\"><img loading=\"lazy\" decoding=\"async\" title=\"SANNAHED &amp; N\u00c4VLINGE\" src=\"http:\/\/ngn.nu\/Pict\/2022\/220511-DSC00760-SANNHED-Mupparna-och-NAEVLINGE.JPG\" alt=\"[Bild: SANNAHED &amp; N\u00c4VLINGE]\" width=\"350\" height=\"358\" border=\"0\" \/><\/a><br \/>\nAtt det ser smolkigt ut beror p\u00e5 att jag har kvar skyddsfilmerna s\u00e5 l\u00e4nge som m\u00f6jligt.<\/p>\n<p>Den Svensk kocken har f\u00e5tt sin plats, nr 11.<\/p>\n<p><b>Aleris<\/b><br \/>\nVar ju hos dem den 7\/3-22 idag kom bilderna (p\u00e5 CD) efter p\u00e5st\u00f6tning.<br \/>\nH\u00e5ller med min ryggdoktor det ser bra ut &#8211; s\u00e5 bra som det kan vara:<br \/>\n<a href=\"http:\/\/ngn.nu\/Pict\/2022\/220511-IMG-0001-00001-4st-Skruvar-2st-Stag-L4-L5.jpg\" target=\"_blank\" rel=\"noopener\"><img loading=\"lazy\" decoding=\"async\" title=\"SANNAHED &amp; N\u00c4VLINGE\" src=\"http:\/\/ngn.nu\/Pict\/2022\/220511-IMG-0001-00001-4st-Skruvar-2st-Stag-L4-L5.jpg\" alt=\"[Bild: SANNAHED &amp; N\u00c4VLINGE]\" width=\"340\" height=\"127\" border=\"0\" \/><\/a><br \/>\n<b>B<\/b> = B\u00e4ckenbenskammarna.<br \/>\n4st Skruvar<br \/>\n2st stag<br \/>\nDe h\u00e5ller ihop L4-L5.<\/p>\n<p><b>Reflektioner<a name=\"Reflektioner\"><\/a><\/b><br \/>\nI huvudsak 2st.<br \/>\nEn om hur pakethanteringens transporter planeras och en om sjukv\u00e5rdens logistik om transporter av patienter. (bl.a.)<br \/>\n1. Paket<br \/>\nFinns det ingen lag \/ regel \/ f\u00f6rordning eller liknande som kan styra upp alla paketleveranser?<br \/>\nTa PostNord t.ex.<br \/>\nDe kan k\u00f6ra ett paket till &#8217;fel&#8217; paketutl\u00e4mningsst\u00e4lle (Trollh\u00e4ttan).<br \/>\nI st\u00e4llet f\u00f6r att ta med paketet igen s\u00e5 l\u00e4mnar de kvar det i Trollh\u00e4ttan &#8211; fast\u00e4n n\u00e4sta station \u00e4r V\u00e4nersborg (dit det ska).<br \/>\nI st\u00e4llet tar de med paketet ned till G\u00f6teborg, n\u00e4sta dag, fr\u00e5n Trollh\u00e4ttan d\u00e4r det sedan sorteras r\u00e4tt och p\u00e5f\u00f6ljande dag levereras till V\u00e4nersborg.<br \/>\nJust detta exempel lyckades jag f\u00f6rhindra genom att \u00e5ka till Trollh\u00e4ttan och fick d\u00e4r visa personalen hur man kunde checka in ett paket igen s\u00e5 att jag kunde h\u00e4mta ut det.<\/p>\n<p>Den senaste tiden har jag best\u00e4llt en hel del paket.<\/p>\n<p>Och oftast kan man ju d\u00e5 f\u00f6lja paket eller brevs v\u00e4g. Dessa v\u00e4gar \u00e4r oftast fullst\u00e4ndigt outgrundliga och extremt klimatfientliga.<\/p>\n<p>Av vilken anledning ska jag \u00e5ka till paketutl\u00e4mningsst\u00e4llet och h\u00e4mta ett brev som PostNord levererat och sedan samma dag f\u00e5 paket hem till d\u00f6rren (jag har inte best\u00e4llt hemleverans &#8211; det kommer s\u00e5 \u00e4nd\u00e5.)<br \/>\nDessutom kan dessa paket \/ brev komma fr\u00e5n samma f\u00f6retag (koncern).<\/p>\n<p>Men, f\u00f6r MILJ\u00d6NS skull ska det v\u00e4l g\u00e5 att f\u00e5 b\u00e4ttre logistik p\u00e5 det h\u00e4r -eller?<\/p>\n<p>2. Patientresor<br \/>\nAv vilken anledning \u00e5ker flera tusen patienter till en doktor (specialist) 10-tals mil bort n\u00e4r det oftast finns en hemma i sta&#8217;n? Typ.<br \/>\nJag vet &#8211; svaret heter resursbrist.<br \/>\nTror det har sett ut s\u00e5 nu i ca &#8230; \/ eller sedan den 20\/1-1988 (N\u00c4L byggdes).<br \/>\nOch \u00e4nnu v\u00e4rre blev det med patienttransporter 1996 n\u00e4r NU-sjukv\u00e5rden bildades.<br \/>\nD\u00e4refter har det bara blivit v\u00e4rre. Idag tror jag att det \u00e4r fler patienter som \u00e5ker fr\u00e5n Trollh\u00e4ttan \/ V\u00e4nersborg till G\u00f6teborg \u00e4n mellan Trollh\u00e4ttan och Uddevalla.<\/p>\n<p>Inget av det h\u00e4r resandet \u00e4r speciellt klimatsmart.<\/p>\n<p>Det h\u00e4r har jag g\u00e5tt och funderat p\u00e5 intensivt i tv\u00e5 dagar nu &#8211; vad jag ska skriva &#8211; och hur.<br \/>\nInnan &#8217;nu&#8217; har jag funderat p\u00e5 detta v\u00e4ldigt mycket sedan 2001 (det \u00e5ret jag fick tv\u00e5 diskbr\u00e5ck i nacken) som tack vare en idiot till \u00f6verl\u00e4kare (Han ans\u00e5g att mina besv\u00e4r var psykiska&#8230;) ledde till att diskarna helt f\u00f6rsvann och jag fick helt vansinniga sm\u00e4rtor och sk nervsensationer. (&gt;: D\u00e5 blir man psykiskt sjuk).<br \/>\nOperationen skedde f\u00f6rst 2005 och d\u00e5 fick de specialiserade ryggkirurgerna p\u00e5 Sahlgrenska slita h\u00e5rt.<br \/>\nDen operationsber\u00e4ttelsen kunde lika g\u00e4rna vara skriven av en bilmekaniker, med sv\u00e5righeter.<br \/>\nDet blev bra &#8211; med tv\u00e5 titankilar (som de fick knacka \/ sl\u00e5 in med hammare) och en platta som skruvades fast och stabiliserade tre kotor (C4-C6).<\/p>\n<p>L\u00e4ndryggen b\u00f6rjade sedan kr\u00e5ngla 2007 men jag h\u00f6ll ut (slutade dock att jobba). Hade massor med problem med remisser som f\u00f6rsvann.<br \/>\nDoktorer som inte tog en p\u00e5 allvar etc.<br \/>\n2014 h\u00f6ll det inte l\u00e4ngre det blev en l\u00e4ndryggsoperation och strax efter det fick jag psoriasisartrit.<br \/>\n2016 var det dags f\u00f6r en ny nackoperation. Nu i nedre delen av nacken.<br \/>\n2019 var nedre delen av l\u00e4ndryggen &#8217;heltrasig&#8217;. Nu operation med skruvar och stag (se bild h\u00e4r ovan) som stabiliserade L4-L5.<br \/>\nUnder den rehabiliteringen fick jag diagnosen ME\/CFS<\/p>\n<p>Vid varje operation har de ocks\u00e5 rensat upp d\u00e4r det beh\u00f6vs.<br \/>\nMin grunddiagnos, f\u00f6r ryggen, \u00e4r: Spinal Stenos (benutv\u00e4xter).<\/p>\n<p>De tre senaste operationerna gjordes p\u00e5 Spine Center i G\u00f6teborg.<br \/>\n(De \u00e4r skitduktiga!)<\/p>\n<p>Se det ovan som ett slags f\u00f6rord d\u00e4r massor \u00e4r utl\u00e4mnat.<\/p>\n<p>Po\u00e4ngen \u00e4r att Vi har ortopedi och ryggkirurgi i v\u00e5r sk NU-sjukv\u00e5rd. Uddevalla Sjukhus och N\u00c4L i Trollh\u00e4ttan.<br \/>\nJag bor i V\u00e4nersborg.<br \/>\nMen de har inte tillr\u00e4ckligt med resurser och kompetens.<\/p>\n<p>Reumatologimottagning och behandling har de i Uddevalla men jag f\u00e5r \u00e5ka till Sahlgrenska i G\u00f6teborg.<\/p>\n<p>Beh\u00f6ver jag r\u00f6ntgas (MR, CT eller vanlig RTG) s\u00e5 blir jag remitterad till G\u00f6teborg.<br \/>\nVi har r\u00f6ntgen b\u00e5de p\u00e5 N\u00c4L och Uddevalla.<\/p>\n<p>Strax efter (eller i samband med) att de f\u00f6rst lade ned Sjukhuset i V\u00e4nersborg och sedan i Trollh\u00e4ttan &#8211; nu Swedenborg center &#8211; och d\u00e4refter byggandet av N\u00c4L (eller &#8230;. byggde de N\u00c4L f\u00f6rst&#8230; ?).<br \/>\nT\u00e4tt f\u00f6ljt av att v\u00e5rdcentralerna (prim\u00e4rv\u00e5rden) sk avreglerades &#8211;<br \/>\ns\u00e5 har det blivit n\u00e4st intill om\u00f6jligt att f\u00e5 v\u00e5rd p\u00e5 &#8217;r\u00e4tt plats&#8217;.<\/p>\n<p>Vi har politiker som \u00e4r och detaljstyr i v\u00e5rden. En v\u00e5rd de har 0 (noll) kunskap om.<\/p>\n<p>Administrationen v\u00e4xer.<br \/>\nOch den direkta patientomsorgen krymper.<\/p>\n<p>Vad ska vi med 100 sk kommunikat\u00f6rer till? (administrat\u00f6rer)<\/p>\n<p>Vi hade beh\u00f6vt minst 1000 st v\u00e5rdkoordinatorer som hj\u00e4lpte patienter med flera sjukdomar att f\u00e5 r\u00e4tt v\u00e5rd.<\/p>\n<p>Vi beh\u00f6ver flera 10000-tals fler h\u00e4nder i v\u00e5rden \/ omsorgen &#8211; och d\u00e5 g\u00e4ller det fr\u00e4mst inom den sk slutenv\u00e5rden (specialistv\u00e5rden &#8211; dit man m\u00e5ste ha remiss f\u00f6r att f\u00e5 komma in) men lika stort \u00e4r behovet inom den kommunala omsorgen. Speciellt hemomsorgen och gruppboenden.<\/p>\n<p>Vad g\u00f6r d\u00e5 v\u00e5ra folkvalda politiker med miljarder av skattepengar att f\u00f6rdela?<\/p>\n<p>Jo &#8211; de l\u00e4gger sparbeting p\u00e5 verksamheter som \u00e4r samh\u00e4llskritiska och redan g\u00e5r p\u00e5 kn\u00e4na &#8211; dessa politiker m\u00e5ste vara; blinda och d\u00f6va samt taskigt vaggade (kn\u00e4ppa) och s\u00e5 verkar de vara helt intelligensbefriade samt totalcyniska.<\/p>\n<p>Det h\u00e4r \u00e4r vad som r\u00f6r sig i mitt huvud och som jag f\u00f6rs\u00f6ker bena ut.<\/p>\n<p>Min f\u00f6rest\u00e4llning \u00e4r att vi p\u00e5 60-70 talet hade en mycket mer omfattande sjukv\u00e5rd &#8211; det fanns inga sjukv\u00e5rdsk\u00f6er (vad jag minns) och v\u00e5rden var billigare.<br \/>\nDock &#8211; det ska f\u00f6rtydligas &#8211; vi har idag en mycket, mycket b\u00e4ttre h\u00e4lso- och sjukv\u00e5rd &#8211; \u00e4n d\u00e5 &#8211; f\u00f6r dem som kommer fram till den.<\/p>\n<p>D\u00e4r ramlade jag in p\u00e5 v\u00e5rdk\u00f6erna.<br \/>\nH\u00e4r finns massor med problem men tv\u00e5 (tre) &#8217;saker&#8217; komplicerar det &#8217;lite&#8217;:<br \/>\nDet finns en v\u00e5rdk\u00f6 som best\u00e5r av patienter d\u00e4r en doktor eller sjuksk\u00f6terska tittat p\u00e5 en remiss och bed\u00f6mt att patienten ska f\u00e5 v\u00e5rd, inom v\u00e5rdgarantin (vilket n\u00e4stan utan undantag misslyckas).<\/p>\n<p>MEN! Det finns en k\u00f6 till. Den k\u00f6n best\u00e5r av tv\u00e5 (tre) delar:<br \/>\nDen ena delen \u00e4r de som har f\u00e5tt sin v\u00e5rdcentralsdoktor att skicka in en remiss men d\u00e4r ingen hunnit titta p\u00e5 den \u00e4n (dessa r\u00e4knas inte in i &#8217;v\u00e5rdk\u00f6n&#8217;).<br \/>\nOch s\u00e5 har vi de som \u00e4ven de har en v\u00e5rdcentralsdoktor som skrivit en remiss och skickat in &#8211; men d\u00e4r remissen f\u00f6rsvinner.<br \/>\nAv n\u00e5gon m\u00e4rklig anledning f\u00f6rs ingen statistik p\u00e5 detta.<br \/>\nOch anm\u00e4ler patienten det s\u00e5 kan det oftast inte utredas &#8211; av oklar anledning.<\/p>\n<p>S\u00e5 n\u00e4r jag har m\u00f6jlighet att ge r\u00e5d s\u00e5 s\u00e4ger jag att har du f\u00e5tt en remiss inskickat ring efter en vecka till mottagningen \/ specialisten den skickades till och fr\u00e5ga om din remiss har kommit fram till dem.<\/p>\n<p>Det finns ocks\u00e5 ett tredje alternativ i den h\u00e4r remissr\u00f6ran &#8211; remissen blev aldrig skickad &#8211; av n\u00e5gon f\u00f6r evigt oklar anledning.<\/p>\n<p>Jag \u00e4r f\u00f6r att vi tar tillbaka stadssjukhusen.<br \/>\nDet blir f\u00e4rre v\u00e5rdcentraler som f\u00f6ljd (eller inte?).<br \/>\nSlutenv\u00e5rden avlastat och kan verkligen specialisera sig och dessutom kan ca 75% av administrationen l\u00e4ggas ned.<br \/>\nR\u00e4tta mig j\u00e4tteg\u00e4rna d\u00e4r jag har fel!<\/p>\n","protected":false},"excerpt":{"rendered":"<p>[not: publicerade: 220607, 220608, 220609 &amp; 220610] [not: skriver detta den 11\/5-22] Natten Helt OK. N\u00e4stan normal \ud83d\ude42 VeckoM\u00e4tning Vikt: G.a v\u00e5gen: 98,7 kg &gt; 96,6 &gt; -2,2 kg \u2193 \ud83d\ude42 Nya v\u00e5gen: 99,0 kg &gt; 97,5 kg &gt; -1,5 &hellip; <a href=\"https:\/\/blogg.ngn.nu\/index.php\/2022\/05\/11\/onsdag-kanner-mig-nastan-pigg\/\">Forts\u00e4tt l\u00e4sa <span class=\"meta-nav\">&rarr;<\/span><\/a><\/p>\n","protected":false},"author":1,"featured_media":0,"comment_status":"open","ping_status":"closed","sticky":false,"template":"","format":"standard","meta":{"footnotes":""},"categories":[4],"tags":[],"class_list":["post-14365","post","type-post","status-publish","format-standard","hentry","category-vardag"],"_links":{"self":[{"href":"https:\/\/blogg.ngn.nu\/index.php\/wp-json\/wp\/v2\/posts\/14365","targetHints":{"allow":["GET"]}}],"collection":[{"href":"https:\/\/blogg.ngn.nu\/index.php\/wp-json\/wp\/v2\/posts"}],"about":[{"href":"https:\/\/blogg.ngn.nu\/index.php\/wp-json\/wp\/v2\/types\/post"}],"author":[{"embeddable":true,"href":"https:\/\/blogg.ngn.nu\/index.php\/wp-json\/wp\/v2\/users\/1"}],"replies":[{"embeddable":true,"href":"https:\/\/blogg.ngn.nu\/index.php\/wp-json\/wp\/v2\/comments?post=14365"}],"version-history":[{"count":3,"href":"https:\/\/blogg.ngn.nu\/index.php\/wp-json\/wp\/v2\/posts\/14365\/revisions"}],"predecessor-version":[{"id":14368,"href":"https:\/\/blogg.ngn.nu\/index.php\/wp-json\/wp\/v2\/posts\/14365\/revisions\/14368"}],"wp:attachment":[{"href":"https:\/\/blogg.ngn.nu\/index.php\/wp-json\/wp\/v2\/media?parent=14365"}],"wp:term":[{"taxonomy":"category","embeddable":true,"href":"https:\/\/blogg.ngn.nu\/index.php\/wp-json\/wp\/v2\/categories?post=14365"},{"taxonomy":"post_tag","embeddable":true,"href":"https:\/\/blogg.ngn.nu\/index.php\/wp-json\/wp\/v2\/tags?post=14365"}],"curies":[{"name":"wp","href":"https:\/\/api.w.org\/{rel}","templated":true}]}}