{"id":14320,"date":"2022-04-27T23:59:08","date_gmt":"2022-04-27T21:59:08","guid":{"rendered":"https:\/\/blogg.ngn.nu\/?p=14320"},"modified":"2022-05-04T18:06:16","modified_gmt":"2022-05-04T16:06:16","slug":"onsdag-battre-men-problem-med-natten-sovandet","status":"publish","type":"post","link":"https:\/\/blogg.ngn.nu\/index.php\/2022\/04\/27\/onsdag-battre-men-problem-med-natten-sovandet\/","title":{"rendered":"Onsdag &#8211; B\u00e4ttre men problem med natten (sovandet)"},"content":{"rendered":"<p><span style=\"font-size: 10px;\">[not: publicerad: 220504]<\/span><br \/>\n<span style=\"font-size: 10px;\">[not: skriver detta den 27\/4-22 &amp; 28\/4-22]<\/span><\/p>\n<p><strong>VeckoM\u00e4tning<\/strong><br \/>\n<b>Vikt<\/b>:<br \/>\n<b>G.a v\u00e5gen<\/b>: 98,8 &gt; 99,8 kg &gt; +1 kg \u2191 \ud83d\ude41 \ud83d\ude41<br \/>\n<b>Nya v\u00e5gen<\/b>: 100,1 &gt; 99,5 kg &gt; +0,6 kg \u2191\u00a0 \ud83d\ude41<br \/>\n<b> Midjem\u00e5tt<\/b>: 118 &gt; 115 cm &gt; -3 cm \u2193 \ud83d\ude42<\/p>\n<p><b>Sjukl\u00e4get (sannolik COVID)<\/b><br \/>\nHostandet har h\u00e5llit sig p\u00e5 en uth\u00e4rdlig niv\u00e5.<br \/>\nDock problem med s\u00f6mnen.<br \/>\nVaknade; 02:00, tog p\u00e5 mig jacka, foppatofflor &amp; m\u00f6ssa och gick ut lite p\u00e5 baksidan. Mest f\u00f6r att f\u00e5 slem i lungorna (bronkerna) att lossna.<br \/>\n04:35 k\u00e4nde mig vaken och pigg pratade lite med frugan vid ett toalettm\u00f6te \ud83d\ude09<br \/>\n07:00 Gick upp.<br \/>\nLade mig efter frukost igen.<\/p>\n<p><b>RTG Annedal<\/b><br \/>\nSkickat p\u00e5minnelse om att det \u00e4nnu inte kommit n\u00e5gra bilder p\u00e5 min RTG CT L\u00e4ndrygg som jag var d\u00e4r och tog den 7\/3-22 kl 13:00.<\/p>\n<p><b>Promenad<\/b><br \/>\nEfter att ha laddat en tv\u00e4ttmaskin tog jag en f\u00f6rsiktig promenad runt kvarteret &#8211; givetvis blev det s\u00e4ngl\u00e4ge efter det.<\/p>\n<p><b>Fundering (under en vakenperiod)<\/b><br \/>\nBetyg:<br \/>\nOm t.ex. en friskola ger betyget A, f\u00f6r ett visst \u00e4mne, s\u00e5 inneb\u00e4r det att eleven uppfyller den skolans kunskapskrav f\u00f6r det betyget.<br \/>\nOm en (eller samma&#8230;) elev p\u00e5 en annan skola (kommunal) uppfyller samma kunskapskrav s\u00e5 kanske det bara genererar betyget C.<br \/>\nAnta att betyget C \u00e4r det korrekta. Det inneb\u00e4r att eleven med betyget A tror att den kan betydligt mer \u00e4n vad som kr\u00e4vs f\u00f6r n\u00e4sta skolniv\u00e5. Lurad?<br \/>\nDefinitivt lurad \u00e4r ju eleven fr\u00e5n Friskolan med betyget A som uppt\u00e4cker att den n\u00e4stan saknar h\u00e4lften av kunskaperna och m\u00e5ste ta extrakurser.<\/p>\n<p>\u00c4r friskolor b\u00e4ttre f\u00f6r att de s\u00e4tter h\u00f6gre betyg?<br \/>\n&gt;: Politiker kan ju ju h\u00e4vda att de visar b\u00e4ttre resultat \u00e4n kommunala skolor.<br \/>\n\u00c4r kommunala skolor s\u00e4mre f\u00f6r att de s\u00e4tter &#8217;l\u00e4gre&#8217; betyg?<br \/>\n&gt;: Precis det kan ju politiker h\u00e4vda.<br \/>\n\u00c4r friskolor b\u00e4ttre f\u00f6r att de har f\u00e4rre beh\u00f6riga l\u00e4rare per 100 elever (tror jag)?<br \/>\n&gt;: Politiker kan ju h\u00e4vda att de d\u00e5 visas att man kan n\u00e5 b\u00e4ttre resultat med f\u00e4rre resurser.<br \/>\n\u00c4r det bra att ha nuvarande friskolesystem n\u00e4r det kommunala hela tiden &#8217;ska&#8217; h\u00e5lla en beredskap f\u00f6r att Friskolorna kan g\u00e5 i konkurs eller tvingas st\u00e4nga av andra sk\u00e4l?<br \/>\n&gt;: Har inte h\u00f6r en politiker som \u00e4r f\u00f6r Friskolor n\u00e4mna ett ord om det.<br \/>\nOch hur ska vi f\u00f6rh\u00e5lla oss till uppgiften att Friskolor har mindre andel elever med s\u00e4rskilda behov.<br \/>\n&gt;: \u00c4r det sant?<br \/>\nDet finns s\u00e4ker j\u00e4ttemycket som \u00e4r d\u00e5ligt med kommunala skolor &#8211; men skapar det s\u00e4mre framtid?<\/p>\n<p>Vet Ni vad jag tycker?<br \/>\nJo &#8211; om det nu ska finnas Friskolor s\u00e5 OK, men d\u00e5 ska ocks\u00e5 finnas &#8217;FRI&#8217;skolor.<br \/>\nDe ska vara helprivata och f\u00f6r\u00e4ldrarna betalar rubbet. Inte ett \u00f6re i sk skolpeng ska dessa FRIskolor ha.<br \/>\n&gt;: Ja jag menar PRIVAT-skolor.<\/p>\n<p>Friskolorna kan vara kvar<br \/>\nSkolmyndigheter ska d\u00e5 ha FULL insyn &#8211; varenda \u00f6re ska kunna redovisas &#8211; viktigt s\u00e5 att vi f\u00e5r in r\u00e4tt skattepengar.<\/p>\n<p>Ingen Friskola ska g\u00e5 med Vinst &#8211; alla pengar tillbaka in i verksamheten.<br \/>\nIngen Friskola f\u00e5r s\u00e4ga nej till n\u00e5gon elev (eventuellt undantaget brottslighet &#8211; men det blir d\u00e5 ett problem f\u00f6r sociala myndigheter tillsammans med skolan att l\u00f6sa t.ex. via hemundervisning).<br \/>\nIngen Friskola f\u00e5r verka utanf\u00f6r det som st\u00e5r skrivet i aktuella skollagar.<\/p>\n<p>Och st\u00f6rre kunskapstester ska ske i st\u00f6rre lokaler (i mindre grupper) d\u00e4r det kommer elever fr\u00e5n olika typer av skolor.<br \/>\nDet ska inte vara l\u00e4rare fr\u00e5n elevens skola som r\u00e4ttar elevens svar.<\/p>\n<p><b>Tr\u00f6tt<\/b><br \/>\nNu har jag tappat r\u00e4kningen &#8211; nu vaknade jag 17:00.<br \/>\nHar legat i s\u00e4ngen och sovit st\u00f6rre delen av dagen.<\/p>\n<p><b>LEGO<\/b><br \/>\nPaketet med minifigurer kom idag.<br \/>\nDet fattades en \u00f6verkropp och en underkropp och jag har noll koll p\u00e5 vilka.<br \/>\nSkickade ett meddelande till LEGO:<br \/>\n&#8221;<i>Hej och tack!<\/i><i><br \/>\n<\/i><i>Jag har nu f\u00e5tt min order: T386663054<\/i><i><br \/>\n<\/i><i>Best\u00e4lld: 7 februari 2022<\/i><i><br \/>\n<\/i><i>Jag best\u00e4llde 5 minifigurer;<\/i><i><br \/>\n<\/i><i>N\u00e4r jag best\u00e4ller s\u00e5 best\u00e4lls ju &#8211; var f\u00f6r sig ett; huvud, en huvudbekl\u00e4dnad, en \u00f6verkropp, en underkropp och ett tillbeh\u00f6r &gt; en komplett minifigur.<\/i><i><br \/>\n<\/i><i>Jag saknar en underkropp och en \u00f6verkropp.<\/i><i><br \/>\n<\/i><i>Nu var det ett tag sedan och jag tog ingen sk\u00e4rmbild p\u00e5 min best\u00e4llning s\u00e5 jag vet faktiskt inte vilka delar som saknas.<\/i><i><br \/>\n<\/i><i>Jag trodde jag skulle f\u00e5 de best\u00e4llda minifigurerna i separata p\u00e5sar och inte allt i en enda p\u00e5se och alla delar redovisade var och en f\u00f6r sig i en enda lista.<\/i><i><br \/>\n<\/i><i>Jag har f\u00e5tt:<\/i><i><br \/>\n<\/i><i>huvud 5st <\/i><i><br \/>\n<\/i><i>huvudbekl\u00e4dnad 5st<\/i><i><br \/>\n<\/i><i>\u00f6verkropp 4st<\/i><i><br \/>\n<\/i><i>underkropp 4st<\/i><i><br \/>\n<\/i><i>tillbeh\u00f6r 5s<\/i><i>t<br \/>\n<\/i><i>Det fattas en \u00f6verkropp och en underkropp. Men eftersom det underlaget jag utgick fr\u00e5n p\u00e5 er sida d\u00e4r man best\u00e4ller utgick fr\u00e5n en hel figur s\u00e5 kan jag inte nu klura ut vad det \u00e4r som fattas.<\/i><i><br \/>\n<\/i><i>Kan Ni se vilken underkropp respektive \u00f6verkropp som missats?<\/i><i><br \/>\n<\/i><i><br \/>\n<\/i><i>Jag har i vart fall inte gjort fel d\u00e5 det inte gick att best\u00e4lla en minifigur utan under- eller \u00f6verkropp.<\/i><i><br \/>\n<\/i><i>I orderf\u00f6rteckningen finns 23st delar till minifigurer &#8211; det borde vara 25st&#8230;<\/i><i><br \/>\n<\/i><i><br \/>\n<\/i><i>V\u00e4nligen<\/i><i><br \/>\n<\/i><i><br \/>\n<\/i><i>Nils-Gunnar Nordlundh<\/i>&#8221;<\/p>\n<p><b>Party<\/b><br \/>\nJag hade planerat party idag. \u00d6L &amp; snacks och Aftonbladet.<br \/>\n1. Jag orkar inte ens dricka \u00d6L&#8217;en<br \/>\n2. Jag orkar inte ta mig till de butiker som kr\u00e4vs (2st) bara tanken g\u00f6r mig tr\u00f6tt. (och s\u00e5 \u00e4r det kanske inte s\u00e5 l\u00e4mpligt&#8230;)<\/p>\n<p>T\u00e4nkte att om nu vardagen \u00e4nd\u00e5 best\u00e5r av tr\u00f6tthet, och lite l\u00e4tt huvudv\u00e4rk &#8211; varf\u00f6r inte piffa till det lite?<br \/>\nAtt jag m\u00e5r &#8217;s\u00e4mre&#8217; i morgon \u00e4r knappast m\u00f6jligt.<\/p>\n<p>Dags att g\u00e5 och l\u00e4gga sig klockan n\u00e4rmar sig 22:00<\/p>\n","protected":false},"excerpt":{"rendered":"<p>[not: publicerad: 220504] [not: skriver detta den 27\/4-22 &amp; 28\/4-22] VeckoM\u00e4tning Vikt: G.a v\u00e5gen: 98,8 &gt; 99,8 kg &gt; +1 kg \u2191 \ud83d\ude41 \ud83d\ude41 Nya v\u00e5gen: 100,1 &gt; 99,5 kg &gt; +0,6 kg \u2191\u00a0 \ud83d\ude41 Midjem\u00e5tt: 118 &gt; 115 cm &hellip; <a href=\"https:\/\/blogg.ngn.nu\/index.php\/2022\/04\/27\/onsdag-battre-men-problem-med-natten-sovandet\/\">Forts\u00e4tt l\u00e4sa <span class=\"meta-nav\">&rarr;<\/span><\/a><\/p>\n","protected":false},"author":1,"featured_media":0,"comment_status":"open","ping_status":"closed","sticky":false,"template":"","format":"standard","meta":{"footnotes":""},"categories":[1227,905,1037,448,841,1034],"tags":[1228,1230,1232,794,1231,243,1058],"class_list":["post-14320","post","type-post","status-publish","format-standard","hentry","category-covid-influensa","category-fundering","category-hobby","category-halsa","category-motion","category-trott","tag-covidsjuk","tag-friskolor","tag-kommunala-skolor","tag-lego","tag-privatskolor","tag-promenad","tag-vikt"],"_links":{"self":[{"href":"https:\/\/blogg.ngn.nu\/index.php\/wp-json\/wp\/v2\/posts\/14320","targetHints":{"allow":["GET"]}}],"collection":[{"href":"https:\/\/blogg.ngn.nu\/index.php\/wp-json\/wp\/v2\/posts"}],"about":[{"href":"https:\/\/blogg.ngn.nu\/index.php\/wp-json\/wp\/v2\/types\/post"}],"author":[{"embeddable":true,"href":"https:\/\/blogg.ngn.nu\/index.php\/wp-json\/wp\/v2\/users\/1"}],"replies":[{"embeddable":true,"href":"https:\/\/blogg.ngn.nu\/index.php\/wp-json\/wp\/v2\/comments?post=14320"}],"version-history":[{"count":1,"href":"https:\/\/blogg.ngn.nu\/index.php\/wp-json\/wp\/v2\/posts\/14320\/revisions"}],"predecessor-version":[{"id":14321,"href":"https:\/\/blogg.ngn.nu\/index.php\/wp-json\/wp\/v2\/posts\/14320\/revisions\/14321"}],"wp:attachment":[{"href":"https:\/\/blogg.ngn.nu\/index.php\/wp-json\/wp\/v2\/media?parent=14320"}],"wp:term":[{"taxonomy":"category","embeddable":true,"href":"https:\/\/blogg.ngn.nu\/index.php\/wp-json\/wp\/v2\/categories?post=14320"},{"taxonomy":"post_tag","embeddable":true,"href":"https:\/\/blogg.ngn.nu\/index.php\/wp-json\/wp\/v2\/tags?post=14320"}],"curies":[{"name":"wp","href":"https:\/\/api.w.org\/{rel}","templated":true}]}}