{"id":1417,"date":"2007-02-16T18:32:12","date_gmt":"2007-02-16T17:32:12","guid":{"rendered":"http:\/\/blogg.ngn.nu\/index.php\/2007\/02\/16\/fredag-20\/"},"modified":"2011-01-15T13:44:35","modified_gmt":"2011-01-15T12:44:35","slug":"fredag-20","status":"publish","type":"post","link":"https:\/\/blogg.ngn.nu\/index.php\/2007\/02\/16\/fredag-20\/","title":{"rendered":"Fredag!"},"content":{"rendered":"<p>\u00c4ntligen fredag. Trodde aldrig jag n\u00e5gon g\u00e5ng mer skulle f\u00e5 uppleva den k\u00e4nslan.<\/p>\n<p>Fredag, arbetsveckan \u00e4r slut (en urs\u00e4kt till alla er som inte har en  arbetsvecka), en l\u00f6rdag och s\u00f6ndag fram\u00e5t som faktisk kan inneh\u00e5lla  precis vad man vill, av ickejobb, om man vill.<\/p>\n<p>Jag har haft perioder i mitt liv d\u00e5 jag \u00e4ven jobbat p\u00e5 helgerna, fast\u00e4n jag haft ett administrativt jobb.<br \/>\nJ\u00f6sses! Av vilken anledning gjorde man s\u00e5?<\/p>\n<p>Antagligen beroende p\u00e5 att det just d\u00e5 k\u00e4ndes r\u00e4tt.<\/p>\n<p>En period i mitt liv var det s\u00e5 illa(?) att jag ans\u00e5g att helgen var ett otrevligt(irriterande l\u00e5ngt) avbrott i jobbet.<\/p>\n<p>Det \u00e4r den typen av personer som g\u00e5r i v\u00e4ggen, blir utbr\u00e4nda (jag slutade i tid).<\/p>\n","protected":false},"excerpt":{"rendered":"<p>\u00c4ntligen fredag. Trodde aldrig jag n\u00e5gon g\u00e5ng mer skulle f\u00e5 uppleva den k\u00e4nslan. Fredag, arbetsveckan \u00e4r slut (en urs\u00e4kt till alla er som inte har en arbetsvecka), en l\u00f6rdag och s\u00f6ndag fram\u00e5t som faktisk kan inneh\u00e5lla precis vad man vill, &hellip; <a href=\"https:\/\/blogg.ngn.nu\/index.php\/2007\/02\/16\/fredag-20\/\">Forts\u00e4tt l\u00e4sa <span class=\"meta-nav\">&rarr;<\/span><\/a><\/p>\n","protected":false},"author":1,"featured_media":0,"comment_status":"open","ping_status":"closed","sticky":false,"template":"","format":"standard","meta":{"footnotes":""},"categories":[273,813],"tags":[],"class_list":["post-1417","post","type-post","status-publish","format-standard","hentry","category-jobb","category-overfort-fran-ngnblogganu"],"_links":{"self":[{"href":"https:\/\/blogg.ngn.nu\/index.php\/wp-json\/wp\/v2\/posts\/1417","targetHints":{"allow":["GET"]}}],"collection":[{"href":"https:\/\/blogg.ngn.nu\/index.php\/wp-json\/wp\/v2\/posts"}],"about":[{"href":"https:\/\/blogg.ngn.nu\/index.php\/wp-json\/wp\/v2\/types\/post"}],"author":[{"embeddable":true,"href":"https:\/\/blogg.ngn.nu\/index.php\/wp-json\/wp\/v2\/users\/1"}],"replies":[{"embeddable":true,"href":"https:\/\/blogg.ngn.nu\/index.php\/wp-json\/wp\/v2\/comments?post=1417"}],"version-history":[{"count":0,"href":"https:\/\/blogg.ngn.nu\/index.php\/wp-json\/wp\/v2\/posts\/1417\/revisions"}],"wp:attachment":[{"href":"https:\/\/blogg.ngn.nu\/index.php\/wp-json\/wp\/v2\/media?parent=1417"}],"wp:term":[{"taxonomy":"category","embeddable":true,"href":"https:\/\/blogg.ngn.nu\/index.php\/wp-json\/wp\/v2\/categories?post=1417"},{"taxonomy":"post_tag","embeddable":true,"href":"https:\/\/blogg.ngn.nu\/index.php\/wp-json\/wp\/v2\/tags?post=1417"}],"curies":[{"name":"wp","href":"https:\/\/api.w.org\/{rel}","templated":true}]}}