{"id":13713,"date":"2021-11-04T23:59:20","date_gmt":"2021-11-04T22:59:20","guid":{"rendered":"https:\/\/blogg.ngn.nu\/?p=13713"},"modified":"2021-11-22T09:38:15","modified_gmt":"2021-11-22T08:38:15","slug":"torsdag-transport","status":"publish","type":"post","link":"https:\/\/blogg.ngn.nu\/index.php\/2021\/11\/04\/torsdag-transport\/","title":{"rendered":"Torsdag &#8211; Transport"},"content":{"rendered":"<p><span style=\"font-size: 10px;\">[not: publicerade: <a href=\"https:\/\/blogg.ngn.nu\/index.php\/2021\/11\/01\/mandag-gbg\/\" target=\"_blank\" rel=\"noopener\">211101<\/a>]<\/span><\/p>\n<p><b>Sm\u00e5barna<\/b><br \/>\nIdag \u00e4r planen att vi ska bes\u00f6ka Dalsland igen.<br \/>\nJag kommer dock att stanna hemma &#8211; k\u00e4nner mig inte riktigt bra.<\/p>\n<p>Sparar p\u00e5 krafterna tills det \u00e4r dag att k\u00f6ra de \u00e4ldre barnbarna till Herrljunga och placera dem p\u00e5 ett norrg\u00e5ende t\u00e5g.<\/p>\n<p><b>Instagram<\/b><br \/>\nLade mitt f\u00f6rsta inl\u00e4gg d\u00e4r idag. Har &#8217;varit med&#8217; passivt j\u00e4ttel\u00e4nge.<br \/>\nNu har jag anledning att vara mer aktiv. \u00c5terkommer till anledningen.<\/p>\n<p><b>Vilat<\/b><br \/>\nNu har jag vilat ordentligt medan resten av g\u00e4nget varit norrut.<br \/>\nNu \u00e4r jag &#8217;laddad&#8217; f\u00f6r transport till Herrljunga.<\/p>\n<p><b>Herrljunga<\/b><br \/>\nVi kom dit helskinnade \ud83d\ude42 och t\u00e5gets avg\u00e5ng var endast 5min f\u00f6rsenat.<br \/>\nT\u00e5gv\u00e4rden instruerades om att barna skulle av i Stockholm \ud83d\ude42<\/p>\n<p><b>Hemma<\/b><br \/>\nSk\u00f6nt \ud83d\ude09<\/p>\n<p><b>Socialdemokraternas Kongress 2021<\/b><br \/>\nI morgon blir det lite extra d\u00e5 ska dottern Katrin tala inf\u00f6r kongressen. Hon \u00e4r med och representerar Uppsala l\u00e4n, via \u00c4lvkarleby \/ Skutsk\u00e4r.<\/p>\n<p>(instagram)-haschtags f\u00f6r kongressen: <a href=\"https:\/\/www.instagram.com\/explore\/tags\/skongress\/\" target=\"_blank\" rel=\"noopener\">#skongress<\/a> &amp; <a href=\"https:\/\/www.instagram.com\/explore\/tags\/skongress2021\/\" target=\"_blank\" rel=\"noopener\">#skongress2021<\/a><br \/>\n(fb)-hashtag: <a href=\"https:\/\/www.facebook.com\/hashtag\/skongress2021\" target=\"_blank\" rel=\"noopener\">#skongress2021<\/a><\/p>\n<p>Funderar p\u00e5 att bli aktiv \u00e4ven p\u00e5 twitter \u2753<\/p>\n","protected":false},"excerpt":{"rendered":"<p>[not: publicerade: 211101] Sm\u00e5barna Idag \u00e4r planen att vi ska bes\u00f6ka Dalsland igen. Jag kommer dock att stanna hemma &#8211; k\u00e4nner mig inte riktigt bra. Sparar p\u00e5 krafterna tills det \u00e4r dag att k\u00f6ra de \u00e4ldre barnbarna till Herrljunga och &hellip; <a href=\"https:\/\/blogg.ngn.nu\/index.php\/2021\/11\/04\/torsdag-transport\/\">Forts\u00e4tt l\u00e4sa <span class=\"meta-nav\">&rarr;<\/span><\/a><\/p>\n","protected":false},"author":1,"featured_media":0,"comment_status":"open","ping_status":"closed","sticky":false,"template":"","format":"standard","meta":{"footnotes":""},"categories":[448,641,31,359],"tags":[945],"class_list":["post-13713","post","type-post","status-publish","format-standard","hentry","category-halsa","category-media","category-politik","category-resa","tag-barnbarnen"],"_links":{"self":[{"href":"https:\/\/blogg.ngn.nu\/index.php\/wp-json\/wp\/v2\/posts\/13713","targetHints":{"allow":["GET"]}}],"collection":[{"href":"https:\/\/blogg.ngn.nu\/index.php\/wp-json\/wp\/v2\/posts"}],"about":[{"href":"https:\/\/blogg.ngn.nu\/index.php\/wp-json\/wp\/v2\/types\/post"}],"author":[{"embeddable":true,"href":"https:\/\/blogg.ngn.nu\/index.php\/wp-json\/wp\/v2\/users\/1"}],"replies":[{"embeddable":true,"href":"https:\/\/blogg.ngn.nu\/index.php\/wp-json\/wp\/v2\/comments?post=13713"}],"version-history":[{"count":2,"href":"https:\/\/blogg.ngn.nu\/index.php\/wp-json\/wp\/v2\/posts\/13713\/revisions"}],"predecessor-version":[{"id":13715,"href":"https:\/\/blogg.ngn.nu\/index.php\/wp-json\/wp\/v2\/posts\/13713\/revisions\/13715"}],"wp:attachment":[{"href":"https:\/\/blogg.ngn.nu\/index.php\/wp-json\/wp\/v2\/media?parent=13713"}],"wp:term":[{"taxonomy":"category","embeddable":true,"href":"https:\/\/blogg.ngn.nu\/index.php\/wp-json\/wp\/v2\/categories?post=13713"},{"taxonomy":"post_tag","embeddable":true,"href":"https:\/\/blogg.ngn.nu\/index.php\/wp-json\/wp\/v2\/tags?post=13713"}],"curies":[{"name":"wp","href":"https:\/\/api.w.org\/{rel}","templated":true}]}}