{"id":131,"date":"2008-02-09T18:04:53","date_gmt":"2008-02-09T17:04:53","guid":{"rendered":"http:\/\/blogg.ngn.nu\/2008\/02\/09\/tankvard-lordag\/"},"modified":"2008-08-31T19:17:31","modified_gmt":"2008-08-31T17:17:31","slug":"tankvard-lordag","status":"publish","type":"post","link":"https:\/\/blogg.ngn.nu\/index.php\/2008\/02\/09\/tankvard-lordag\/","title":{"rendered":"T\u00e4nkv\u00e4rd L\u00f6rdag"},"content":{"rendered":"<p>I g\u00e5r satt hustrun och jag samt n\u00e5gra \u00f6l och diskuterade ditten och datten. Men mest handlade det om v\u00e4ldigt viktiga sp\u00f6rsm\u00e5l. Hur vi m\u00e5r? Hur ska vi hantera v\u00e5ra liv? Vad ska det bli med det hela? Hur ska vi f\u00f6rh\u00e5lla oss till det?<\/p>\n<p>Mitt i detta diskuterande g\u00e5r hustrun och h\u00e4mtar en bok; Mia T\u00f6rnbloms: &#8221;Sj\u00e4lvk\u00e4nsla nu!&#8221;. Och ur den l\u00e4ser hon f\u00f6ljande: &#8221;<em>Om vi inte uppskattar och k\u00e4nner tacksamhet \u00f6ver det vi har kommer vi aldrig att k\u00e4nna oss n\u00f6jda med det vi f\u00e5r<\/em>.&#8221;<\/p>\n<p>Den d\u00e4r meningen inneh\u00e5ller massor med f\u00f6rst\u00e5nd.<\/p>\n<p>Kan man inte uppskatta det jag har nu. Vad h\u00e4nder d\u00e5 med de m\u00e5l jag har? Som jag rusar mot i en allt stressigare fart. Och jag g\u00f6r massor med uppoffringar p\u00e5 v\u00e4gen, f\u00f6r att n\u00e5 &#8217;dit&#8217;. Till en punkt, d\u00e4r jag likt f\u00f6rbaskat inte kommer att k\u00e4nna mig varken tacksam eller n\u00f6jd. Och det, av den enkla anledning, att \u00e4r jag inte n\u00f6jd i nuet s\u00e5 kommer jag sannolikt inte att vara n\u00f6jd i kommande &#8217;nu&#8217;, i d\u00e5et. :me:<\/p>\n<p>Jag m\u00e5ste allts\u00e5 bearbeta nuet och k\u00e4nna mig n\u00f6jd och tillfreds, f\u00f6r att ge mig en chans att \u00e4ven i framtiden kunna m\u00e5 bra.<\/p>\n<hr \/>\n<p><small>Andra bloggar om: <a href=\"http:\/\/bloggar.se\/om\/t%E4nkv%E4rt\" rel=\"tag\" target=\"_blank\">T\u00e4nkv\u00e4rt<\/a><\/small> <\/p>\n<hr \/>\n","protected":false},"excerpt":{"rendered":"<p>I g\u00e5r satt hustrun och jag samt n\u00e5gra \u00f6l och diskuterade ditten och datten. Men mest handlade det om v\u00e4ldigt viktiga sp\u00f6rsm\u00e5l. Hur vi m\u00e5r? Hur ska vi hantera v\u00e5ra liv? Vad ska det bli med det hela? Hur ska &hellip; <a href=\"https:\/\/blogg.ngn.nu\/index.php\/2008\/02\/09\/tankvard-lordag\/\">Forts\u00e4tt l\u00e4sa <span class=\"meta-nav\">&rarr;<\/span><\/a><\/p>\n","protected":false},"author":1,"featured_media":0,"comment_status":"open","ping_status":"closed","sticky":false,"template":"","format":"standard","meta":{"footnotes":""},"categories":[178,4],"tags":[501],"class_list":["post-131","post","type-post","status-publish","format-standard","hentry","category-tankvart","category-vardag","tag-sjalvkansla"],"_links":{"self":[{"href":"https:\/\/blogg.ngn.nu\/index.php\/wp-json\/wp\/v2\/posts\/131","targetHints":{"allow":["GET"]}}],"collection":[{"href":"https:\/\/blogg.ngn.nu\/index.php\/wp-json\/wp\/v2\/posts"}],"about":[{"href":"https:\/\/blogg.ngn.nu\/index.php\/wp-json\/wp\/v2\/types\/post"}],"author":[{"embeddable":true,"href":"https:\/\/blogg.ngn.nu\/index.php\/wp-json\/wp\/v2\/users\/1"}],"replies":[{"embeddable":true,"href":"https:\/\/blogg.ngn.nu\/index.php\/wp-json\/wp\/v2\/comments?post=131"}],"version-history":[{"count":0,"href":"https:\/\/blogg.ngn.nu\/index.php\/wp-json\/wp\/v2\/posts\/131\/revisions"}],"wp:attachment":[{"href":"https:\/\/blogg.ngn.nu\/index.php\/wp-json\/wp\/v2\/media?parent=131"}],"wp:term":[{"taxonomy":"category","embeddable":true,"href":"https:\/\/blogg.ngn.nu\/index.php\/wp-json\/wp\/v2\/categories?post=131"},{"taxonomy":"post_tag","embeddable":true,"href":"https:\/\/blogg.ngn.nu\/index.php\/wp-json\/wp\/v2\/tags?post=131"}],"curies":[{"name":"wp","href":"https:\/\/api.w.org\/{rel}","templated":true}]}}