{"id":1305,"date":"2006-01-06T12:38:28","date_gmt":"2006-01-06T11:38:28","guid":{"rendered":"http:\/\/blogg.ngn.nu\/index.php\/2006\/01\/06\/ut-med-granen\/"},"modified":"2011-01-11T19:45:45","modified_gmt":"2011-01-11T18:45:45","slug":"ut-med-granen","status":"publish","type":"post","link":"https:\/\/blogg.ngn.nu\/index.php\/2006\/01\/06\/ut-med-granen\/","title":{"rendered":"Ut med granen"},"content":{"rendered":"<p>Det \u00e4r tydligen tradition att granen ska ut p\u00e5 trettondan, i dag. Och d\u00e5 ska det ske direkt n\u00e4r man vaknar \u2013 tydligen.<\/p>\n<p>S\u00e5 nu \u00e4r jag helt slut, efter att ha pyntat av granen och sett till  att den kom utanf\u00f6r d\u00f6rren och s\u00e5 sopa jag upp alla barren. Bonusjobb  blev att g\u00f6ra rent kattsandl\u00e5dorna.<\/p>\n<p>I dag hade jag t\u00e4nkt planera min sjukgymnastik och l\u00e4gga upp en meny  med \u201dsmart\u201d \u00e4tande. Efter det hade jag planerat att g\u00e5 ut med hunden  och senare p\u00e5 kv\u00e4llen cykla 10 min p\u00e5 motionscykeln. Planerandet och  hundpromenaden f\u00e5r vara. Nu ska jag l\u00e4gga mig och vila s\u00e5 f\u00e5r vi se hur  det blir med motionscykeln.<\/p>\n<p><strong>Mor:<\/strong><br \/>\nM\u00e5r bra idag efter operationen i armen i g\u00e5r.<\/p>\n","protected":false},"excerpt":{"rendered":"<p>Det \u00e4r tydligen tradition att granen ska ut p\u00e5 trettondan, i dag. Och d\u00e5 ska det ske direkt n\u00e4r man vaknar \u2013 tydligen. S\u00e5 nu \u00e4r jag helt slut, efter att ha pyntat av granen och sett till att den &hellip; <a href=\"https:\/\/blogg.ngn.nu\/index.php\/2006\/01\/06\/ut-med-granen\/\">Forts\u00e4tt l\u00e4sa <span class=\"meta-nav\">&rarr;<\/span><\/a><\/p>\n","protected":false},"author":1,"featured_media":0,"comment_status":"open","ping_status":"closed","sticky":false,"template":"","format":"standard","meta":{"footnotes":""},"categories":[241,424,104,4,813],"tags":[],"class_list":["post-1305","post","type-post","status-publish","format-standard","hentry","category-rehabilitering","category-sjukgymnastik","category-sjukvard","category-vardag","category-overfort-fran-ngnblogganu"],"_links":{"self":[{"href":"https:\/\/blogg.ngn.nu\/index.php\/wp-json\/wp\/v2\/posts\/1305","targetHints":{"allow":["GET"]}}],"collection":[{"href":"https:\/\/blogg.ngn.nu\/index.php\/wp-json\/wp\/v2\/posts"}],"about":[{"href":"https:\/\/blogg.ngn.nu\/index.php\/wp-json\/wp\/v2\/types\/post"}],"author":[{"embeddable":true,"href":"https:\/\/blogg.ngn.nu\/index.php\/wp-json\/wp\/v2\/users\/1"}],"replies":[{"embeddable":true,"href":"https:\/\/blogg.ngn.nu\/index.php\/wp-json\/wp\/v2\/comments?post=1305"}],"version-history":[{"count":0,"href":"https:\/\/blogg.ngn.nu\/index.php\/wp-json\/wp\/v2\/posts\/1305\/revisions"}],"wp:attachment":[{"href":"https:\/\/blogg.ngn.nu\/index.php\/wp-json\/wp\/v2\/media?parent=1305"}],"wp:term":[{"taxonomy":"category","embeddable":true,"href":"https:\/\/blogg.ngn.nu\/index.php\/wp-json\/wp\/v2\/categories?post=1305"},{"taxonomy":"post_tag","embeddable":true,"href":"https:\/\/blogg.ngn.nu\/index.php\/wp-json\/wp\/v2\/tags?post=1305"}],"curies":[{"name":"wp","href":"https:\/\/api.w.org\/{rel}","templated":true}]}}