{"id":12900,"date":"2021-03-29T20:55:24","date_gmt":"2021-03-29T19:55:24","guid":{"rendered":"https:\/\/blogg.ngn.nu\/?p=12900"},"modified":"2021-04-06T06:44:33","modified_gmt":"2021-04-06T05:44:33","slug":"mandag-postop-dag-29","status":"publish","type":"post","link":"https:\/\/blogg.ngn.nu\/index.php\/2021\/03\/29\/mandag-postop-dag-29\/","title":{"rendered":"M\u00e5ndag postOP dag 29"},"content":{"rendered":"<p><span style=\"font-size: 10px;\">[not: publicerat: <a href=\"https:\/\/blogg.ngn.nu\/index.php\/2021\/03\/28\/sondag-postop-dag-28\/\" target=\"_blank\" rel=\"noopener\">210228<\/a>]<br \/>\n[not: 210404: Jag h\u00e5ller p\u00e5 med 30\/3-3\/4 &#8211; ny dator har kommit emellan&#8230;]<br \/>\n<\/span><\/p>\n<p><strong>Promenad<\/strong><br \/>\nKorsebergsrundan och sm\u00e5regn och lite sm\u00e5bl\u00e5sigt. Det hj\u00e4lper inte att det \u00e4r 8 grader plus. Det k\u00e4nns inte kul.<\/p>\n<p><strong>Dagen ryggbild<\/strong><a href=\"http:\/\/ngn.nu\/Pict\/2021\/210323-ryggen-L1000923.JPG\"><br \/>\n<\/a><a href=\"http:\/\/ngn.nu\/Pict\/2021\/210329-Ryggen-01-L1000945.JPG\" target=\"_blank\" rel=\"noopener\"><img loading=\"lazy\" decoding=\"async\" class=\"alignnone\" title=\"F\u00f6rbandet p\u00e5 l\u00e4ndryggen Borta\" src=\"http:\/\/ngn.nu\/Pict\/2021\/210329-Ryggen-01-L1000945.JPG\" alt=\"[Bild: F\u00f6rbandet p\u00e5 l\u00e4ndryggen Borta]\" width=\"350\" height=\"252\" \/><\/a><br \/>\nIdag var dagens ljusf\u00f6rh\u00e5llande &#8211; p\u00e5 1,25 m (fr\u00e5n kameran) &#8211; 230 lx (0,25*435=) ca 109 lm.<br \/>\nKameran jag anv\u00e4nde var: LEICA D-LUX 6 och jag zoomade in till 17,7mm (90mm med 35mm film). Bl\u00e4ndare: f\/2,3. Exp: 1\/60s. ISO: 400. dpi:180px<\/p>\n<p>L\u00e4gger in en &#8217;n\u00e4rbild&#8217; idag ocks\u00e5:<br \/>\n<a href=\"http:\/\/ngn.nu\/Pict\/2021\/210329-Ryggen-02-L1000945.JPG\" target=\"_blank\" rel=\"noopener\"><img loading=\"lazy\" decoding=\"async\" class=\"alignnone\" title=\"F\u00f6rbandet p\u00e5 l\u00e4ndryggen Borta\" src=\"http:\/\/ngn.nu\/Pict\/2021\/210329-Ryggen-02-L1000945.JPG\" alt=\"[Bild: F\u00f6rbandet p\u00e5 l\u00e4ndryggen Borta]\" width=\"100\" height=\"190\" \/><\/a><br \/>\nFler och fler stripes ramlar av &#8211; undrar vart de hamnar? Jag har inte sett n\u00e5gon&#8230; \u2753<br \/>\nHittade tv\u00e5 p\u00e5 golvet i min h\u00f6rna.<\/p>\n<p><strong>Arbetsterapin<\/strong><br \/>\nL\u00e4mnade tillbaka tre sittdynor.<\/p>\n<p><strong>Sjukgymnasten<\/strong><br \/>\nFick nya \u00f6vningar och s\u00e5 skulle jag forts\u00e4tta med tre av de jag hade sedan tidigare.<br \/>\nMin favoritsjukgymnast \/ -fysioterapeut kommer att sluta i Augusti.<br \/>\nHan b\u00f6rjar d\u00e5 p\u00e5 N\u00e4rh\u00e4lsan, Fr\u00f6lunda, GBG.<br \/>\nS\u00e5 nu har han f\u00e5tt uppdraget att utse en v\u00e4rdig eftertr\u00e4dare \ud83d\ude09<\/p>\n<p><strong>Data<\/strong><br \/>\nKikade lite p\u00e5 hur man skulle kunna f\u00e5 en sk LiveUSB att beh\u00e5lla de inst\u00e4llningar man g\u00f6r men best\u00e4mde mig f\u00f6r att inte br\u00e5ka med det &#8211; kanske en annan g\u00e5ng. Det \u00e4r r\u00e4tt mycket p\u00e5 &#8217;G&#8217; som det \u00e4r.<br \/>\nProblemet \u00e4r att det verkar inte riktigt ha g\u00e5tt ut att vill man ha sk persistent LiveUSB med Linux Ubuntu 20.04, s\u00e5 kan man inte g\u00f6ra precis s\u00e5 som man gjort tidigare &#8211; men hur man ska g\u00f6ra &#8211; ja det har jag inte riktigt f\u00e5tt kl\u00e4m p\u00e5.<\/p>\n<p><strong>Rotera MP4-filmer<\/strong><br \/>\nSka se om jag hittar ett enkelt s\u00e4tt att fixa filmfilens lilla ikonbild.<br \/>\nInstallerade:<br \/>\n<span style=\"font-size: small;\"><code>sudo apt install ffmpegthumbnailer<\/code><\/span><br \/>\nOch sedan tog jag bort katalogen:<br \/>\n<span style=\"font-size: small;\"><code>rm -r ~\/.cache\/thumbnails\/fail<\/code><\/span><\/p>\n<p>Och n\u00e4r jag sedan st\u00e4ngde filhanteraren och sedan \u00f6ppnade den s\u00e5 skapas det nu nya sm\u00e5 fil-ikon-bilder.<br \/>\nHoppas nu bara att de f\u00f6ljer med filen.<br \/>\nWindows har kanske sitt eget s\u00e4tt att l\u00f6sa det d\u00e4r p\u00e5?<\/p>\n<p><strong>Ny Dator<\/strong><br \/>\nNu fick jag besked om att de inte kan ge exakt leveransdag&#8230;?<br \/>\nN\u00e5got \u00e4r skumt h\u00e4r. Jag kunde ju ha f\u00e5tt den i fredags&#8230;?<br \/>\nDet som fattades var ett kontaktuttag f\u00f6r av\/p\u00e5-knapp.<br \/>\nOch det fick jag information om att de skulle fixa under fredagen och nu f\u00e5r jag besked om att de vet inte vilken dag leverans kan ske?<\/p>\n<p>Fick besked om att den var klar, 16:55. De st\u00e4nger 17:00. S\u00e5 i morgon \u00e5ker vi till Uddevalla och h\u00e4mtar den, efter kl 10:00 n\u00e5gon g\u00e5ng.<\/p>\n<p>Den var klar i morse men s\u00e5 ville de testa den ordentligt. Det visade sig d\u00e5 att det inte gick att k\u00f6ra varken Linux eller Windows p\u00e5 den.<br \/>\nModerkortet var f\u00f6r nytt&#8230;<br \/>\nDock, hade man monterat ett separat grafikkort s\u00e5 hade det fungerat s\u00e5 det var n\u00e5got med den integrerade moderkortsgrafiken som sket sig.<br \/>\nDe fick g\u00e5 ned ett sn\u00e4pp, i modell p\u00e5 moderkortet. Inte det nyaste allts\u00e5 (tror det var det som jag hade p\u00e5 f\u00f6rslag&#8230;)<\/p>\n<p><strong>Omm\u00f6blering<\/strong><br \/>\nNu ska jag st\u00e4nga av allt och m\u00f6blera om lite. I min h\u00f6rna.<br \/>\nG\u00f6ra plats f\u00f6r nya datorn och f\u00f6rhoppningsvis f\u00e5 b\u00e4ttre ordning p\u00e5 det kaos av kablar jag nu har&#8230;<br \/>\nTja, jag vet inte om det blev mindre r\u00f6rigt&#8230;<br \/>\nMen jag verkar ha f\u00e5tt ordning p\u00e5 det hela.<br \/>\nOch jag har ocks\u00e5 gjort plats f\u00f6r nya l\u00e5dan &#8211; en hylla ska dock skruvas bort f\u00f6rst &#8211; tror jag.<br \/>\nMen jag v\u00e4ntar med det tills den nya datorn kommer &#8211; dumt \u00e5 g\u00f6ra n\u00e5got i on\u00f6dan&#8230;<\/p>\n<p><strong>F\u00f6rsta Sjukgymnastiken<br \/>\n<\/strong>Det blev liksom ingen hemsjukgymnastik idag. Jag n\u00f6jde mig med den genomg\u00e5ng jag fick p\u00e5 sjukgymnastiken, n\u00e4r jag var d\u00e4r..<\/p>\n<p><strong>Sammanfattning<\/strong>:<br \/>\nOvanligt tr\u00f6tt dag. Var relativt pigg fram till jag kom fr\u00e5n sjukgymnastiken sedan bara dalade det.<br \/>\nSov f\u00f6rst en timma och sedan ca 30 min till.<br \/>\nNu har jag varit uppe en stund p\u00e5 kv\u00e4llen och grejat lite i min h\u00f6rna f\u00f6r att g\u00f6ra plats \u00e5t den nya datorn.<br \/>\nDen gamla &#8211; som jag skriver p\u00e5 just nu har blivit placera uppe p\u00e5 en hylla en bit ovanf\u00f6r mitt huvud.<br \/>\nNere till v\u00e4nster \u00e4r det nu tomt &#8211; bara en bunt kablar &#8211; d\u00e4r ska den nya datorn st\u00e5.<\/p>\n","protected":false},"excerpt":{"rendered":"<p>[not: publicerat: 210228] [not: 210404: Jag h\u00e5ller p\u00e5 med 30\/3-3\/4 &#8211; ny dator har kommit emellan&#8230;] Promenad Korsebergsrundan och sm\u00e5regn och lite sm\u00e5bl\u00e5sigt. Det hj\u00e4lper inte att det \u00e4r 8 grader plus. Det k\u00e4nns inte kul. Dagen ryggbild Idag var &hellip; <a href=\"https:\/\/blogg.ngn.nu\/index.php\/2021\/03\/29\/mandag-postop-dag-29\/\">Forts\u00e4tt l\u00e4sa <span class=\"meta-nav\">&rarr;<\/span><\/a><\/p>\n","protected":false},"author":1,"featured_media":0,"comment_status":"open","ping_status":"closed","sticky":false,"template":"","format":"standard","meta":{"footnotes":""},"categories":[371,448],"tags":[1111,1108,1096,243,1109,1088],"class_list":["post-12900","post","type-post","status-publish","format-standard","hentry","category-data","category-halsa","tag-arbetsterapin","tag-ny-dator","tag-postop","tag-promenad","tag-rotera-mp4-filmer","tag-sjukgymnastik"],"_links":{"self":[{"href":"https:\/\/blogg.ngn.nu\/index.php\/wp-json\/wp\/v2\/posts\/12900","targetHints":{"allow":["GET"]}}],"collection":[{"href":"https:\/\/blogg.ngn.nu\/index.php\/wp-json\/wp\/v2\/posts"}],"about":[{"href":"https:\/\/blogg.ngn.nu\/index.php\/wp-json\/wp\/v2\/types\/post"}],"author":[{"embeddable":true,"href":"https:\/\/blogg.ngn.nu\/index.php\/wp-json\/wp\/v2\/users\/1"}],"replies":[{"embeddable":true,"href":"https:\/\/blogg.ngn.nu\/index.php\/wp-json\/wp\/v2\/comments?post=12900"}],"version-history":[{"count":5,"href":"https:\/\/blogg.ngn.nu\/index.php\/wp-json\/wp\/v2\/posts\/12900\/revisions"}],"predecessor-version":[{"id":12929,"href":"https:\/\/blogg.ngn.nu\/index.php\/wp-json\/wp\/v2\/posts\/12900\/revisions\/12929"}],"wp:attachment":[{"href":"https:\/\/blogg.ngn.nu\/index.php\/wp-json\/wp\/v2\/media?parent=12900"}],"wp:term":[{"taxonomy":"category","embeddable":true,"href":"https:\/\/blogg.ngn.nu\/index.php\/wp-json\/wp\/v2\/categories?post=12900"},{"taxonomy":"post_tag","embeddable":true,"href":"https:\/\/blogg.ngn.nu\/index.php\/wp-json\/wp\/v2\/tags?post=12900"}],"curies":[{"name":"wp","href":"https:\/\/api.w.org\/{rel}","templated":true}]}}