{"id":12828,"date":"2021-03-21T21:43:03","date_gmt":"2021-03-21T20:43:03","guid":{"rendered":"https:\/\/blogg.ngn.nu\/?p=12828"},"modified":"2021-03-22T10:46:15","modified_gmt":"2021-03-22T09:46:15","slug":"sondag-postop-dag-21","status":"publish","type":"post","link":"https:\/\/blogg.ngn.nu\/index.php\/2021\/03\/21\/sondag-postop-dag-21\/","title":{"rendered":"S\u00f6ndag postOP dag 21"},"content":{"rendered":"<p><strong>Dagens Ryggbild<\/strong><br \/>\n<a href=\"http:\/\/ngn.nu\/Pict\/2021\/210321-ryggen-L1000918.JPG\" target=\"_blank\" rel=\"noopener\"><img decoding=\"async\" style=\"width: 350px; height: 278px; border: 0px solid;\" title=\"Morgonens f\u00f6rband p\u00e5 l\u00e4ndryggen\" src=\"http:\/\/ngn.nu\/Pict\/2021\/210321-ryggen-L1000918.JPG\" alt=\"[Bild: Morgonens_f\u00f6rband_p\u00e5_l\u00e4ndryggen]\" \/><\/a><br \/>\nIdag var dagens ljusf\u00f6rh\u00e5llande &#8211; p\u00e5 1,64 m (fr\u00e5n kameran) &#8211; 1470 lx (0,25*1470=) ca 368 lm.<br \/>\nKameran jag anv\u00e4nde var: LEICA D-LUX 6 och jag zoomade in till 7,9mm (40mm med 35mm film). Bl\u00e4ndare: f\/1\/,8. Exp: 1\/100s. ISO: 80. dpi: 180px<\/p>\n<p><span style=\"font-weight: bold;\">St\u00e4da<\/span><br \/>\nIdag st\u00e4dar hustrun inomhus (var f\u00e5r hon energin fr\u00e5n? Men f\u00f6rst skulle hon till F&amp;S VBG och tr\u00e4na utomhus&#8230;<br \/>\nUnder tiden skulle jag &#8217;plocka i ordning&#8217;.<br \/>\nDet inneb\u00e4r, i regel att jag ska blocka undan &#8217;on\u00f6diga&#8217; skor och kl\u00e4der och se till att jag inte har en &#8217;massa&#8217; liggandes som kan vara i v\u00e4gen n\u00e4r hustrun far fram med dammsugaren.<br \/>\nDet blev lite mer \u00e4n vad jag t\u00e4nkt mig.<br \/>\nSkor och kl\u00e4der var ju inga problem.<br \/>\nSedan fick jag f\u00f6r mig att plocka i ordning det jag har haft framme under hela postOP-perioden p\u00e5 och vid v\u00e5rt svarta vardagsrumsbord.<br \/>\nDet innebar bl.a. att blocka undan mitt permanent placerade fotstativ samt &#8217;alla&#8217; tillbeh\u00f6r.<br \/>\nI min &#8217;h\u00f6rna&#8217; har jag v\u00e4ldigt mycket st\u00e5endes p\u00e5 golvet &#8211; s\u00e5dant som \u00e4r p\u00e5 &#8217;G&#8217; &#8211; men som det inte h\u00e4nder n\u00e5got med.<br \/>\nBl.a. flyttade jag p\u00e5 en p\u00e5se med olika st\u00f6df\u00f6rband, fr\u00e5n golvet och upp en bit.<br \/>\nJag har ocks\u00e5 en sk gymboll (eller pilatesboll). Den vill g\u00e4rna rulla iv\u00e4g s\u00e5 det har jag hitintills stoppat med lite diverse grejer.<br \/>\nNu tog jag tag i det och fixade till en snyggar l\u00f6sning (som jag var tvungen att visa hustrun &#8211; hon hade inte m\u00e4rkt det&#8230;). I mina hyllor hade jag en fd (IKEA)k\u00f6ksklocka d\u00e4r sj\u00e4lva urtavlan krackelerat.<br \/>\nJag plockade is\u00e4r den och karvade sedan med kniv bort den innersta delen och fick d\u00e5 en rund plastring och i den vilar nu gymbollen \ud83d\ude00<br \/>\nJag tog mig ned p\u00e5 golvet vid min datorarbetsplats (vad kallas den m\u00f6beln n\u00e4r man egentligen inte har ett arbete?).<br \/>\nMin dator stod p\u00e5 golvet och beh\u00f6vde upp.<br \/>\nDet gick &#8211; om jag var extra, extra f\u00f6rsiktig i alla f\u00f6rflyttningar.<br \/>\nD\u00e4refter s\u00e5 var den tv\u00e4ttmaskin jag laddade p\u00e5 morgonen f\u00e4rdig s\u00e5 den fick jag h\u00e4nga upp efter att hustrun dammsugit d\u00e4r inne, i badrummet.<\/p>\n<p>Sedan var det dags f\u00f6r s\u00e4ngen &#8211; jag var helt utmattad fr\u00e4mst i ryggen men ocks\u00e5 psykiskt.<br \/>\nL\u00e5g d\u00e4r tills hustrun var klar (hon blir irriterad om jag &#8217;\u00e4r i v\u00e4gen&#8217;).<\/p>\n<p><strong>Promenad<\/strong><br \/>\nFick bli en runt kvarteret, orkade inte mer p.g.a. det ovan.<\/p>\n<p><span style=\"font-weight: bold;\">Lunch<\/span><br \/>\nLunchen &#8217;n\u00e4stan&#8217; klar n\u00e4r jag kom tillbaka \ud83d\ude00<\/p>\n<p><span style=\"font-weight: bold;\">Vila<\/span><br \/>\nEn kort en f\u00f6r jag ville inte somna.<\/p>\n<p><strong>Sjukgymnastik 1av2<\/strong><br \/>\nNu blev den av men ff lite sent p\u00e5 dagen, vid ca 13:00.<br \/>\nSka jag orka med ett eftermiddagspass s\u00e5 f\u00e5r jag g\u00f6ra ett pass innan frukost (har aldrig provat det&#8230;)<\/p>\n<p><span style=\"font-weight: bold;\">postOP 2019<\/span><br \/>\nL\u00e4ser om postOP-f\u00f6rloppen efter nackoperationen 16\/10-19.<br \/>\nDe tog d\u00e5 bort taggutskottet p\u00e5 kota C6.<br \/>\nN\u00e4r jag nu l\u00e4ser om hur jag m\u00e5dde efter den operationen s\u00e5 har nuvarande efterf\u00f6rlopp (postOP) varit rena s\u00f6ndagsskolan.<br \/>\nOch d\u00e5 \u00e4r denna operationen, jag gjort nu, s\u00e5 mycket &#8217;st\u00f6rre&#8217;.<br \/>\nTror det kan bero p\u00e5 att jag d\u00e5 dels var \u00f6verviktig 98-100 kg och dels d\u00e5ligt tr\u00e4nad.<br \/>\nDenna g\u00e5ngen v\u00e4gde jag 83 kg och hade tr\u00e4nat innan op.<br \/>\nDet jag var ute efter var om opDr ringde en tid efter op.<br \/>\nHar f\u00f6r mig att opDr sa att det skulle ske &#8211; men det minnet \u00e4r v\u00e4ldigt oklart och jag har inte noterat n\u00e5got om det i mina anteckningar.<br \/>\nMan \u00e4r lite suddig i huvudet strax efter operationen &#8211; de pumpar i en hel del morfin.<\/p>\n<p>N\u00e4r jag nu d\u00e5 satt och l\u00e4ste om 2019 \u00e5rs postOP-f\u00f6rlopp s\u00e5 stod det att jag enl \u00f6k m opDr kunde b\u00f6rja ta metotrexat (cellgifter som jag tar 1ggr\/v emot psoriasisartrit) och det var den 6\/11-19 op var: 16\/10-19 (21 dgr efter op).<br \/>\nS\u00e5 nu lade jag fram en spruta.<br \/>\nSka ocks\u00e5 l\u00e4sa vidare och se om eller n\u00e4r jag b\u00f6rjade med Naproxen\u00ae igen.<br \/>\nSom det \u00e4r nu s\u00e5 \u00e4r min br\u00f6strygg sv\u00e5rt angripen och av tidigare erfarenhet s\u00e5 vet jag att Naproxen\u00ae hj\u00e4lper.<br \/>\nTar redan max-dos av Paracetamol\u00ae.<br \/>\nNackdelen \u00e4r att det preparatet (Naproxen\u00ae) tillsammans med metotrexat \u00f6kar bl\u00f6dningsben\u00e4genheten kraftigt.<br \/>\nDet beh\u00f6vs inte mycket f\u00f6r att jag ska f\u00e5 bl\u00e5m\u00e4rken och en del misst\u00e4nker jag \u00e4r spontana &#8211; och det \u00e4r ju helt klar lite lurigt &#8211; s\u00e5 det g\u00e4ller att noga \u00f6verv\u00e4ga f\u00f6rdelar gentemot nackdelar.<\/p>\n<p>Hittade en notering om ett telefonsamtal fr\u00e5n opDr ca 2m\u00e5n efter op.<br \/>\nF\u00f6re det hade jag f\u00e5tt en &#8217;kallelse&#8217; till en telefontid.<br \/>\nOpDr ringde 10\/12-19.<\/p>\n<p>Ca 2 m\u00e5n (8\/12-19) efter op (16\/10-19) b\u00f6rjade jag med Naproxen\u00ae 2x400mg.<\/p>\n<p>S\u00e5 nu vet jag mer.<br \/>\nNu kan jag b\u00f6rja med metotrexat. Tar f\u00f6rsta sprutan idag.<br \/>\nNaproxen\u00ae ska jag tydligen v\u00e4nta med.<br \/>\nMen enl \u00f6k med min reumatolog s\u00e5 tar jag en kort boosterdos med kortison.<\/p>\n<p>Det brukar hj\u00e4lpa och sitta i ett bra tag. P\u00e5 s\u00e5 vis s\u00e5 kan jag f\u00f6rhoppningsvis skjuta upp starten med Naproxen\u00ae &#8211; som jag helst inte vill ta.<\/p>\n<p>Ska tr\u00e4ffa sjukgymnast 29\/3-21 och d\u00e5 l\u00e4gga upp den framtida tr\u00e4ningen. Ska d\u00e5 fr\u00e5ga om denne tror det \u00e4r m\u00f6jligt att med specifik br\u00f6stryggstr\u00e4ning f\u00e5 bukt med de sp\u00e4nda (irriterade &amp; v\u00e4rkande) musklerna &#8211; det \u00e4r i vart fall min f\u00f6rhoppning.<\/p>\n<p><span style=\"font-weight: bold;\">Fr\u00e5gor till opDr<\/span><br \/>\nRenskrivna \ud83d\ude00<br \/>\nMen jag har inte f\u00e5tt n\u00e5gon kallelse till telefontid, \u00e4n&#8230;<\/p>\n<p><span style=\"font-weight: bold;\">Data<\/span><br \/>\nIdag st\u00e5r p\u00e5 schemat att skapa sk symlinks (ln) mellan Ubuntu 18 &amp;<br \/>\nUbuntu 14.<br \/>\nDet betyder att jag fr\u00e5n ett operativ system Ubuntu 18 kan se det inneh\u00e5ll som jag har i motsvarande katalog i Ubuntu 14.<br \/>\nJag har flera kataloger som jag anv\u00e4nder ofta:<br \/>\nUbuntu 14:<br \/>\n<span style=\"font-family: Courier New,Courier,monospace;\">\/media\/nisse\/HD2\/Import\/Digitalfoto<\/span><span style=\"font-family: Courier New,Courier,monospace;\"><br \/>\n\/media\/nisse\/HD2\/Webb\/ngn.nu<\/span><span style=\"font-family: Courier New,Courier,monospace;\"><br \/>\n\/media\/nisse\/HD2\/Bilder<\/span><span style=\"font-family: Courier New,Courier,monospace;\"><br \/>\n\/home\/nisse\/Dokument<\/span><span style=\"font-family: Courier New,Courier,monospace;\"><br \/>\n\/home\/nisse\/Bilder<\/span><span style=\"font-family: Courier New,Courier,monospace;\"><br \/>\n\/home\/nisse\/Video<\/span><\/p>\n<p>f.n. vill jag fr\u00e5n Ubuntu 18 komma \u00e5t just dessa kataloger, enligt:<br \/>\n(fick fixa lite i u18 <span style=\"font-family: Courier New,Courier,monospace;\">\/etc\/fstab<\/span> f\u00f6r f\u00e5 till det s\u00e5 som jag ville att det skulle se ut&#8230;)<br \/>\nDe i HD2 \u00e4r inga problem &#8211; det har jag lyckats namnge s\u00e5 att de ser likadana ut.<br \/>\nD\u00e5 \u00e5terst\u00e5r de som \u00e4r i u14&#8217;s filsystem (HD1, partition 1):<br \/>\n<span style=\"font-family: Courier New,Courier,monospace;\">\/media\/nisse\/u14\/home\/nisse\/Dokument<\/span><span style=\"font-family: Courier New,Courier,monospace;\"><br \/>\n\/media\/nisse\/u14\/home\/nisse\/Bilder<\/span><span style=\"font-family: Courier New,Courier,monospace;\"><br \/>\n\/media\/nisse\/u14\/home\/nisse\/Video<br \/>\nDet var det d\u00e4r &#8217;u14&#8217; jag fixade till i \/etc\/fstab.<br \/>\n<\/span><\/p>\n<p>Och d\u00e5 skapar man sk symlinks (ln), enligt:<br \/>\nI u18 terminalen:<br \/>\n<span style=\"font-family: Courier New,Courier,monospace;\">rmdir \/home\/nisse\/Dokument<\/span><span style=\"font-family: Courier New,Courier,monospace;\"><br \/>\n<\/span><span style=\"font-family: Courier New,Courier,monospace;\"> ln -s \/media\/nisse\/u14\/home\/nisse\/Dokument \/home\/nisse\/Dokument<\/span><span style=\"font-family: Courier New,Courier,monospace;\"><br \/>\n<\/span><span style=\"font-family: Courier New,Courier,monospace;\">rmdir \/home\/nisse\/Bilder<\/span><span style=\"font-family: Courier New,Courier,monospace;\"><br \/>\n<\/span><span style=\"font-family: Courier New,Courier,monospace;\"> ln -s \/media\/nisse\/u14\/home\/nisse\/Bilder \/home\/nisse\/Bilder<\/span><span style=\"font-family: Courier New,Courier,monospace;\"><br \/>\n<\/span><span style=\"font-family: Courier New,Courier,monospace;\">rmdir \/home\/nisse\/Video<\/span><span style=\"font-family: Courier New,Courier,monospace;\"><br \/>\n<\/span><span style=\"font-family: Courier New,Courier,monospace;\"> ln -s \/media\/nisse\/u14\/home\/nisse\/Video \/home\/nisse\/Video<\/span><\/p>\n<p><strong>GRUB meny<\/strong><br \/>\nN\u00e4r jag s\u00e4tter p\u00e5 datorn och inte t\u00e4nker p\u00e5 att v\u00e4nta lite s\u00e5 startar Ubuntu 18.04 per automatik (efter 10s) och s\u00e5 vill jag inte ha det. (Det OS som installeras &#8217;sist&#8217; \u00e4r det som hamnar f\u00f6rst i GRUB-startmeny &#8211; inget man kan v\u00e4lja vid installation av OS).<br \/>\nOch dessutom st\u00e5r det bara &#8217;Ubuntu&#8217; \u00f6verst.<br \/>\n4 rader ned st\u00e5r det: Ubuntu 14.04.6 LTS<br \/>\nDet d\u00e4r vill jag \u00e4ndra p\u00e5.<br \/>\n\u00c4ndra rubriken: Ubuntu &gt; Ubuntu 18.04.5 LTS<br \/>\nOch placera Ubuntu 14.04.6 som f\u00f6rsta alternativ &#8211; \u00f6verst.<br \/>\nMan kan pilla i GRUB-filer om man vill men s\u00e5 s\u00e5g jag att i Ubuntu 18.04 var grub2 installerad och den \u00e4r ruggigt knepig att redigera manuellt.<br \/>\nHittade en programvara som g\u00f6r det &#8217;visuellt&#8217; \ud83d\ude00<br \/>\nInstallera Grub Customizer:<br \/>\nI terminalen:<br \/>\nUbuntu 18.04:<br \/>\n<span style=\"font-family: Courier New,Courier,monospace;\">sud add-apt-repository ppa:danielrichter2007\/grub-customizer<\/span><span style=\"font-family: Courier New,Courier,monospace;\"><br \/>\nsudo apt-get update<\/span><span style=\"font-family: Courier New,Courier,monospace;\"><br \/>\nsudo apt-get install grub-customizer<\/span><\/p>\n<p>Ubuntu 14.04 (samma som f\u00f6r u18):<br \/>\nI terminalen:<br \/>\nUbuntu 14.04:<br \/>\n<span style=\"font-family: Courier New,Courier,monospace;\"> sudo add-apt-repository ppa:danielrichter2007\/grub-customizer <\/span><span style=\"font-family: Courier New,Courier,monospace;\"><br \/>\n<\/span><span style=\"font-family: Courier New,Courier,monospace;\">sudo <\/span>apt-get update<span style=\"font-family: Courier New,Courier,monospace;\"><br \/>\nsudo apt-get install grub-customizer<\/span><\/p>\n<p>Jag m\u00e5ste allts\u00e5 till vissa delar g\u00f6ra om proceduren i u14 p\u00e5 samma vis som jag gjorde i u18 eftersom de har var sin inst\u00e4llningsfil till hur GRUB startmeny ska se ut.<br \/>\nS\u00e5 &#8211; nu ser det snyggt och prydligt ut \ud83d\ude00<br \/>\nUbuntu 14.04.6 st\u00e5r f\u00f6rst (skippade LTS eftersom dess Long Time Support upph\u00f6rt). Startar efter 10s.<br \/>\nOch sedan kommer: Ubuntu 18.04.5 LTS<\/p>\n<p><strong>Promenad 2<\/strong><br \/>\nJag \u00e4r v\u00e4ldigt d\u00e5lig p\u00e5 andra g\u00e5ngen&#8230;<\/p>\n<p><strong>Sjukgymnastik 2av2<\/strong><br \/>\nLika illa h\u00e4r &#8211; sk\u00e4rpning \u2757<\/p>\n<p><strong>Summering<\/strong><br \/>\nB\u00f6rjade jobbigt men s\u00e5 piggnade jag till p\u00e5 eftermiddagen.<br \/>\nBlev datatrixande f\u00f6r hela pengen.<br \/>\nI morgon hoppas jag att det kommer en offert &#8211; att ta st\u00e4llning till \ud83d\ude2e<\/p>\n<hr size=\"2\" width=\"100%\" \/>\n<p>Skippar den h\u00e4r &#8217;listan&#8217; &#8211; jag kommer ju inte till den \u00e4nd\u00e5&#8230;<br \/>\nNi som undrar kan ju kolla listan <a href=\"https:\/\/blogg.ngn.nu\/index.php\/2021\/02\/10\/onsdag-170\/#here\" target=\"_blank\" rel=\"noopener\">H\u00c4R<\/a> &#8211; d\u00e4r den senast f\u00f6rekom.<\/p>\n<hr size=\"2\" width=\"100%\" \/>\n<p>Hur skiljer man p\u00e5 Kategorier (Publicerat i) &amp; Etiketter (tags).<br \/>\nS\u00e5h\u00e4r ca 16 \u00e5r efter att jag b\u00f6rjade blogga, s\u00e5 undrar jag det (och av vilken anledning har jag inte tagit reda p\u00e5 det?<\/p>\n","protected":false},"excerpt":{"rendered":"<p>Dagens Ryggbild Idag var dagens ljusf\u00f6rh\u00e5llande &#8211; p\u00e5 1,64 m (fr\u00e5n kameran) &#8211; 1470 lx (0,25*1470=) ca 368 lm. Kameran jag anv\u00e4nde var: LEICA D-LUX 6 och jag zoomade in till 7,9mm (40mm med 35mm film). Bl\u00e4ndare: f\/1\/,8. Exp: 1\/100s. &hellip; <a href=\"https:\/\/blogg.ngn.nu\/index.php\/2021\/03\/21\/sondag-postop-dag-21\/\">Forts\u00e4tt l\u00e4sa <span class=\"meta-nav\">&rarr;<\/span><\/a><\/p>\n","protected":false},"author":1,"featured_media":0,"comment_status":"open","ping_status":"closed","sticky":false,"template":"","format":"standard","meta":{"footnotes":""},"categories":[371,448,337,4],"tags":[1096,243,1088],"class_list":["post-12828","post","type-post","status-publish","format-standard","hentry","category-data","category-halsa","category-linux","category-vardag","tag-postop","tag-promenad","tag-sjukgymnastik"],"_links":{"self":[{"href":"https:\/\/blogg.ngn.nu\/index.php\/wp-json\/wp\/v2\/posts\/12828","targetHints":{"allow":["GET"]}}],"collection":[{"href":"https:\/\/blogg.ngn.nu\/index.php\/wp-json\/wp\/v2\/posts"}],"about":[{"href":"https:\/\/blogg.ngn.nu\/index.php\/wp-json\/wp\/v2\/types\/post"}],"author":[{"embeddable":true,"href":"https:\/\/blogg.ngn.nu\/index.php\/wp-json\/wp\/v2\/users\/1"}],"replies":[{"embeddable":true,"href":"https:\/\/blogg.ngn.nu\/index.php\/wp-json\/wp\/v2\/comments?post=12828"}],"version-history":[{"count":9,"href":"https:\/\/blogg.ngn.nu\/index.php\/wp-json\/wp\/v2\/posts\/12828\/revisions"}],"predecessor-version":[{"id":12838,"href":"https:\/\/blogg.ngn.nu\/index.php\/wp-json\/wp\/v2\/posts\/12828\/revisions\/12838"}],"wp:attachment":[{"href":"https:\/\/blogg.ngn.nu\/index.php\/wp-json\/wp\/v2\/media?parent=12828"}],"wp:term":[{"taxonomy":"category","embeddable":true,"href":"https:\/\/blogg.ngn.nu\/index.php\/wp-json\/wp\/v2\/categories?post=12828"},{"taxonomy":"post_tag","embeddable":true,"href":"https:\/\/blogg.ngn.nu\/index.php\/wp-json\/wp\/v2\/tags?post=12828"}],"curies":[{"name":"wp","href":"https:\/\/api.w.org\/{rel}","templated":true}]}}