{"id":1282,"date":"2007-10-17T18:53:32","date_gmt":"2007-10-17T17:53:32","guid":{"rendered":"http:\/\/blogg.ngn.nu\/index.php\/2007\/10\/17\/onsdag-3\/"},"modified":"2011-01-11T16:02:26","modified_gmt":"2011-01-11T15:02:26","slug":"onsdag-3","status":"publish","type":"post","link":"https:\/\/blogg.ngn.nu\/index.php\/2007\/10\/17\/onsdag-3\/","title":{"rendered":"Onsdag"},"content":{"rendered":"<p>Jobbat 2 timmar, arbetsplatstr\u00e4ff, bl.a.<\/p>\n<p>Bass\u00e4ngavslappning.<\/p>\n<p>Sov en massa. Nu ca 18:00 har jag piggnat till lite.<\/p>\n<p>Ang\u00e5ende jobbet.<br \/>\nJag annonserade lite tidigare om att jag eventuellt kommer att bli  s.k. tv\u00e5ngsf\u00f6rflyttad. Jag \u00e4r ju numer att betrakta som byr\u00e5krat och d\u00e5  har man ett eget rum, om man nu inte som jag bara arbetar 25%, d\u00e5 verkar  det som om man f\u00e5r flytta p\u00e5 sig, bort fr\u00e5n arbetskamrater och andra  inarbetade ting.<\/p>\n<p>Det f\u00e5r mig att t\u00e4nka p\u00e5 n\u00e5got som jag undervisade om n\u00e4r jag var  verksam som l\u00e4rare i psykiatri. Jag drog den h\u00e4r undervisningen ganska  tidigt p\u00e5 terminen. Den handlade om att komma f\u00f6r sent och vad det f\u00e5r  f\u00f6r effekter. Den som mer eller mindre kroniskt kommer f\u00f6r sent har  genom sitt beteende valt bort gruppen (klassen). Gjort en prioritering.  Det tr\u00e5kiga \u00e4r att det kvittar vad som anf\u00f6rs som argument, har ingen  betydelse om det faktiskt \u00e4r behj\u00e4rtansv\u00e4rt. Gruppen upplever sig \u00e4nd\u00e5  som bortprioriterad.<\/p>\n<p>Det d\u00e4r f\u00e5r som effekt att n\u00e4r gruppen planerar gemensamma  aktiviteter s\u00e5 h\u00e4nder det att den s.k. kroniske senkommaren gl\u00f6ms bort.  Det kan ocks\u00e5 bli s\u00e5 att det som senkommaren s\u00e4ger och tycker inte anses  som viktigt \u00e4ven om det \u00e4r skitsmarta grejer.<\/p>\n<p>Det h\u00e4r \u00e4r v\u00e4l k\u00e4nda s.k. gruppdynamiska effekter och konsekvenser.<\/p>\n<p>Det jag blir ledsen \u00f6ver \u00e4r att det verkar fungera s\u00e5 \u00e4ven gentemot  dem som blir sjuka (mig). Mina arbetskamrater som grupp agerar som om de  blivit bortprioriterade av mig. Min insats eller n\u00e4rvaro \u00e4r inte lika  viktigt l\u00e4ngre. Det kan till och med vara s\u00e5 att den upplevs besv\u00e4rande.  Ingen protesterar n\u00e4r chefen f\u00f6resl\u00e5r att jag ska flytta p\u00e5 mig f\u00f6r att  underl\u00e4tta deras m\u00f6jligheter att kunna samarbeta mer effektivt (det  fattas egentligen ett rum).<\/p>\n<p>Det handlar egentligen om att de m\u00e5ste anpassa sitt arbete, efter  mig, ca 10 timmar per vecka. De resterande 30 timmarna \u00e4r jag ju inte  d\u00e4r.<\/p>\n<p>En medarbetare uttryckte det s\u00e5 h\u00e4r: &#8221;Du kan inte beg\u00e4ra att vi ska anpassa oss efter en som bara arbetar 25%&#8221;.<\/p>\n<p>Intressant, det f\u00f6rv\u00e4ntas av mig att jag ska anpassa mig till 100% efter dem.<\/p>\n<p>Helt best\u00e4mt \u00e4r det inte men eftersom jag \u00e4r den ende, av fem, som  protesterar s\u00e5 \u00e4r nog min m\u00f6jlighet att f\u00e5 vara kvar i arbetsgemenskapen  obefintlig.<\/p>\n<p>\u00c5 andra sidan, med det klimatet, vem vill vara kvar d\u00e5?<\/p>\n","protected":false},"excerpt":{"rendered":"<p>Jobbat 2 timmar, arbetsplatstr\u00e4ff, bl.a. Bass\u00e4ngavslappning. Sov en massa. Nu ca 18:00 har jag piggnat till lite. Ang\u00e5ende jobbet. Jag annonserade lite tidigare om att jag eventuellt kommer att bli s.k. tv\u00e5ngsf\u00f6rflyttad. Jag \u00e4r ju numer att betrakta som byr\u00e5krat &hellip; <a href=\"https:\/\/blogg.ngn.nu\/index.php\/2007\/10\/17\/onsdag-3\/\">Forts\u00e4tt l\u00e4sa <span class=\"meta-nav\">&rarr;<\/span><\/a><\/p>\n","protected":false},"author":1,"featured_media":0,"comment_status":"open","ping_status":"closed","sticky":false,"template":"","format":"standard","meta":{"footnotes":""},"categories":[273,241,813],"tags":[816],"class_list":["post-1282","post","type-post","status-publish","format-standard","hentry","category-jobb","category-rehabilitering","category-overfort-fran-ngnblogganu","tag-arbetsmiljo"],"_links":{"self":[{"href":"https:\/\/blogg.ngn.nu\/index.php\/wp-json\/wp\/v2\/posts\/1282","targetHints":{"allow":["GET"]}}],"collection":[{"href":"https:\/\/blogg.ngn.nu\/index.php\/wp-json\/wp\/v2\/posts"}],"about":[{"href":"https:\/\/blogg.ngn.nu\/index.php\/wp-json\/wp\/v2\/types\/post"}],"author":[{"embeddable":true,"href":"https:\/\/blogg.ngn.nu\/index.php\/wp-json\/wp\/v2\/users\/1"}],"replies":[{"embeddable":true,"href":"https:\/\/blogg.ngn.nu\/index.php\/wp-json\/wp\/v2\/comments?post=1282"}],"version-history":[{"count":0,"href":"https:\/\/blogg.ngn.nu\/index.php\/wp-json\/wp\/v2\/posts\/1282\/revisions"}],"wp:attachment":[{"href":"https:\/\/blogg.ngn.nu\/index.php\/wp-json\/wp\/v2\/media?parent=1282"}],"wp:term":[{"taxonomy":"category","embeddable":true,"href":"https:\/\/blogg.ngn.nu\/index.php\/wp-json\/wp\/v2\/categories?post=1282"},{"taxonomy":"post_tag","embeddable":true,"href":"https:\/\/blogg.ngn.nu\/index.php\/wp-json\/wp\/v2\/tags?post=1282"}],"curies":[{"name":"wp","href":"https:\/\/api.w.org\/{rel}","templated":true}]}}