{"id":12794,"date":"2021-03-14T20:32:53","date_gmt":"2021-03-14T19:32:53","guid":{"rendered":"https:\/\/blogg.ngn.nu\/?p=12794"},"modified":"2021-11-22T15:34:49","modified_gmt":"2021-11-22T14:34:49","slug":"sondag-postop-dag-14","status":"publish","type":"post","link":"https:\/\/blogg.ngn.nu\/index.php\/2021\/03\/14\/sondag-postop-dag-14\/","title":{"rendered":"S\u00f6ndag postOP dag 14"},"content":{"rendered":"<p><small>[Not: Publicerad: 210315]<\/small><\/p>\n<p><strong>Ryggbild<\/strong><br \/>\nIdag blir det flera (Jag g\u00f6r dem mindre och klickbara) i en tabell.<br \/>\nJag har tagit experimentfoto med tre olika kameror och f\u00f6r den ena 2 olika objektiv.<br \/>\nOch samtliga \u00e4r tagna i det dagsljus som kommer in fr\u00e5n v\u00e5r vardagsrumsf\u00f6nster som ligger \u00e5t \u00d6ster:<br \/>\nSamtliga kameror hade samma ljusf\u00f6ruts\u00e4ttningar (dagsljus: 1010 lux) och placering.<br \/>\nHittade en uppgift om att: 1 lux = 1 lumen per square meter.<br \/>\nOch om det \u00e4r 0,25m<sup>2<\/sup>.<br \/>\nOch mitt i den &#8217;ytan&#8217; m\u00e4ter jag 1010 lux.<br \/>\nHur m\u00e5nga lumen \u00e4r det d\u00e5 som kommer farandes?<br \/>\n1010*0,25=252,5lm \u2753<\/p>\n<p>Sammanst\u00e4llningen dr\u00f6jer&#8230;:<br \/>\n<a href=\"http:\/\/ngn.nu\/Pict\/2021\/210314-SONY-a230-75-300-DSC09365.JPG\" target=\"_blank\" rel=\"noopener\"><img loading=\"lazy\" decoding=\"async\" class=\"\" title=\"Morgonens f\u00f6rband p\u00e5 l\u00e4ndryggen\" src=\"http:\/\/ngn.nu\/Pict\/2021\/210314-SONY-a230-75-300-DSC09365.JPG\" alt=\"[Bild: Morgonens_f\u00f6rband_p\u00e5_l\u00e4ndryggen]\" width=\"350\" height=\"234\" \/><\/a><\/p>\n<p><strong>Promenad<\/strong><br \/>\nGjorde ett f\u00f6rs\u00f6k p\u00e5 kvarteret runt &#8211; orkade inte s\u00e5 vi genade av vid ca 1\/3.<br \/>\nVi (jag) satte mig att vila vid lekplatsen mitt i v\u00e5r brf &#8211; synd att d\u00e4r inte var n\u00e5gra barn som lekte &#8211; de hade varit kul att kika p\u00e5 \ud83d\ude00<br \/>\nBarn piggar alltid upp \ud83d\ude00<\/p>\n<p><strong>Sjukgymnastik 1av2<\/strong><br \/>\nAvklarad \ud83d\ude00<\/p>\n<p><strong>Vila<\/strong><br \/>\nTrodde inte att jag vilade alls &#8211; n\u00e4r jag tittade p\u00e5 klockan hade jag legart d\u00e4r i 45 minuter&#8230;<br \/>\n<a name=\"operationsstoryn\"><\/a><br \/>\n<strong>&#8217;\u00d6vers\u00e4ttning&#8217; av operationsber\u00e4ttelsen<\/strong>:<br \/>\nD\u00e5 ska vi se&#8230;<br \/>\nHar l\u00e4st igenom operationsber\u00e4ttelsen n\u00e5gra g\u00e5nger nu och konstaterar &#8211; tyv\u00e4rr &#8211; att den inneh\u00e5ller oklarheter.<br \/>\nSannolikt har det \u00e5 g\u00f6r med den operation som samma l\u00e4kare utf\u00f6rde 2016, i l\u00e4ndryggen.<br \/>\nS\u00e5 f\u00f6r att f\u00e5 en s\u00e5 &#8217;hel&#8217; som m\u00f6jligt k\u00e4nner jag att jag m\u00e5ste ta med en del om vad som gjordes i l\u00e4ndryggen d\u00e5.<br \/>\nJag t\u00e4nkte ocks\u00e5 att vi utg\u00e5r fr\u00e5n en MR-bild d\u00e4r jag efter b\u00e4sta f\u00f6rm\u00e5ga med pilar och markeringar kanske ska klara att beskriva vad de gjort.<br \/>\nBra hade ju varit om jag haft en vanlig RTG p\u00e5 den steloperation de gjort nu &#8211; men det har jag inte. S\u00e5 d\u00e4r f\u00f6r det bli lite gissningar. Som dock kan utg\u00e5 fr\u00e5n den CT-bild som togs under OP som visar var de satt skruvarna.<br \/>\nF\u00f6r ska jag leta fram en MR-bild som kan vara pedagogisk bra&#8230;<br \/>\n(Nu slog jag till och k\u00f6pte en licens p\u00e5 RadiAnt Dicom Viewer):<br \/>\n<a href=\"http:\/\/ngn.nu\/Pict\/2021\/210314_MR-bild-L\u00e4ndrygg.png\" target=\"_blank\" rel=\"noopener\"><img loading=\"lazy\" decoding=\"async\" class=\"\" title=\"Mr-bild p\u00e5 l\u00e4ndryggen fr 2020\" src=\"http:\/\/ngn.nu\/Pict\/2021\/210314_MR-bild-L%C3%A4ndrygg.png\" alt=\"[Bild: Mr-bild p\u00e5 l\u00e4ndryggen fr 2020]\" width=\"550\" height=\"577\" \/><\/a><br \/>\nVill g\u00e4rna b\u00f6rja med att skriva att det Ni ser mellan (<strong>C<\/strong>, <strong>A<\/strong>, <strong>B<\/strong>) &amp; <strong>D<\/strong> \u00e4r fett.<br \/>\nN\u00e4r denna MR togs v\u00e4gde jag 104kg.<br \/>\nN\u00e4r jag opererades (1\/3-21) v\u00e4gde jag 83kg &#8211; s\u00e5 jag utg\u00e5r fr\u00e5n att det lagret nu var betydligt mindre.<br \/>\n&#8217;<strong>D<\/strong>&#8217;: markerar med en streckad linje p\u00e5 ett ungef\u00e4r var opDr skar upp huden och arbetade sig in\u00e5t.<br \/>\nDe b\u00f6rjade nere vid l\u00e4ndryggskotorna <strong>L4<\/strong>, <strong>L5<\/strong> med att mejsla upp h\u00e5l. Jag har markerat platsen med en fyrkant och tv\u00e5 runda grejer som f\u00e5r symbolisera skruvarna.<br \/>\nJag misst\u00e4nker att &#8217;plattan&#8217; eller &#8217;stagen&#8217; egentligen sitter mer \u00e5t h\u00f6ger (bak\u00e5t &#8211; ser ni &#8217;P&#8217; som st\u00e5r i bilden till h\u00f6ger? Det st\u00e5r f\u00f6r Posterior och \u00e4r latin f\u00f6r &#8217;bak\u00e5t&#8217;.<br \/>\nP\u00e5 motsatta sidan av bilden st\u00e5r ett &#8217;A&#8217;. Det st\u00e5r f\u00f6r Anterior och \u00e4r latin f\u00f6r fram\u00e5t.<br \/>\nH\u00f6gst upp i bilden finns ett &#8217;S&#8217; det st\u00e5r f\u00f6r Sinister och \u00e4r latin f\u00f6r v\u00e4nster<br \/>\n&#8217;I&#8217; l\u00e4ngst ned i bilden st\u00e5r f\u00f6r Interior och \u00e4r latin f\u00f6r inre.<\/p>\n<hr \/>\n<p>&gt;: Fick avbryta detta skrivandet f\u00f6r hustrun fick ett akut <a href=\"#problem\">problem<\/a>.<\/p>\n<hr \/>\n<p>Utskott p\u00e5 <strong>L5<\/strong> och <strong>S1<\/strong> sidor tas bort.<br \/>\nSedan jobbar de sig upp\u00e5t till <strong>L2<\/strong>&#8211;<strong>L3<\/strong>. D\u00e4r finns ett \u00e5t v\u00e4nster utbuktande diskbr\u00e5ck. H\u00e4r anv\u00e4nds en n\u00e5l och en del av inneh\u00e5llet sugs ut. Illustreras vid &#8217;<strong>E<\/strong>&#8217;. Taggutskottet p\u00e5 <strong>L2<\/strong> tas bort. De benrester man f\u00e5r mals och anv\u00e4nds nere vid <strong>L4<\/strong>&#8211;<strong>L5<\/strong>.<br \/>\nN\u00e4r de grejat f\u00e4rdigt med skruvar och stag nere vid <strong>L4<\/strong>&#8211;<strong>L5<\/strong> b\u00f6rjar de s\u00e5 att s\u00e4ga arbeta sig ut\u00e5t.<br \/>\nDe l\u00e4gger ett skydd \u00f6ver ryggm\u00e4rgen (<a title=\"En kroppsegen 'sj\u00e4lvuppl\u00f6sande' bindv\u00e4vsfilt\"><span style=\"color: green;\"><strong>Lyostypt<\/strong>\u00ae<\/span><\/a>).<br \/>\nL\u00e4gger sedan ett litet plastr\u00f6r med b\u00f6rjan under den muskelhinna som l\u00f6sgjordes, n\u00e4r man &#8217;gick in&#8217;, r\u00f6ret f\u00f6rs ut \u00e5t h\u00f6ger sida och f\u00e5r en egen liten utg\u00e5ng en bit fr\u00e5n det &#8217;stora&#8217; snittet. Till detta s\u00e4tts sedan ett sk dr\u00e4nage, en anordning som samlar upp blod som l\u00e4cker ut fr\u00e5n s\u00e5ret. Denna anordning har en bl\u00e5sa. Den kan antingen tryckas ihop &#8211; d\u00e5 skapas det ett sug och d\u00e5 kallas detta dr\u00e4nage f\u00f6r aktivt.<br \/>\nL\u00e5ter man bl\u00e5san vara och blodet f\u00e5r droppa vidare till bloduppsamlingsp\u00e5sen s\u00e5 kallas det passivt. Och det var ett s\u00e5dant de &#8217;lade&#8217; h\u00e4r.<br \/>\nMuskelhinnan sys ihop och d\u00e4refter stegvis (ut\u00e5t) de olika hudlagren. Snittet i huden f\u00e4sts ihop med metallklamrar.<br \/>\nS\u00e5ret bed\u00f6vas sedan (Narop 7,5mg\/ml, 20ml) under huden.<a name=\"problem\"><\/a><\/p>\n<p><strong>Hustruns akuta problem<\/strong><br \/>\nSkrivaren ville inte skriva ut.<br \/>\nOch det visade sig vara knepigare \u00e4n vanligt.<br \/>\nHennes dator envisas med att arbeta aktivt med sitt WiFi \u00e4ven om en n\u00e4tverkskabel \u00e4r isatt.<br \/>\nDen h\u00e4r g\u00e5ngen hade WiFi lyckats sno samma IP som skrivaren.<br \/>\nSkrivarens IP \u00e4r sk statisk (fast).<br \/>\nJag l\u00f6ste det genom att i routern styra hustruns WiFi (via den sk mac-adressen) till ett &#8217;eget&#8217; IP. F\u00f6r s\u00e4kerhets skull gjorde jag likadant med n\u00e4tverkskortet (kabeln).<\/p>\n<p><strong>Bloggen<\/strong><br \/>\nM\u00e5let \u00e4r att uppdateringss\u00e4kra den idag.<br \/>\n&gt;: F\u00e5r nog passa d\u00e4r &#8211; har inte b\u00f6rjat med ryggbildskamerautredningen \u00e4n&#8230;<br \/>\nOch enligt oderland support s\u00e5 ska &#8217;temaredigeraren&#8217; visas. De f\u00f6resl\u00e5r att jag inaktiverar alla till\u00e4gg och kollar.<\/p>\n<p><strong>Min Wiki (min sjukhistoria: ngn.nu\/mw)<\/strong><br \/>\nHar f\u00e5tt svar fr\u00e5n supporten och de kan inte g\u00f6ra mer \u00e4n det jag redan t\u00e4nkt:<br \/>\n1. Arbeta mig &#8217;bak\u00e5t&#8217; i php-versioner och se om n\u00e5gon ger ett positivt resultat.<br \/>\n2. V\u00e4lja en &#8217;sannolikt&#8217; b\u00e4sta tidpunkt f\u00f6r \u00e5terst\u00e4llning av wikin (mw)<br \/>\nEnligt:<br \/>\nFiler: <a class=\"autoLinked\" href=\"https:\/\/www.oderland.se\/support\/artikel\/hur-gor-jag-aterstallningar-med-acronis-backup\/#aterstallning-av-filer\" target=\"_blank\" rel=\"noreferrer noopener\">https:\/\/www.oderland.se\/support\/artikel\/hur-gor-jag-aterstallningar-med-acronis-backup\/#aterstallning-av-filer<\/a><br \/>\nDatabas: <a class=\"autoLinked\" href=\"https:\/\/www.oderland.se\/support\/artikel\/hur-gor-jag-aterstallningar-med-acronis-backup\/#aterstallning-av-databaser\" target=\"_blank\" rel=\"noreferrer noopener\">https:\/\/www.oderland.se\/support\/artikel\/hur-gor-jag-aterstallningar-med-acronis-backup\/#aterstallning-av-databaser<\/a><\/p>\n<p><strong>Min Wiki (sjukhistoria)<\/strong><br \/>\nP\u00e5 problemet med att min wiki envisas med att visa &#8217;ngn.nu\/mw&#8217;<br \/>\ni st\u00e4llet f\u00f6r &#8217;mw.ngn.nu&#8217; s\u00e5 som jag vill ha det fick jag en l\u00e4nk om:<br \/>\n<a class=\"autoLinked\" href=\"https:\/\/stackoverflow.com\/questions\/19277670\/how-to-change-the-base-url-of-the-wiki\" target=\"_blank\" rel=\"noreferrer noopener\">https:\/\/stackoverflow.com\/questions\/19277670\/how-to-change-the-base-url-of-the-wiki<\/a><\/p>\n<p><strong>Sjukgymnastik 2av2<\/strong><br \/>\nKnappast.<\/p>\n<p><strong>Summering<\/strong><br \/>\nOrkade inte med allt jag ville idag &#8211; f\u00e5r skylla p\u00e5 hustrun som &#8217;st\u00e4ndigt&#8217; kom med hj\u00e4lpbehov&#8230;<br \/>\nAnnars har det varit en bra dag &#8211; f\u00f6rh\u00e5llandevis.<\/p>\n<hr size=\"2\" width=\"100%\" \/>\n<p>Skippar den h\u00e4r &#8217;listan&#8217; &#8211; jag kommer ju inte till den \u00e4nd\u00e5&#8230;<br \/>\nNi som undrar kan ju kolla listan <a href=\"https:\/\/blogg.ngn.nu\/index.php\/2021\/02\/10\/onsdag-170\/#here\" target=\"_blank\" rel=\"noopener\">H\u00c4R<\/a> &#8211; d\u00e4r den senast f\u00f6rekom.<\/p>\n<hr size=\"2\" width=\"100%\" \/>\n<p>Hur skiljer man p\u00e5 Kategorier (Publicerat i) &amp; Etiketter (tags).<br \/>\nS\u00e5h\u00e4r ca 16 \u00e5r efter att jag b\u00f6rjade blogga, s\u00e5 undrar jag det (och av vilken anledning har jag inte tagit reda p\u00e5 det?<\/p>\n","protected":false},"excerpt":{"rendered":"<p>[Not: Publicerad: 210315] Ryggbild Idag blir det flera (Jag g\u00f6r dem mindre och klickbara) i en tabell. Jag har tagit experimentfoto med tre olika kameror och f\u00f6r den ena 2 olika objektiv. Och samtliga \u00e4r tagna i det dagsljus som &hellip; <a href=\"https:\/\/blogg.ngn.nu\/index.php\/2021\/03\/14\/sondag-postop-dag-14\/\">Forts\u00e4tt l\u00e4sa <span class=\"meta-nav\">&rarr;<\/span><\/a><\/p>\n","protected":false},"author":1,"featured_media":0,"comment_status":"open","ping_status":"closed","sticky":false,"template":"","format":"standard","meta":{"footnotes":""},"categories":[899,371,448,809,544],"tags":[1102,243,1088],"class_list":["post-12794","post","type-post","status-publish","format-standard","hentry","category-bloggutv","category-data","category-halsa","category-landrygg","category-wiki","tag-operationsberattelse","tag-promenad","tag-sjukgymnastik"],"_links":{"self":[{"href":"https:\/\/blogg.ngn.nu\/index.php\/wp-json\/wp\/v2\/posts\/12794","targetHints":{"allow":["GET"]}}],"collection":[{"href":"https:\/\/blogg.ngn.nu\/index.php\/wp-json\/wp\/v2\/posts"}],"about":[{"href":"https:\/\/blogg.ngn.nu\/index.php\/wp-json\/wp\/v2\/types\/post"}],"author":[{"embeddable":true,"href":"https:\/\/blogg.ngn.nu\/index.php\/wp-json\/wp\/v2\/users\/1"}],"replies":[{"embeddable":true,"href":"https:\/\/blogg.ngn.nu\/index.php\/wp-json\/wp\/v2\/comments?post=12794"}],"version-history":[{"count":10,"href":"https:\/\/blogg.ngn.nu\/index.php\/wp-json\/wp\/v2\/posts\/12794\/revisions"}],"predecessor-version":[{"id":13810,"href":"https:\/\/blogg.ngn.nu\/index.php\/wp-json\/wp\/v2\/posts\/12794\/revisions\/13810"}],"wp:attachment":[{"href":"https:\/\/blogg.ngn.nu\/index.php\/wp-json\/wp\/v2\/media?parent=12794"}],"wp:term":[{"taxonomy":"category","embeddable":true,"href":"https:\/\/blogg.ngn.nu\/index.php\/wp-json\/wp\/v2\/categories?post=12794"},{"taxonomy":"post_tag","embeddable":true,"href":"https:\/\/blogg.ngn.nu\/index.php\/wp-json\/wp\/v2\/tags?post=12794"}],"curies":[{"name":"wp","href":"https:\/\/api.w.org\/{rel}","templated":true}]}}