{"id":12786,"date":"2021-03-12T22:01:10","date_gmt":"2021-03-12T21:01:10","guid":{"rendered":"https:\/\/blogg.ngn.nu\/?p=12786"},"modified":"2021-03-12T22:01:10","modified_gmt":"2021-03-12T21:01:10","slug":"fredag-postop-dag-12","status":"publish","type":"post","link":"https:\/\/blogg.ngn.nu\/index.php\/2021\/03\/12\/fredag-postop-dag-12\/","title":{"rendered":"Fredag postOP dag 12"},"content":{"rendered":"<p><span style=\"font-weight: bold;\">Bloggen<\/span><br \/>\nVar modig och uppdaterade till WP 5.7 &#8211; sent i g\u00e5r kv\u00e4ll.<br \/>\nSer ut att fungera (samma fel som f\u00f6rut)<br \/>\nOch s\u00e5 \u00e4r min bild borta&#8230;<\/p>\n<p><span style=\"font-weight: bold;\">Ryggbild<\/span><br \/>\nDagens (morgon) bild p\u00e5 f\u00f6rbandet:<br \/>\n<a href=\"http:\/\/ngn.nu\/Pict\/2021\/210312_0808_Ryggen.jpg\" target=\"_blank\" rel=\"noopener\"><img decoding=\"async\" style=\"width: 350px; height: 250px; border: 0px solid;\" title=\"Morgonens f\u00f6rband p\u00e5 l\u00e4ndryggen\" src=\"http:\/\/ngn.nu\/Pict\/2021\/210312_0808_Ryggen.jpg\" alt=\"[Bild: Morgonens f\u00f6rband p\u00e5 l\u00e4ndryggen]\" \/><\/a><br \/>\nTja, n\u00e5got b\u00e4ttre blev det. Men den d\u00e4r raddan med ljusprickar fr\u00e5n<br \/>\npersiennerna st\u00f6r. Jag anv\u00e4nde en skrivbordslampa med kallt ljus och<br \/>\nriktade den mot en vit l\u00e5da d\u00e5 s\u00e5 att ljuset blev indirekt.<br \/>\nSer ut som om jag skulle beh\u00f6va en starkare lampa&#8230;<br \/>\n\u00c5ss\u00e5 s\u00e5 f\u00f6r jag se till s\u00e5 jag placerar mig lte mer \u00e5t v\u00e4nster, 1dm<br \/>\neller s\u00e5.<\/p>\n<p><span style=\"font-weight: bold;\">Bloggen<\/span><br \/>\nHar funderat lite. Har tr\u00f6ttnat p\u00e5 allt letande efter sm\u00e5fel i<br \/>\nphp-koder.<br \/>\nFunderar p\u00e5 att t\u00f6mma hela katalogen mapp (f\u00f6rutom det jag vet att<br \/>\njag m\u00e5ste spara undan och l\u00e4gga dit igen).<br \/>\nOch s\u00e5 g\u00f6ra en nyinstallation (WP) &#8211; men beh\u00e5lla den gamla<br \/>\ndatabasen.<br \/>\nG\u00e5r inte det s\u00e5 g\u00f6r jag en export p\u00e5 databasen.<br \/>\nNy installation av bloggen (WP).<br \/>\nImporterar databasen.<br \/>\n[x] Ta en s\u00e4kerhetskopia p\u00e5 rubbet: 6786 filer \u00f6verf\u00f6rda<br \/>\n(x) Databasen + (x) Export (cpanel: phpMyAdmin (ngnnu_wrdp2 <span class=\"sai_info\"><span class=\"sai_info\">localhost<\/span><\/span>))<br \/>\n(x) Bloggen (katalogen: blogg)<br \/>\n[x] Vad som beh\u00f6ver sparas undan beh\u00f6ver jag ju inte g\u00f6ra eftersom<br \/>\njag nu om jag f\u00f6ljer listan har gjort en &#8217;s\u00e4kerhetskopiering&#8217; p\u00e5<br \/>\nallt.<br \/>\n[x] Kolla, igen, s\u00e5 att databasen (sql) verkligen ligger n\u00e5gon<br \/>\nannanstans.<br \/>\n[x] Vilka plug-in har jag? 37st totalt, 15 aktiva och 22 inaktiva<br \/>\nAktiva:<br \/>\nAkismet Anti-Spam<br \/>\nArchives by Category and Date<br \/>\nCategories to Tags Converter Importer<br \/>\nCKEditor for WordPress (verkar vara en av dem som<br \/>\nvar med och skapade problem&#8230;)<br \/>\nClassic Editor<br \/>\nIP 2 Nation<br \/>\nMetaSlider<br \/>\nreCaptcha by BestWebSoft<br \/>\nTaxoPress<br \/>\nTerm Management Tools<br \/>\nVisar\/Skyler text (har jag gjort sj\u00e4lv \ud83d\ude00 )<br \/>\nWP-DBManager<br \/>\nWP-dTree<br \/>\nWP-EMail<br \/>\nWP-Print<\/p>\n<p>Inaktiverade:<br \/>\nA Year Before<br \/>\nCryptographp<br \/>\nCustom Smilies<br \/>\nDean&#8217;s FCKEditor For WordPress<br \/>\nExternal Gallery2 Image Block Plugin<br \/>\nGoogle News<br \/>\nHello Dolly<br \/>\njLanguage<br \/>\nMath Comment Spam Protection<br \/>\nShare On Facebook<br \/>\nSimple Facebook Like<br \/>\nSubscribe To Comments<br \/>\nTheme Switcher<br \/>\nTwitter Widget Pro<br \/>\nVisar Google News<\/p>\n<p>Av ovan staplade till\u00e4gg var det f\u00f6ljande som stod f\u00f6r ca 99% av felen:<br \/>\nA Year Before<br \/>\nCustom Smilies<br \/>\nWordPress Database Backup<br \/>\njLanguage<br \/>\nWP-CodeBox<br \/>\nYouTube widget<br \/>\nYoutuber<\/p>\n<p>[x] T\u00f6mmer katalogen &#8217;blogg&#8217; (nu \u00e4r det sp\u00e4nnande&#8230;) &#8211; b\u00e4st att<br \/>\nf\u00f6rst l\u00e4sa instruktioner om hur man installerar&#8230; Valde att byta<br \/>\nnamn p\u00e5 den i st\u00e4llet.<br \/>\n&gt;: uppt\u00e4ckte att det finns n\u00e5got som kallas Micro Blogs (som<br \/>\nTwitter typ Jag har tillg\u00e5ng till: StatusNet &amp; Storytlr<br \/>\n(underh\u00e5lls inte l\u00e4ngre)). Undrar om man kan ha en s\u00e5dan och en app<br \/>\ni mobilen t.ex. och skriva in spontana upplevelser? &gt;: g\u00f6r detta<br \/>\ntill ett senare problem&#8230;<br \/>\n[x] Kollar vilket som \u00e4r b\u00e4st:<br \/>\n(x) Installera WP fr\u00e5n webbhotellet. Tror detta<br \/>\n\u00e4r det b\u00e4sta valet, Men jag kanske s\u00e4krar upp och installerar en<br \/>\nblogg och bara byter namn p\u00e5 den andra &gt; blogg1 ? f\u00f6r att se att<br \/>\ndet funkar? L\u00e4ttare att \u00e4ndra tillbaka?<br \/>\nFf os\u00e4ker p\u00e5 hur databaskommunikation kommer att bete sig<br \/>\n(-) &#8217;Tanka&#8217; ned WP till min PC och sedan kopiera<br \/>\ntill webbhotellet.<br \/>\nDet h\u00e4nger p\u00e5 det d\u00e4r med databasen.<br \/>\n[x] Fr\u00e5n s\u00e4kerhetskopieringen f\u00f6r jag \u00f6ver filen som inneh\u00e5ller<br \/>\nvilken databas som ska anv\u00e4ndas<br \/>\n[x] Kopiera den katalog som inneh\u00e5ller mitt nuvarande tema.<br \/>\n[x] Sedan tror jag att &#8217;bara&#8217; \u00e4r att starta wp-admin. Det var det<br \/>\nmen och d\u00e4rifr\u00e5n ser allt bra ut. Men blogg.ngn.nu leder inte till<br \/>\nmin blogg utan till n\u00e5gon slags felsida f\u00f6r oderland&#8230;?<br \/>\nHar skickat en liten fr\u00e5ga till supporten om vad jag kan ha gjort<br \/>\nf\u00f6r fell eller vad jag kan ha missat.<br \/>\n[-] Inget bra resultat av detta dagsverke&#8230;<\/p>\n<p><span style=\"font-weight: bold;\">Sjukgymnastik 1av2<\/span><br \/>\nFixad \ud83d\ude00<\/p>\n<p><span style=\"font-weight: bold;\">Promenad<\/span><br \/>\nFixad \ud83d\ude00 Ett varv runt tre huskroppar.<\/p>\n<p><span style=\"font-weight: bold;\">Vila<\/span><br \/>\nDet blev en stund :-D.<\/p>\n<p><span style=\"font-weight: bold;\">Sjukgymnastik 2av2<\/span><br \/>\nHann inte med den&#8230;<br \/>\nSitter f\u00f6r mycket framf\u00f6r datorn &#8211; inte ALLS bra&#8230;<\/p>\n<p><span style=\"font-weight: bold;\">blogg.ngn.nu (<\/span><span style=\"font-weight: bold;\">Oderland)<\/span><br \/>\nNu har jag f\u00e5tt bort alla fel.<br \/>\nEtt problem bara fr.o.m. idag och hur l\u00e4nge vet jag inte om n\u00e5gon<br \/>\nskriver: blogg.ngn.nu eller https:\/\/blogg.ngn.nu s\u00e5 kommer Ni att se<br \/>\ndetta:<br \/>\n<a href=\"http:\/\/ngn.nu\/Pict\/2021\/Oderland-cgi-sys_defaultwebpage.cgi.png\" target=\"_blank\" rel=\"noopener\"><img decoding=\"async\" style=\"width: 350px; height: 254px; border: 0px solid;\" title=\"Oderland omdirigering\" src=\"http:\/\/ngn.nu\/Pict\/2021\/Oderland-cgi-sys_defaultwebpage.cgi.png\" alt=\"[Bild: Oderland omdirigering]\" \/><\/a><br \/>\nOch i den sk URL-rutan s\u00e5 kommer Ni att se adressen:<br \/>\n<span style=\"font-family: Courier New,Courier,monospace;\">https:\/\/blogg.ngn.nu\/cgi-sys\/defaultwebpage.cgi<\/span><br \/>\nOm man tar bort: <span style=\"font-family: Courier New,Courier,monospace;\">\/cgi-sys\/defaultwebpage.cgi<\/span> och<br \/>\ntrycker [Enter]<br \/>\ns\u00e5 kommer min blogg att visas.<br \/>\nLikas\u00e5 om man skriver: <span style=\"font-family: Courier New,Courier,monospace;\">https:\/\/blogg.ngn.nu<\/span> och trycker<br \/>\n[Enter]<br \/>\nMen hur ska Ni veta det&#8230;?<\/p>\n<p>Jag hoppas Oderland fixar den h\u00e4r knepighet s\u00e5 att det g\u00e5r att<br \/>\nskriva endast: blogg.ngn.nu igen.<br \/>\nOm det sedan \u00e4ndras till https:\/\/blogg.ngn.nu s\u00e5 g\u00f6r det ju inget<br \/>\n(vilket det troligtvis kommer att g\u00f6ra).<\/p>\n<p>Lade till mitt alldeles egna lilla egengjorda plug-in: Visar\/Skyler<br \/>\n(WP-ngn-VS &gt; WP-ngn-VS.php) &gt; Den skapade inga fel \ud83d\ude00<\/p>\n<p><span style=\"font-weight: bold;\">Kameror<\/span><br \/>\nhar best\u00e4mt mig f\u00f6r LEICA&#8217;n p\u00e5 stativ och indirekt ljus riktat mot<br \/>\nen vit yta. Problemet att jag har sv\u00e5r att f\u00e5 till tillr\u00e4ckligt med<br \/>\nlumen. Jag f\u00e5r ta det jag hittar jag skulle beh\u00f6va minst 500lm fn<br \/>\nhar jag 3lm&#8230;<\/p>\n<p><span style=\"font-weight: bold;\">&#8217;\u00d6vers\u00e4ttning&#8217; av operationsber\u00e4ttelsen<\/span>:<br \/>\nSka skrivas idag&#8230;<br \/>\n&#8230; eller i morgon &#8230;<\/p>\n<p><strong>Summering<\/strong><br \/>\nHyfsat bra dag. Tr\u00e5kigt bara att oderland inte kommer tillr\u00e4tta med<br \/>\natt min blogg inte visas (eller s\u00e5 harv de inte tittat p\u00e5 problemet<br \/>\n\u00e4n).<\/p>\n<hr size=\"2\" width=\"100%\" \/>\n<p>Skippar den h\u00e4r &#8217;listan&#8217; &#8211; jag kommer ju inte till den \u00e4nd\u00e5&#8230;<br \/>\nNi som undrar kan ju kolla listan <a href=\"https:\/\/blogg.ngn.nu\/index.php\/2021\/02\/10\/onsdag-170\/#here\" target=\"_blank\" rel=\"noopener\">H\u00c4R<\/a> &#8211; d\u00e4r den senast f\u00f6rekom.<\/p>\n<hr size=\"2\" width=\"100%\" \/>\n<p>Hur skiljer man p\u00e5 Kategorier (Publicerat i) &amp; Etiketter (tags).<br \/>\nS\u00e5h\u00e4r ca 16 \u00e5r efter att jag b\u00f6rjade blogga, s\u00e5 undrar jag det (och<br \/>\nav vilken anledning har jag inte tagit reda p\u00e5 det?<\/p>\n","protected":false},"excerpt":{"rendered":"<p>Bloggen Var modig och uppdaterade till WP 5.7 &#8211; sent i g\u00e5r kv\u00e4ll. Ser ut att fungera (samma fel som f\u00f6rut) Och s\u00e5 \u00e4r min bild borta&#8230; Ryggbild Dagens (morgon) bild p\u00e5 f\u00f6rbandet: Tja, n\u00e5got b\u00e4ttre blev det. Men den &hellip; <a href=\"https:\/\/blogg.ngn.nu\/index.php\/2021\/03\/12\/fredag-postop-dag-12\/\">Forts\u00e4tt l\u00e4sa <span class=\"meta-nav\">&rarr;<\/span><\/a><\/p>\n","protected":false},"author":1,"featured_media":0,"comment_status":"open","ping_status":"closed","sticky":false,"template":"","format":"standard","meta":{"footnotes":""},"categories":[899,131,448,809],"tags":[163,243,1088],"class_list":["post-12786","post","type-post","status-publish","format-standard","hentry","category-bloggutv","category-foto","category-halsa","category-landrygg","tag-bloggkrasch","tag-promenad","tag-sjukgymnastik"],"_links":{"self":[{"href":"https:\/\/blogg.ngn.nu\/index.php\/wp-json\/wp\/v2\/posts\/12786","targetHints":{"allow":["GET"]}}],"collection":[{"href":"https:\/\/blogg.ngn.nu\/index.php\/wp-json\/wp\/v2\/posts"}],"about":[{"href":"https:\/\/blogg.ngn.nu\/index.php\/wp-json\/wp\/v2\/types\/post"}],"author":[{"embeddable":true,"href":"https:\/\/blogg.ngn.nu\/index.php\/wp-json\/wp\/v2\/users\/1"}],"replies":[{"embeddable":true,"href":"https:\/\/blogg.ngn.nu\/index.php\/wp-json\/wp\/v2\/comments?post=12786"}],"version-history":[{"count":1,"href":"https:\/\/blogg.ngn.nu\/index.php\/wp-json\/wp\/v2\/posts\/12786\/revisions"}],"predecessor-version":[{"id":12787,"href":"https:\/\/blogg.ngn.nu\/index.php\/wp-json\/wp\/v2\/posts\/12786\/revisions\/12787"}],"wp:attachment":[{"href":"https:\/\/blogg.ngn.nu\/index.php\/wp-json\/wp\/v2\/media?parent=12786"}],"wp:term":[{"taxonomy":"category","embeddable":true,"href":"https:\/\/blogg.ngn.nu\/index.php\/wp-json\/wp\/v2\/categories?post=12786"},{"taxonomy":"post_tag","embeddable":true,"href":"https:\/\/blogg.ngn.nu\/index.php\/wp-json\/wp\/v2\/tags?post=12786"}],"curies":[{"name":"wp","href":"https:\/\/api.w.org\/{rel}","templated":true}]}}