{"id":12760,"date":"2021-03-10T18:49:52","date_gmt":"2021-03-10T17:49:52","guid":{"rendered":"http:\/\/blogg.ngn.nu\/?p=12760"},"modified":"2021-03-10T18:49:52","modified_gmt":"2021-03-10T17:49:52","slug":"onsdag-postop-dag-10","status":"publish","type":"post","link":"https:\/\/blogg.ngn.nu\/index.php\/2021\/03\/10\/onsdag-postop-dag-10\/","title":{"rendered":"Onsdag postOP dag 10"},"content":{"rendered":"<p>\n\t<span style=\"color: rgb(0, 153, 0);\"><span style=\"font-weight: bold;\">VeckoInv&auml;gning<\/span><\/span><br \/>\n\t83,2kg \ud83d\ude00 -3,1kg fr&aring;n i torsdag. Men kanske viktigare: -0,2kg fr&aring;n 24\/2-21 r&auml;knat.<br \/>\n\tIdag blir det dock party!<br \/>\n\tMen p&aring; ett annorlunda vis.<br \/>\n\tDetta firande r&aring;kar sammanfalla med den dag d&aring; hustrun &amp; jag best&auml;mt att v&aring;r egen lilla &#39;isolering&#39; &auml;r slut.<br \/>\n\tS&aring; idag fick jag d&aring; :love: kramat :love: p&aring; frugan f&ouml;r f&ouml;rsta g&aring;ngen sedan 28\/2-21.<br \/>\n\tTycker o&auml;ndligt synd om Dem som inte har n&aring;gon att krama p&aring;.<br \/>\n\tAnnars &#8211; ett bra substitut &#8211; ett tillr&auml;ckligt stort gosedjur &#8211; s&aring; har jag gjort.<br \/>\n\tJag har kramat kuddar ocks&aring;.<br \/>\n\tGe dem ett namn som v&auml;cker positiva k&auml;nslor.<\/p>\n<p>\t<span style=\"font-weight: bold;\">Ryggbild<\/span><br \/>\n\tDagens (morgon) bild p&aring; f&ouml;rbandet:<br \/>\n\t<a href=\"http:\/\/ngn.nu\/Pict\/2021\/210310_Ryggen-L1000889.JPG\" target=\"_blank\" rel=\"noopener\"><img decoding=\"async\" alt=\"[Bild: Morgonens f\u00f6rband p\u00e5 l\u00e4ndryggen]\" src=\"http:\/\/ngn.nu\/Pict\/2021\/210310_Ryggen-L1000889.JPG\" style=\" width: 350px; height: 241px; border: 0px solid;\" title=\"Morgonens f\u00f6rband p\u00e5 l\u00e4ndryggen\" \/><\/a><br \/>\n\tHar problem med sk&auml;rpan &#8211; tror jag ska fr&aring;ga kompisen H&aring;kan.<br \/>\n\tAnnars &#8211; ser ju ut som vanligt. Dagen f&ouml;r borttagande av agraffer n&auml;rmar sig (19\/3-21).<\/p>\n<p>\t<span style=\"font-weight: bold;\">Uppdateringar<\/span><br \/>\n\tUppdaterade en del om det jag skrev om <a href=\"https:\/\/blogg.ngn.nu\/index.php\/2021\/03\/09\/tisdag-postop-dag-9\/#Andningsmask\" target=\"_blank\" rel=\"noopener\">munskydd<\/a>, ig&aring;r.<br \/>\n\tUppdaterade den 4\/3-21. Uppt&auml;ckte att jag missat &#39;<a href=\"https:\/\/blogg.ngn.nu\/index.php\/2021\/03\/04\/postop-dag-4-hemma\/#https:\/\/blogg.ngn.nu\/index.php\/2021\/03\/04\/postop-dag-4-hemma\/\" target=\"_blank\" rel=\"noopener\">veckoinv&auml;gningen<\/a>&#39;.<\/p>\n<p>\tHar uppt&auml;ckt en lite f&ouml;rvirrande r&ouml;ra eller d&aring;lig ordning eller att jag trott att jag gjort vissa saker&#8230;, etc.<br \/>\n\tTror att det kan ha med l&auml;kemedelsp&aring;verkan att g&ouml;ra&#8230;<br \/>\n\t&#8230; och i takt med minskningen av framf&ouml;r allt de &#39;naturliga&#39; opiumalkaloider (<span style=\"font-style: italic;\">Oxikodon<\/span>) jag har haft sedan operationen &#8211; jag &auml;r inne p&aring; de sista nu.<br \/>\n\t<span style=\"font-style: italic;\">Tramadol<\/span> som jag har vid behov &#8211; i vanliga fall &#8211; &auml;r ocks&aring; en opioid &#8211; men definieras som: &#39;&Ouml;vriga opioider&#39; (N02AX: vet inte vad det inneb&auml;r).<br \/>\n\tSer nu ocks&aring; att just Tramadol tillh&ouml;r underkruppen: NA02AX02 &#8211; vilket inte g&ouml;r mig klokare i att f&ouml;rst&aring; vad &quot;N02AX &Ouml;vriga opioider&quot; inneb&auml;r.<\/p>\n<p>\tFins det n&aring;gon online fr&aring;ga doktorn \/ eller farmaceut?<\/p>\n<p>\t<span style=\"font-weight: bold;\">TeleskopSp&ouml; (12m)<\/span><br \/>\n\tSoffie s&aring;g n&ouml;jd ut med sitt nya sp&ouml; (hur fixade hon det s&aring; fort&#8230;?)<\/p>\n<p>\t<span style=\"font-weight: bold;\">Sjukgymnastik 1av2<\/span><br \/>\n\tFixat \ud83d\ude00<br \/>\n\tFast nu n&auml;r jag l&auml;ste p&aring; lite mer noggrant s&aring; ska ska det ske x2. 2 g&aring;nger per dag allts&aring;&#8230;<\/p>\n<p>\t<span style=\"font-weight: bold;\">Promenad<\/span><br \/>\n\tKanske blir det en liten utflykt?<br \/>\n\tDet blev det \ud83d\ude00<br \/>\n\tJag best&auml;mde att vi &aring;kte ned till golfbanans parkering och promenerade ned till G&ouml;ta &Auml;lv &#8211; och tillbaka.<br \/>\n\tTyckte att det var on&ouml;digt att g&ouml;ra l&auml;ngre bilresor s&aring; l&auml;nge jag inte kan g&aring; s&aring; l&aring;ngt.<\/p>\n<p>\t<span style=\"font-weight: bold;\">Vila<\/span><br \/>\n\tSka ske alldeles strax.<\/p>\n<p>\t<span style=\"font-weight: bold;\">Sjukgymnastik 2av2<\/span><br \/>\n\tKlar! \ud83d\ude00 inte illa att jag kom ih&aring;g den.<\/p>\n<p>\t<span style=\"font-weight: bold;\">Kameror<\/span><br \/>\n\tF&ouml;rs&ouml;ker f&aring; till vilken kamera som &auml;r b&auml;st att fotograferar ryggen med&#8230;<br \/>\n\tJust nu &#39;laborerar&#39; jag med smartf&aring;nen.<br \/>\n\tSka se om det g&aring;r att f&aring; ett &#39;klick&#39;-ljud, eftersom jag anv&auml;nder timer. Och det &auml;r inte alltid blixten vill eller beh&ouml;vs&#8230;\n<\/p>\n<p>\n\t<strong>Paket<\/strong><br \/>\n\tIdag kom adapter som g&ouml;r att jag kan s&auml;tta ihop gorillastativet med en stativhuvud (med en st&ouml;rre g&aring;nga).<br \/>\n\tJag har nu ocks&aring; en laddkabel till alla tre apparater som vill ha laddning via USB typ C.<\/p>\n<p>\t<span style=\"font-weight: bold;\">Operationsber&auml;ttelsen<a name=\"operationsber\u00e4ttelsen\"><\/a><\/span><br \/>\n\tperOP:<br \/>\n\t&quot;<span style=\"font-weight: bold;\">V&aring;rdgivare: L&Auml;KARE NN<\/span><br \/>\n\t<span style=\"font-weight: bold;\">Operationsber&auml;ttelse Datum: 210301 0809 Dokdatum: 210301\/NN<\/span><\/p>\n<p>\t<span style=\"font-weight: bold;\">PREOP<\/span><br \/>\n\tPatient som besv&auml;ras av bilateral bensm&auml;rta som m&ouml;jligen kan h&auml;rr&ouml;ra fr&aring;n flertalet recesstenoser samt central stenosering. Tidigare diskuterat det hela p&aring; teamkonferens och undertecknad beslutar att utf&ouml;ra central dekompression L2-L3 samt dekompression L4-S1 bilateralt och fusion L4-L5. Operationsindikationen kvarst&aring;r och framkommer inga kontraindikationer.<\/p>\n<p>\tG&ouml;r enligt nedan:<\/p>\n<p>\t<span style=\"font-weight: bold;\">OPERATION<\/span><br \/>\n\tBakre fusion L4-L5 samt dekompression L2-L3 och L4-S1 centralt, NAG79, ABC56.<\/p>\n<p>\tOperat&ouml;rer: dr NN och dr NN.<\/p>\n<p>\tG&aring;r via medellinjesnitt ner och friar upp spatiet L2-S1. Anbringar navigation och med hj&auml;lp av navigeringsinstrument prylas h&aring;l upp f&ouml;r pediklarna L4-L5 bilateralt. Decortikerar och s&auml;tter skruvar. Utf&ouml;r d&auml;refter central dekompression L4-S1 d&auml;r &auml;rrv&auml;vnad l&ouml;ses med slev l&auml;ngs med benkanterna. Kan d&auml;refter mejsla ner benkanterna och komma ut lateralt &ouml;ver recesserna p&aring; L4-L5-niv&aring; och utf&ouml;r d&auml;refter mediala facettektomier L5-S1 bilateralt. F&ouml;rflyter komplikationsfritt. G&aring;r d&auml;refter upp p&aring; L2-L3-niv&aring; och l&ouml;ser &auml;rrv&auml;vnad kring L2-b&aring;gen och kan d&auml;refter ta utf&ouml;rande dekompression centralt. P&aring; v&auml;nstersidan finns ett diskbr&aring;ck som incideras och extraheras. Inga kvarvarande rester. Tar d&auml;refter ben fr&aring;n utskottet och mal detta. L&auml;gger ner Iateralt i fusionen, anbringar stag och l&aring;ser med l&aring;shattar efter att ha distraherat bilateralt. Skyddar duran med Lyostypt. Anbringar ett subfasciellt passivt dr&auml;n. &Aring;tersuturerar fascian och d&auml;refter etagevis subcutis. Staples i huden. Infiltrerar med Narop 7,5 mg\/ml, 20 ml subkutant.<\/p>\n<p>\t<span style=\"font-weight: bold;\">POSTOP<\/span><br \/>\n\tSedvanlig mobilisering som vid dekompression\/fusion lumbalt.<\/p>\n<p>\t<span style=\"font-weight: bold;\">DIAGNOS<\/span><br \/>\n\tCentral spinal stenos L2-L3, M480K.<br \/>\n\tRecesstenos L4-S1 bilateralt, M488K.<\/p>\n<p>\t<span style=\"font-weight: bold;\">SSK-ber&auml;ttelse<\/span>:<br \/>\n\t<span style=\"font-weight: bold;\">V&aring;rdgivare: SJUKSK&Ouml;TERSKA NN Signerad: 210303 <\/span><br \/>\n\t<span style=\"font-weight: bold;\">Omv&aring;rdnadsepikris Datum: 210303 1059 Dokdatum: 210303\/NN<\/span><\/p>\n<p>\t<span style=\"font-weight: bold;\">V&Aring;RDTID<\/span><br \/>\n\t200301 -200303<\/p>\n<p>\t<span style=\"font-weight: bold;\">PAL<\/span><br \/>\n\tNN.<\/p>\n<p>\t<span style=\"font-weight: bold;\">KONTAKTORSAK \/ OPERATION <\/span><br \/>\n\tOp 1\/3 Fusion L4-L5 + Dek L2-L3, L4-S1.<\/p>\n<p>\t<span style=\"font-weight: bold;\">ANDNING \/ CIRKULATION<\/span><br \/>\n\tPer.op bl&ouml;dning 150ml. Passivt dr&auml;n draget 2\/3, total m&auml;ngd 220ml. Hb 136, temp 36,3. Blodtryck 130\/80.<\/p>\n<p>\t<span style=\"font-weight: bold;\">ELIMINATION<\/span><br \/>\n\tKAD dragen morgon 2\/3. Miktion u.a, bladder Oml efter miktion: Har inte sk&ouml;tt magen under v&aring;rdtiden. Har erh&aring;llits Laxoberaldroppar.<\/p>\n<p>\t<span style=\"font-weight: bold;\">HUD I V&Auml;VNAD<\/span><br \/>\n\tFl&auml;ckfritt f&ouml;rband vid hemg&aring;ng. Agraffer.<\/p>\n<p>\t<span style=\"font-weight: bold;\">AKTIVITET<\/span><br \/>\n\tG&aring;r utan hj&auml;lpmedel.<\/p>\n<p>\t<span style=\"font-weight: bold;\">SM&Auml;RTA<\/span><br \/>\n\tV&auml;l sm&auml;rtlindrad med Panodil och Oxycontin 20mg x2. Har inte beh&ouml;vt extra sm&auml;rtlindring.<\/p>\n<p>\t<span style=\"font-weight: bold;\">&Ouml;VRIGT<\/span><br \/>\n\tF&aring;tt recept p&aring; Heracillin i 10 dagar.<\/p>\n<p>\t<span style=\"font-weight: bold;\">UTSKRIVEN TILL<\/span><br \/>\n\tHemmet. H&auml;mtas av anh&ouml;rig.&quot;<\/p>\n<p>\t<span style=\"font-weight: bold;\">&#39;&Ouml;vers&auml;ttning&#39; av operationsber&auml;ttelsen<\/span>:<br \/>\n\tOm nu natten l&ouml;per v&auml;l och jag f&aring;r vilat s&aring; &auml;r det t&auml;nkt att jag h&auml;r nedan skriva en &#39;&ouml;vers&auml;ttning&#39;.<\/p>\n<p>\t<span style=\"font-weight: bold;\">Oderland<\/span><br \/>\n\tS&aring; fick jag d&aring; ett svar som jag begrep:<br \/>\n\t&quot;<span style=\"font-style: italic;\">Hej Nisse,<\/span><\/p>\n<p>\t<span style=\"font-style: italic;\">P&aring; morgonen den 6 Mars 08:15 g&ouml;rs en st&ouml;rre m&auml;ngd (30+) f&ouml;rfr&aring;gningar till filen https:\/\/blogg.ngn.nu\/xmlrpc.php fr&aring;n din IP-adress XXX.XXX.XXX.XXX. Detta klassificeras som misst&auml;nkt av v&aring;r brandv&auml;gg som d&aring; presenterar en captcha vid n&auml;sta f&ouml;rfr&aring;gning. Captchan l&ouml;ses inte och d&auml;rmed blir IP-adressen blockerad. Den captcha vi pratar om h&auml;r &auml;r brandv&auml;ggens captcha. Det captcha-plugin du installerat p&aring; din webbplats har inte med saken att g&ouml;ra.<\/span><\/p>\n<p>\t<span style=\"font-style: italic;\">Om du inte minns att du gjort dessa f&ouml;rfr&aring;gningar kontrollera om du har n&aring;got program relaterat till WordPress som kan ha gjort f&ouml;rfr&aring;gningarna. En s&aring;dan applikation saknar f&ouml;rm&aring;ga att l&ouml;sa captcha s&aring; det f&ouml;rklarar i s&aring; fall varf&ouml;r du inte sett captchan sj&auml;lv. Vanligtvis &auml;r det WordPress-appen f&ouml;r mobil som orsakar s&aring;dana h&auml;r situationer. Har du anv&auml;nt den appen s&aring; &auml;r det med all s&auml;kerhet i samband med detta som din IP-adress blivit blockerad.<\/span><\/p>\n<p>\t<span style=\"font-style: italic;\">Vi har ingen m&ouml;jlighet att veta om en IP-adress &auml;r en kund eller ej. &Auml;ven om vi visste det s&aring; h&auml;nder det att folks datorer blir hackade vilket resulterar i att skadlig trafik genereras fr&aring;n deras datorer utan deras egen vetskap. Det g&aring;r d&auml;rf&ouml;r inte att g&ouml;ra undantag i reglerna baserat p&aring; att n&aring;gon &auml;r kund.<\/span><\/p>\n<p>\t<span style=\"font-style: italic;\">Brandv&auml;ggen hanterar all trafik p&aring; hela servern, inte bara p&aring; ditt konto. Listan inneh&aring;ller IP-adresser som attackerat andra konton p&aring; servern. Fullst&auml;ndiga listor med IP-adresser som &auml;r blockerade i brandv&auml;gg klassificeras som personuppgifter och kan d&auml;rf&ouml;r inte delas ut till kunder.<\/span><\/p>\n<p>\t<span style=\"font-style: italic;\">H&auml;lsningar<\/span> <span style=\"font-style: italic;\">NN<\/span>&quot;<\/p>\n<p>\tOch p&aring; det svara jag:<br \/>\n\t&quot;<span style=\"font-style: italic;\">Hej NN,<\/span><\/p>\n<p>\t<span style=\"font-style: italic;\">Bugar och tackar f&ouml;r ett svar som jag begriper b&auml;ttre.<\/span><\/p>\n<p>\t<span style=\"font-style: italic;\">Nu har jag ju dock ett problem.<\/span><br \/>\n\t<span style=\"font-style: italic;\">Jag appen WP installerad b&aring;de p&aring; mobilen och p&aring; surfplattan. Den i mobilen har jag inte pillat p&aring; (tror jag&#8230;).<\/span><\/p>\n<p>\t<span style=\"font-style: italic;\">Jag kan d&auml;remot ha startat upp WP-appen p&aring; plattan &#8211; har dock inget minne av detta. De senaste dagarna har varit lite &#39;suddiga&#39;. Jag opererades i l&auml;ndryggen den 1\/3-21.<\/span><\/p>\n<p>\t<span style=\"font-style: italic;\">Det l&aring;ter ju sannolikt att jag kan ha startat upp WP-appen f&ouml;r att kolla n&aring;got. Men vad jag minns s&aring; h&ouml;ll jag mest p&aring; med att fixa med mina anteckningar via min station&auml;ra PC.<\/span><\/p>\n<p>\t<span style=\"font-style: italic;\">L&auml;ste p&aring; lite om filen &#39;xmlrpc.php&#39; och det &auml;r en fil som HAR anv&auml;nds av WP-appar i mobiler.<\/span><br \/>\n\t<span style=\"font-style: italic;\">Om jag nu l&auml;st r&auml;tt s&aring; anv&auml;nds den inte l&auml;ngre utan st&auml;ller mer till problem.<\/span><br \/>\n\t<span style=\"font-style: italic;\">Jag hittade ett WP-plugin som man kunde installera (Disable XML-RPC-API) och det har jag nu gjort.<\/span><br \/>\n\t<span style=\"font-style: italic;\">Nu ska allts&aring; filen &#39;xmlrpc.php&#39; p&aring; blogg.ngn.nu vara &#39;inaktiverad&#39;.<\/span><br \/>\n\t<span style=\"font-style: italic;\">Jag hoppas att det ocks&aring; inneb&auml;r &#39;icke st&ouml;rande&#39;. <\/span><\/p>\n<p>\t<span style=\"font-style: italic;\">Vi f&aring;r v&auml;l hoppas att det r&auml;cker f&ouml;r jag vill g&auml;rna kunna anv&auml;nda plattan och WP-appen f&ouml;r att kunna publicera inl&auml;gg till blogg.ngn.nu &#8211; fr&auml;mst n&auml;r man &auml;r p&aring; resande fot.<\/span><br \/>\n\t<span style=\"font-style: italic;\">Och det har jag gjort mycket tidigare &#8211; kan dock inte minnas om jag gjorde det via WP-appen eller via bloggens WPadmin-edit direkt?<\/span><\/p>\n<p>\t<span style=\"font-style: italic;\">Detta har ju inte h&auml;nt tidigare och jag har ju anv&auml;nt den appen tidigare.<\/span><br \/>\n\t<span style=\"font-style: italic;\">Sv&aring;rt att begripa att problemet skulle dyka upp just nu?<\/span><\/p>\n<p>\t<span style=\"font-style: italic;\">V&auml;nligen<\/span><\/p>\n<p>\t<span style=\"font-style: italic;\">Nils-Gunnar Nordlundh<\/span>&quot;<\/p>\n<p>\tJag och supporten har haft mer kommunikation &auml;n ovan f&ouml;r den h&auml;r bloggen best&auml;mde sig f&ouml;r att trilskas &aring; det v&auml;rsta och g&ouml;r det fortfarande &#8211; men jag tror inte det ska m&auml;rkas ut mot anv&auml;ndarna.<br \/>\n\tF&aring;r se om jag orkar grotta ned mig i fels&ouml;kning i morgon.<\/p>\n<p>\t<strong>Summering<\/strong><br \/>\n\tK&auml;nner mig helt slut i kolan &#8211; jag blir alldeles matt n&auml;r saker som jag inte har direkt kontroll &ouml;ver kr&aring;nglar &#8211; som ett webbhotell.<br \/>\n\tKroppen i &ouml;vrigt k&auml;nns som f&ouml;rv&auml;ntat och jag f&aring;r v&auml;l tycka att det &auml;r ganska OK.\n<\/p>\n<hr size=\"2\" width=\"100%\" \/>\n<p>\n\tSkippar den h&auml;r &#39;listan&#39; &#8211; jag kommer ju inte till den &auml;nd&aring;&#8230;<br \/>\n\tNi som undrar kan ju kolla listan <a href=\"https:\/\/blogg.ngn.nu\/index.php\/2021\/02\/10\/onsdag-170\/#here\" rel=\"noopener\" target=\"_blank\">H&Auml;R<\/a> &#8211; d&auml;r den senast f&ouml;rekom.\n<\/p>\n<hr size=\"2\" width=\"100%\" \/>\n<p>\n\t&nbsp;\n<\/p>\n<p>\n\t&nbsp;<\/p>\n","protected":false},"excerpt":{"rendered":"<p>VeckoInv&auml;gning 83,2kg \ud83d\ude00 -3,1kg fr&aring;n i torsdag. Men kanske viktigare: -0,2kg fr&aring;n 24\/2-21 r&auml;knat. Idag blir det dock party! Men p&aring; ett annorlunda vis. Detta firande r&aring;kar sammanfalla med den dag d&aring; hustrun &amp; jag best&auml;mt att v&aring;r egen lilla &hellip; <a href=\"https:\/\/blogg.ngn.nu\/index.php\/2021\/03\/10\/onsdag-postop-dag-10\/\">Forts\u00e4tt l\u00e4sa <span class=\"meta-nav\">&rarr;<\/span><\/a><\/p>\n","protected":false},"author":1,"featured_media":0,"comment_status":"open","ping_status":"closed","sticky":false,"template":"","format":"standard","meta":{"footnotes":""},"categories":[371,448],"tags":[1102,1096,243,1088,1058,295],"class_list":["post-12760","post","type-post","status-publish","format-standard","hentry","category-data","category-halsa","tag-operationsberattelse","tag-postop","tag-promenad","tag-sjukgymnastik","tag-vikt","tag-webbhotell"],"_links":{"self":[{"href":"https:\/\/blogg.ngn.nu\/index.php\/wp-json\/wp\/v2\/posts\/12760","targetHints":{"allow":["GET"]}}],"collection":[{"href":"https:\/\/blogg.ngn.nu\/index.php\/wp-json\/wp\/v2\/posts"}],"about":[{"href":"https:\/\/blogg.ngn.nu\/index.php\/wp-json\/wp\/v2\/types\/post"}],"author":[{"embeddable":true,"href":"https:\/\/blogg.ngn.nu\/index.php\/wp-json\/wp\/v2\/users\/1"}],"replies":[{"embeddable":true,"href":"https:\/\/blogg.ngn.nu\/index.php\/wp-json\/wp\/v2\/comments?post=12760"}],"version-history":[{"count":2,"href":"https:\/\/blogg.ngn.nu\/index.php\/wp-json\/wp\/v2\/posts\/12760\/revisions"}],"predecessor-version":[{"id":12762,"href":"https:\/\/blogg.ngn.nu\/index.php\/wp-json\/wp\/v2\/posts\/12760\/revisions\/12762"}],"wp:attachment":[{"href":"https:\/\/blogg.ngn.nu\/index.php\/wp-json\/wp\/v2\/media?parent=12760"}],"wp:term":[{"taxonomy":"category","embeddable":true,"href":"https:\/\/blogg.ngn.nu\/index.php\/wp-json\/wp\/v2\/categories?post=12760"},{"taxonomy":"post_tag","embeddable":true,"href":"https:\/\/blogg.ngn.nu\/index.php\/wp-json\/wp\/v2\/tags?post=12760"}],"curies":[{"name":"wp","href":"https:\/\/api.w.org\/{rel}","templated":true}]}}