{"id":126,"date":"2008-02-04T10:08:30","date_gmt":"2008-02-04T09:08:30","guid":{"rendered":"http:\/\/blogg.ngn.nu\/2008\/02\/04\/psykmandag\/"},"modified":"2008-05-08T08:01:08","modified_gmt":"2008-05-08T07:01:08","slug":"psykmandag","status":"publish","type":"post","link":"https:\/\/blogg.ngn.nu\/index.php\/2008\/02\/04\/psykmandag\/","title":{"rendered":"(psyk)M\u00e5ndag"},"content":{"rendered":"<p>B\u00f6rjar d\u00e4r jag slutade ig\u00e5r. Med att f\u00e5 kontakt med den d\u00e4r relativt h\u00f6gt uppsatta psykiatripersonen som ringde min mor med anledning av ins\u00e4ndare som hon skrivit och d\u00e5 undertecknat med sitt namn. (Jag l\u00e5ter &#8217;Bloggen&#8217; vila ett tag h*n \u00e4r upptagen med annat :me: )<\/p>\n<p>Moderns ins\u00e4ndare (ttela torsdag 31 jan 2008):<\/p>\n<p><center><\/p>\n<table border=\"0\" cellpadding=\"0\" cellspacing=\"0\" width=\"80%\">\n<tr>\n<td width=\"100%\">\n<p align=\"justify\"><font size=\"4\"><strong>Inget har h\u00e4nt inom psykv\u00e5rden sedan 60-talet<\/strong><\/font><br \/>\n<font size=\"2\"><strong>Svar till Lars Helldin, verksamhetschef psykiatriska kliniken, och Sten Axelsson, sjukhusdirekt\u00f6r NU-sjukv\u00e5rden (debattartikel 26 januari):<\/strong><br \/>\nN\u00e4r det g\u00e4ller Ulla Anderssons ledare den 21 januari delar jag hennes uppfattning helt ut.<br \/>\n\u00c4ntligen n\u00e5gon som i media v\u00e5gar ta upp detta tydligen k\u00e4nsliga och anonyma \u00e4mne som psykiatrin utg\u00f6r.<br \/>\nHar sj\u00e4lv som anh\u00f6rig haft kontakt med \u201cpsykiatriv\u00e5rden\u201d i ett femtiotal \u00e5r. Ingenting har h\u00e4nt d\u00e4r sedan de antidepressiva l\u00e4kemedlen kom p\u00e5 sextiotalet, man skickar hem patienter med remsor med medicin som man sj\u00e4lv kan manipulera med \u2014 antingen inte ta dem alls eller ta alla p\u00e5 en g\u00e5ng.<br \/>\nIngen kontakt tas med anh\u00f6riga, varken under eller efter den s\u00e5 kallade v\u00e5rden, inga v\u00e5rdplaneringar, patienten skickas hem till i m\u00e5nga fall en tom l\u00e4genhet och ska klara sig sj\u00e4lv, missar tider till bes\u00f6k i \u201cv\u00e5rden\u201d och f\u00e5r halvsnorkiga brev, att passas inte tiderna i forts\u00e4ttningen, s\u00e5 minsann.<br \/>\nVIVAN NORDLUNDH<br \/>\nANH\u00d6RIG<\/font><\/p>\n<\/td>\n<\/tr>\n<\/table>\n<p><\/center><\/p>\n<p align=\"left\">I anknytning till denna ins\u00e4ndare fanns \u00e4ven denna:<\/p>\n<p><center><\/p>\n<table border=\"0\" cellpadding=\"0\" cellspacing=\"0\" width=\"80%\">\n<tr>\n<td width=\"100%\">\n<p align=\"justify\"><font size=\"4\"><strong>Var finns l\u00e4karna I \u00f6ppenv\u00e5rden?<\/strong><\/font><br \/>\n<font size=\"2\">H\u00e5ller faktiskt med TTELA:s ledarskribent att \u00f6ppenv\u00e5rden ej fungerar s\u00e5 bra. Den personalen som arbetar d\u00e4r \u00e4r mycket kunnig och v\u00e4lutbildad, men var finns l\u00e4karna? Det \u00e4r det stora problemet &#8211; l\u00e4karbristen.<br \/>\nEtt annat stort problem \u00e4r att kommunerna ej tar sitt ansvar n\u00e4r patienter inom psykv\u00e5rden \u00e4r f\u00e4rdigbehandlade och ska \u00e5ter till hemkommunerna.<br \/>\nN\u00e4r dessa saker \u00e4r ordnade tror vi s\u00e4kert att det g\u00e5r att bygga upp en bra v\u00e5rd \u00e4ven f\u00f6r v\u00e4nnerna inom psykiatrin.<br \/>\nMARGARETA PALMSTR\u00d6M<br \/>\nDENNIS OLSSON<br \/>\nIFS (INTRESSEF\u00d6RENINGEN F\u00d6R SCHIZOFRENI OCH ANDRA PSYKISKA SJUKDOMAR)<\/font><\/p>\n<\/td>\n<\/tr>\n<\/table>\n<p><\/center><\/p>\n<p align=\"left\">Undrar om Margareta och Dennis ocks\u00e5 f\u00e5tt telefonsamtal?<\/p>\n<p align=\"left\">Hade jag f\u00e5tt ett telefonsamtal om jag signerat min ins\u00e4ndare med mitt namn, ist\u00e4llet f\u00f6r med: &#8221;V\u00e4l Insatt&#8221;?<\/p>\n<p align=\"left\">Jag misst\u00e4nker att denna psykiatritj\u00e4nsteperson inte kommer att besvara min enkla e-Postfr\u00e5ga:<br \/>\n&#8221;<em>H\u00f6rde av min mor att du telefonerat till henne.<br \/>\nJag skulle vilja att du skrev ned, av vilken anledning du ringde det samtalet.<br \/>\nV\u00e4nligen<\/em>&#8221;<\/p>\n<p>Jag tror att jag f\u00e5r ett telefonsamtal.<\/p>\n<p>\u2018Over and out&#8217;. Jag \u00e5terkommer.<\/p>\n","protected":false},"excerpt":{"rendered":"<p>B\u00f6rjar d\u00e4r jag slutade ig\u00e5r. Med att f\u00e5 kontakt med den d\u00e4r relativt h\u00f6gt uppsatta psykiatripersonen som ringde min mor med anledning av ins\u00e4ndare som hon skrivit och d\u00e5 undertecknat med sitt namn. (Jag l\u00e5ter &#8217;Bloggen&#8217; vila ett tag h*n &hellip; <a href=\"https:\/\/blogg.ngn.nu\/index.php\/2008\/02\/04\/psykmandag\/\">Forts\u00e4tt l\u00e4sa <span class=\"meta-nav\">&rarr;<\/span><\/a><\/p>\n","protected":false},"author":1,"featured_media":0,"comment_status":"open","ping_status":"closed","sticky":false,"template":"","format":"standard","meta":{"footnotes":""},"categories":[31,104,4],"tags":[174],"class_list":["post-126","post","type-post","status-publish","format-standard","hentry","category-politik","category-sjukvard","category-vardag","tag-psykiatri"],"_links":{"self":[{"href":"https:\/\/blogg.ngn.nu\/index.php\/wp-json\/wp\/v2\/posts\/126","targetHints":{"allow":["GET"]}}],"collection":[{"href":"https:\/\/blogg.ngn.nu\/index.php\/wp-json\/wp\/v2\/posts"}],"about":[{"href":"https:\/\/blogg.ngn.nu\/index.php\/wp-json\/wp\/v2\/types\/post"}],"author":[{"embeddable":true,"href":"https:\/\/blogg.ngn.nu\/index.php\/wp-json\/wp\/v2\/users\/1"}],"replies":[{"embeddable":true,"href":"https:\/\/blogg.ngn.nu\/index.php\/wp-json\/wp\/v2\/comments?post=126"}],"version-history":[{"count":0,"href":"https:\/\/blogg.ngn.nu\/index.php\/wp-json\/wp\/v2\/posts\/126\/revisions"}],"wp:attachment":[{"href":"https:\/\/blogg.ngn.nu\/index.php\/wp-json\/wp\/v2\/media?parent=126"}],"wp:term":[{"taxonomy":"category","embeddable":true,"href":"https:\/\/blogg.ngn.nu\/index.php\/wp-json\/wp\/v2\/categories?post=126"},{"taxonomy":"post_tag","embeddable":true,"href":"https:\/\/blogg.ngn.nu\/index.php\/wp-json\/wp\/v2\/tags?post=126"}],"curies":[{"name":"wp","href":"https:\/\/api.w.org\/{rel}","templated":true}]}}