{"id":125,"date":"2008-02-03T21:42:52","date_gmt":"2008-02-03T20:42:52","guid":{"rendered":"http:\/\/blogg.ngn.nu\/2008\/02\/03\/sondag-ocksa-lugn\/"},"modified":"2008-05-08T08:01:22","modified_gmt":"2008-05-08T07:01:22","slug":"sondag-ocksa-lugn","status":"publish","type":"post","link":"https:\/\/blogg.ngn.nu\/index.php\/2008\/02\/03\/sondag-ocksa-lugn\/","title":{"rendered":"S\u00f6ndag ocks\u00e5 lugn."},"content":{"rendered":"<p><strong>Nisse<\/strong>: &#8221;Hall\u00e5! N\u00e5gon d\u00e4r, idag? Hall\u00e5!&#8221;<br \/>\n<strong>Bloggen<\/strong>: &#8221;Stilla dig! Vad du gapar. Vad \u00e4r det fr\u00e5gan om?&#8221;<br \/>\n<strong>Nisse<\/strong>: &#8221;Jamen jag kunde ju inte veta&#8230;, du var ju inte h\u00e4r ig\u00e5r.&#8221;<br \/>\n<strong>Bloggen<\/strong>: &#8221;Var jag v\u00e4l.&#8221;<br \/>\n<strong>Nisse<\/strong>: &#8221;Inte n\u00e4r jag var h\u00e4r och kollade.&#8221;<br \/>\n<strong>Bloggen<\/strong>: &#8221;Jaha, jass\u00e5 d\u00e5. Ja jag s\u00e5g det.&#8221;<br \/>\n<strong>Nisse<\/strong>: &#8221;Vad gjorde du?&#8221;<br \/>\n<strong>Bloggen<\/strong>: &#8221;Kollade lite.&#8221;<br \/>\n<strong>Nisse<\/strong>: &#8221;Kollade vad\u00e5? Ska jag beh\u00f6va dra det h\u00e4r ur dig?&#8221;<br \/>\n<strong>Bloggen<\/strong>: &#8221;Lugn. Jag kollade upp lite olika l\u00f6sningar p\u00e5 hur man kan kommenterar p\u00e5 en blogg.&#8221;<br \/>\n<strong>Nisse<\/strong>: &#8221;Jaha, och vad kom du fram till?&#8221;<br \/>\n<strong>Bloggen<\/strong>: &#8221;Att det finns ett litet smartare s\u00e4tt att kommentera p\u00e5 \u00e4n det som \u00e4r h\u00e4r nu, p\u00e5 den h\u00e4r, ja, bloggen.&#8221;<br \/>\n<strong>Nisse<\/strong>: &#8221;Och?&#8221;<br \/>\n<strong>Bloggen<\/strong>: &#8221;Tycker du inte det \u00e4r lite b\u00f6kigt n\u00e4r du ska (kanske) besvara en specifik kommentar. Jag har noterat att du d\u00e5 b\u00f6rjar med personens namn eller alias. Och sedan kommer ditt &#8221;svar&#8221;. Och ska sedan den personen kommentera ditt svar och allts\u00e5 l\u00e4gga en kommentar till och s\u00e5 vidare. D\u00e5 kan det bli kn\u00f6ligt att f\u00f6lja det hela.&#8221;<br \/>\n<strong>Nisse<\/strong>: &#8221;Jag kan h\u00e5lla med om att det kanske kan bli lite b\u00f6kigt, n\u00e5gon g\u00e5ng. Inget stort problem. Men vad har du hittat?&#8221;<br \/>\n<strong>Bloggen<\/strong>: &#8221;Jag har inte hittat n\u00e5got som \u00e4r s\u00e5d\u00e4r klockrent enkelt. De jag har kikat p\u00e5 skulle inneb\u00e4ra en hel del s.k. omkodning och den f\u00e5r ju du i s\u00e5 fall g\u00f6ra&#8230;&#8221;<br \/>\n<strong>Nisse<\/strong>: &#8221;Inget lockande. Men vad \u00e4r det du har tittat p\u00e5?&#8221;<br \/>\n<strong>Bloggen<\/strong>: &#8221;\u00c5h, javisst ja, jo en l\u00f6sning som inneb\u00e4r att man liksom kan kommentera en kommentar inom kommentaren. Det kan kallas f\u00f6r hierarkiskt (threaded) kommenterande eller n\u00e4stlat (nested).&#8221;<br \/>\n<strong>Nisse<\/strong>: &#8221;Vet du vad?&#8221;<br \/>\n<strong>Bloggen<\/strong>: &#8221;Vad d\u00e5?&#8221;<br \/>\n<strong>Nisse<\/strong>: &#8221;Jo jag tycker det vore bra om du kunde kika vidare p\u00e5 det, OK?&#8221;<br \/>\n<strong>Bloggen<\/strong>: &#8221;Jag g\u00f6r s\u00e5 gott jag kan.&#8221;<br \/>\n<font size=\"4\"><strong><br \/>\nToalettfundering<\/strong><\/font><br \/>\n<strong>Nisse<\/strong>: &#8221;Jag tror det \u00e4r n\u00e5got lurt med handdukarna?&#8221;<br \/>\n<strong>Hustrun<\/strong>: &#8221;Vad menar du d\u00e5?&#8221;<br \/>\n<strong>Nisse<\/strong>: &#8221;Nu \u00e4r min vita handduk smutsig, igen. Och jag har \u00e4nd\u00e5 tv\u00e5lat in och sk\u00f6ljt av h\u00e4nderna innan jag torkar av dem, p\u00e5 handduken.&#8221;<br \/>\n<strong>Hustrun<\/strong>: &#8221;Och?&#8221;<br \/>\n<strong>Nisse<\/strong>: &#8221;Antingen ljuger du och anv\u00e4nder min handduk i l\u00f6nndom eller s\u00e5 driver du med mig och har lagt dit en s\u00e5dan d\u00e4r sk\u00e4mttv\u00e5l &#8211; som g\u00f6r det svart.&#8221;<br \/>\n\u00c5t detta skrattar hustrun och tycker att jag \u00e4r rolig? Det h\u00e4r \u00e4r allvarliga grejer!<br \/>\n<font size=\"4\"><strong><br \/>\nAndra allvarliga grejer<\/strong><\/font><br \/>\n<strong>Nisse<\/strong>: &#8221;Nu ska jag \u00e4gna en stund \u00e5t att fundera p\u00e5 en utredning och ett telefonsamtal.&#8221;<br \/>\n<strong>Bloggen<\/strong>: &#8221;L\u00e5ter ju v\u00e4ldans sp\u00e4nnande.&#8221;<br \/>\n<strong>Nisse<\/strong>: &#8221;Inte alls. Utredningen handlar om den anm\u00e4lan som psykiatrin &#8217;gjorde p\u00e5 sig sj\u00e4lvt&#8217; (Lex Maria) efter det att min syster tog livet av sig. Och telefonsamtalet handlar om en h\u00f6gt uppsatt tj\u00e4nsteperson inom NU-sjukv\u00e5rdens psykiatri som ringt till min mor som via ins\u00e4ndare i morgonblaskan ttela uttryckt sig kritiskt gentemot \u00f6ppenpsykiatrin i synnerhet och som gensvar mot en debattartikel i allm\u00e4nhet. Om debattartikeln och min ins\u00e4ndare kan det l\u00e4sas om p\u00e5: &#8217;<a href=\"https:\/\/blogg.ngn.nu\/2008\/01\/26\/kalaslordag\/\">Kalasl\u00f6rdag<\/a>&#8217;. N\u00e5gra dagar efter sattes det in ytterligare en ins\u00e4ndare. Av min mor. Och i samband med det har hon f\u00e5tt ett telefonsamtal fr\u00e5n den h\u00e4r psykiatritj\u00e4nstepersonen. Och det lutar \u00e5t att det hela gick ut p\u00e5 att anh\u00f6riga inte ska v\u00e4dra sina \u00e5sikter i pressen p\u00e5 det h\u00e4r viset. Det d\u00e4r stinker l\u00e5ng v\u00e4g. S\u00e5 jag ska f\u00f6rs\u00f6ka f\u00e5 fatt p\u00e5 den d\u00e4r personens e-Post och fr\u00e5ga, mer rakt p\u00e5. Hur det f\u00f6rh\u00e5ller sig.&#8221;<br \/>\n<strong>Bloggen<\/strong>: &#8221;Inge kul. Utomordentligt l\u00e4bbigt. N\u00e4stan s\u00e5 en hoppas att det \u00e4r n\u00e5gon form av missf\u00f6rst\u00e5nd. Ja &#8217;lycka till&#8217; eller hur man nu uttrycker sig.&#8221;<\/p>\n","protected":false},"excerpt":{"rendered":"<p>Nisse: &#8221;Hall\u00e5! N\u00e5gon d\u00e4r, idag? Hall\u00e5!&#8221; Bloggen: &#8221;Stilla dig! Vad du gapar. Vad \u00e4r det fr\u00e5gan om?&#8221; Nisse: &#8221;Jamen jag kunde ju inte veta&#8230;, du var ju inte h\u00e4r ig\u00e5r.&#8221; Bloggen: &#8221;Var jag v\u00e4l.&#8221; Nisse: &#8221;Inte n\u00e4r jag var h\u00e4r &hellip; <a href=\"https:\/\/blogg.ngn.nu\/index.php\/2008\/02\/03\/sondag-ocksa-lugn\/\">Forts\u00e4tt l\u00e4sa <span class=\"meta-nav\">&rarr;<\/span><\/a><\/p>\n","protected":false},"author":1,"featured_media":0,"comment_status":"open","ping_status":"closed","sticky":false,"template":"","format":"standard","meta":{"footnotes":""},"categories":[899,4],"tags":[174],"class_list":["post-125","post","type-post","status-publish","format-standard","hentry","category-bloggutv","category-vardag","tag-psykiatri"],"_links":{"self":[{"href":"https:\/\/blogg.ngn.nu\/index.php\/wp-json\/wp\/v2\/posts\/125","targetHints":{"allow":["GET"]}}],"collection":[{"href":"https:\/\/blogg.ngn.nu\/index.php\/wp-json\/wp\/v2\/posts"}],"about":[{"href":"https:\/\/blogg.ngn.nu\/index.php\/wp-json\/wp\/v2\/types\/post"}],"author":[{"embeddable":true,"href":"https:\/\/blogg.ngn.nu\/index.php\/wp-json\/wp\/v2\/users\/1"}],"replies":[{"embeddable":true,"href":"https:\/\/blogg.ngn.nu\/index.php\/wp-json\/wp\/v2\/comments?post=125"}],"version-history":[{"count":0,"href":"https:\/\/blogg.ngn.nu\/index.php\/wp-json\/wp\/v2\/posts\/125\/revisions"}],"wp:attachment":[{"href":"https:\/\/blogg.ngn.nu\/index.php\/wp-json\/wp\/v2\/media?parent=125"}],"wp:term":[{"taxonomy":"category","embeddable":true,"href":"https:\/\/blogg.ngn.nu\/index.php\/wp-json\/wp\/v2\/categories?post=125"},{"taxonomy":"post_tag","embeddable":true,"href":"https:\/\/blogg.ngn.nu\/index.php\/wp-json\/wp\/v2\/tags?post=125"}],"curies":[{"name":"wp","href":"https:\/\/api.w.org\/{rel}","templated":true}]}}