{"id":12467,"date":"2021-01-30T22:38:22","date_gmt":"2021-01-30T21:38:22","guid":{"rendered":"http:\/\/blogg.ngn.nu\/?p=12467"},"modified":"2021-01-30T22:38:22","modified_gmt":"2021-01-30T21:38:22","slug":"lordag-173","status":"publish","type":"post","link":"https:\/\/blogg.ngn.nu\/index.php\/2021\/01\/30\/lordag-173\/","title":{"rendered":"L\u00f6rdag"},"content":{"rendered":"<p><b>Teknik<\/b><br \/>\nIdag har jag fixat med att konvertera 4st utrymmeskr\u00e4vande DVD-filmer.<br \/>\nDe \u00e4r nu konverterade till filformatet mkv.<br \/>\nEn del har strulat och en del tar v\u00e4ldigt l\u00e5ng tid.<br \/>\nHar MASSOR kvar&#8230;<\/p>\n<p><b>Skulptur III<\/b><br \/>\nD\u00e4rf\u00f6r \u00e4r det bra att ha n\u00e5got att &#8217;varva&#8217; med.<br \/>\nS\u00e5 h\u00e4r l\u00e5ngt har jag kommit nu:<br \/>\n<a href=\"http:\/\/ngn.nu\/Pict\/2021\/210130-skulptur_III-DSC04859.JPG\" target=\"_blank\" rel=\"noopener\"><img loading=\"lazy\" decoding=\"async\" title=\"Skulptur III\" src=\"http:\/\/ngn.nu\/Pict\/2021\/210130-skulptur_III-DSC04859.JPG\" alt=\"[Bild: Skulptur III]\" width=\"350\" height=\"263\" border=\"0\" \/><\/a><br \/>\nSv\u00e5rt att se hur det ska bli.<br \/>\nVet egentligen inte det sj\u00e4lv heller &#8211; har det mer i huvudet och p\u00e5 en 2-dimensionell bild.<br \/>\nDe d\u00e4r fyrkantiga wellpappbitarna ska i vart fall &#8217;tr\u00e4s&#8217; p\u00e5 pinnar och det ska bli tre &#8217;balkar&#8217;.<br \/>\nDe ska vridas och b\u00f6jas lite s\u00e5 att de bildar en slags trekant.<br \/>\nOch &#8217;vips&#8217; s\u00e5 har vi en illusion \ud83d\ude00<\/p>\n<p><b>Utflykt<\/b><br \/>\nHustrun fick ut mig i solen idag.<\/p>\n<p>F\u00f6rst tog vi v\u00e4gen om Torpa Tips &amp; Trav Paketutl\u00e4mningsst\u00e4lle.<br \/>\nEn burk med bokbindarlim ville bli h\u00e4mtad s\u00e5 nu \u00e4r det avklarat.<\/p>\n<p>Vi \u00e5kte upp till Eldm\u00f6rjan (Hunneberg) och spanade in l\u00e4get f\u00f6r en kommande utflykt tillsammans med Dalsl\u00e4nningarna.<br \/>\nVi satte oss p\u00e5 isen en bra bit fr\u00e5n alla andra.<br \/>\nDr\u00f6jde v\u00e4l ca 10min s\u00e5 kom en Engelsktalande familj och placerade sig ca 2m fr\u00e5n oss&#8230;<br \/>\nJag lade mina stavar p\u00e5 s\u00e5 vis att de kanske skulle f\u00f6rst\u00e5 att de i vart fall inte skulle r\u00f6ra sig \u00e5t v\u00e5rt h\u00e5ll.<br \/>\nF\u00f6r att vara generell (och lite gn\u00e4llig): Har &#8217;alla&#8217; Engelsm\u00e4n det h\u00e4r beteendet s\u00e5 f\u00f6rst\u00e5r jag att de har problem med smittspridning.<\/p>\n<p>P\u00e5 hemv\u00e4gen stannade vi till vid det vi kallar f\u00f6r Norskens Brygga (Vassbotten, V\u00e4nerns mest sydliga del).<br \/>\nD\u00e4r var det massor med folk som nyttjade isen.<br \/>\nVi tr\u00e4ffade bl.a. goda grannar fr\u00e5n f\u00f6rr &#8211; d\u00e5 vi bodde p\u00e5 landet &#8211; Bj\u00f6rnerud (Dalsland, \u00f6ster om E45:an).<br \/>\nDe bor i.o.f.s. ocks\u00e5 p\u00e5 Onsj\u00f6 (VBG) v\u00e4ldigt n\u00e4ra d\u00e4r vi bor. Men vi har numer inga &#8217;naturliga&#8217; tr\u00e4ffar &#8211; som f\u00f6rr i tiden d\u00e5 de var enda grannen vi kunde se (ca 1km bort).<br \/>\nOch barn i ungef\u00e4r lika \u00e5lder som v\u00e5ra.<\/p>\n<p><b>Summering<\/b><br \/>\nEn stund i solen \ud83d\ude00<br \/>\nH\u00e4mtat ett paket \ud83d\ude42<br \/>\nFixat med mina filmer \ud83d\ude42<br \/>\nOch Skulptur III f\u00e5r mer och mer material p\u00e5 sig \ud83d\ude42<br \/>\nKollat en film och smockat i mig PopCorn \ud83d\ude00<br \/>\nNu (22:30) ska jag b\u00f6rja f\u00f6rs\u00f6ka att ta mig till s\u00e4ngen \ud83d\ude09<\/p>\n<p>***************************************************************<br \/>\nKommande inl\u00e4gg. I oklar ordning (hinner ju inte skriva n\u00e5got om nedanst\u00e5ende &#8211; det h\u00e4nder ju grejer &#8211; hela tiden&#8230; ):<br \/>\n\u2717 Covid-vaccin, hur jag ska f\u00f6rh\u00e5lla mig till det?<br \/>\n\u2717 Vad ska jag v\u00e4lja f\u00f6r, nytt, &#8217;tema&#8217; (utseende) f\u00f6r min blogg?<br \/>\nDet jag har nu \u00e4r egetgjort och inte &#8217;s\u00e4kert&#8217;&#8230;<br \/>\n\u2717 Kommer antagligen att f\u00e5 en &#8217;server&#8217; av min son. Hur ska jag konfigurerar den s\u00e5 att den blir anv\u00e4nd p\u00e5 b\u00e4sta vis?<br \/>\n\u2717 Detta med betalningsf\u00f6rbindelser.<\/p>\n<p>Det blir s\u00e4ker ocks\u00e5 (fler) temainl\u00e4gg om:<br \/>\n\u2717 Politik<br \/>\n\u2717 F\u00f6rs\u00e4kringskassan<br \/>\n\u2717 Sjukv\u00e5rden (H\u00e4lso- och)<br \/>\n\u2717 V\u00e5ra &#8217;fria&#8217; val. T.ex. Valfrihet i v\u00e5rden &#8211; menar jag d\u00e5.<br \/>\n\u2717 m.m.<\/p>\n<p>&#8221;&#8221;&#8221;&#8221;&#8221;&#8221;&#8221;&#8221;&#8221;&#8221;&#8221;&#8221;&#8221;&#8221;&#8221;&#8221;&#8221;&#8221;&#8221;&#8221;&#8221;&#8221;&#8221;&#8221;&#8221;&#8221;&#8221;&#8221;&#8221;&#8221;&#8221;&#8221;&#8221;&#8221;&#8221;&#8221;&#8221;&#8221;&#8221;&#8221;&#8221;&#8221;&#8221;&#8221;&#8221;&#8221;&#8221;&#8221;&#8221;&#8221;&#8221;&#8221;&#8221;&#8221;&#8221;<br \/>\nL\u00e4s g\u00e4rna om Marknadsplatsen Wish som jag publicerat p\u00e5 facebook.<br \/>\nL\u00e4nk till det <a href=\"https:\/\/www.facebook.com\/nilsgunnar.nordlundh\/posts\/10217517589723594?__cft__[0]=AZWOcpqv4msnDY8q0r3Di-DjK1ycLA2R9HY7JVKN1T2g-k_cpnwkR_D3OXQXVlkjaQYhCVfLxST5_r6c3fAj35L0N2HaLaJw-kIFAxUUPRRP6ynDrmmfAy49Fnu0_7ECraM&amp;__tn__=%2CO%2CP-R\" target=\"_blank\" rel=\"noopener\">inl\u00e4gget<\/a>.<u><br \/>\n<\/u>N\u00e4r du l\u00e4st det s\u00e5 f\u00e5r du g\u00e4rna dela det \ud83d\ude42<u><br \/>\nNot<\/u>: R\u00e4kna inte med att Wish Support kan hj\u00e4lpa Er.<u><br \/>\nExtraNot<\/u>: Handla INTE via Wish.com \u00f6ver huvudet taget. Skulle n\u00e5got bli fel s\u00e5 \u00e4r du r\u00f6kt.<br \/>\n&#8221;&#8221;&#8221;&#8221;&#8221;&#8221;&#8221;&#8221;&#8221;&#8221;&#8221;&#8221;&#8221;&#8221;&#8221;&#8221;&#8221;&#8221;&#8221;&#8221;&#8221;&#8221;&#8221;&#8221;&#8221;&#8221;&#8221;&#8221;&#8221;&#8221;&#8221;&#8221;&#8221;&#8221;&#8221;&#8221;&#8221;&#8221;&#8221;&#8221;&#8221;&#8221;&#8221;&#8221;&#8221;&#8221;&#8221;&#8221;&#8221;&#8221;&#8221;&#8221;&#8221;&#8221;&#8221;<\/p>\n","protected":false},"excerpt":{"rendered":"<p>Teknik Idag har jag fixat med att konvertera 4st utrymmeskr\u00e4vande DVD-filmer. De \u00e4r nu konverterade till filformatet mkv. En del har strulat och en del tar v\u00e4ldigt l\u00e5ng tid. Har MASSOR kvar&#8230; Skulptur III D\u00e4rf\u00f6r \u00e4r det bra att ha &hellip; <a href=\"https:\/\/blogg.ngn.nu\/index.php\/2021\/01\/30\/lordag-173\/\">Forts\u00e4tt l\u00e4sa <span class=\"meta-nav\">&rarr;<\/span><\/a><\/p>\n","protected":false},"author":1,"featured_media":0,"comment_status":"open","ping_status":"closed","sticky":false,"template":"","format":"standard","meta":{"footnotes":""},"categories":[1037,598,18],"tags":[1070,1056],"class_list":["post-12467","post","type-post","status-publish","format-standard","hentry","category-hobby","category-naturbesok","category-teknik","tag-dvdvobmkv","tag-skulptur"],"_links":{"self":[{"href":"https:\/\/blogg.ngn.nu\/index.php\/wp-json\/wp\/v2\/posts\/12467","targetHints":{"allow":["GET"]}}],"collection":[{"href":"https:\/\/blogg.ngn.nu\/index.php\/wp-json\/wp\/v2\/posts"}],"about":[{"href":"https:\/\/blogg.ngn.nu\/index.php\/wp-json\/wp\/v2\/types\/post"}],"author":[{"embeddable":true,"href":"https:\/\/blogg.ngn.nu\/index.php\/wp-json\/wp\/v2\/users\/1"}],"replies":[{"embeddable":true,"href":"https:\/\/blogg.ngn.nu\/index.php\/wp-json\/wp\/v2\/comments?post=12467"}],"version-history":[{"count":1,"href":"https:\/\/blogg.ngn.nu\/index.php\/wp-json\/wp\/v2\/posts\/12467\/revisions"}],"predecessor-version":[{"id":12468,"href":"https:\/\/blogg.ngn.nu\/index.php\/wp-json\/wp\/v2\/posts\/12467\/revisions\/12468"}],"wp:attachment":[{"href":"https:\/\/blogg.ngn.nu\/index.php\/wp-json\/wp\/v2\/media?parent=12467"}],"wp:term":[{"taxonomy":"category","embeddable":true,"href":"https:\/\/blogg.ngn.nu\/index.php\/wp-json\/wp\/v2\/categories?post=12467"},{"taxonomy":"post_tag","embeddable":true,"href":"https:\/\/blogg.ngn.nu\/index.php\/wp-json\/wp\/v2\/tags?post=12467"}],"curies":[{"name":"wp","href":"https:\/\/api.w.org\/{rel}","templated":true}]}}