{"id":12400,"date":"2021-01-16T23:06:40","date_gmt":"2021-01-16T22:06:40","guid":{"rendered":"http:\/\/blogg.ngn.nu\/?p=12400"},"modified":"2021-01-16T23:06:40","modified_gmt":"2021-01-16T22:06:40","slug":"lordag-171","status":"publish","type":"post","link":"https:\/\/blogg.ngn.nu\/index.php\/2021\/01\/16\/lordag-171\/","title":{"rendered":"L\u00f6rdag"},"content":{"rendered":"<p><b>H\u00e4lsa<\/b><br \/>\nK\u00e4nner mig f\u00f6rkyld en stund varje em\/kv\u00e4ll?<br \/>\nKan det vara kortisonet?<br \/>\nN\u00e5got jag \u00e4r (eller har blivit) l\u00e4tt allergisk emot?<\/p>\n<p><b>Skannat<\/b><br \/>\nHar v\u00e4l skannat in en 5 bilder. Tv\u00e5 var anv\u00e4ndbara.<br \/>\nTror att det \u00e4r farbror Uno, ca 13 \u00e5r gammal, p\u00e5 den ena.<br \/>\nOch br\u00f6derna Nils och Arne p\u00e5 den andra &#8211; slussarna &#8211; i Trollh\u00e4ttan.<br \/>\nDen var f\u00f6rf\u00e4rligt repig och illa \u00e5tg\u00e5ngen s\u00e5 jag fixade bara till den, upptill, i &#8217;mitten&#8217;:<br \/>\n<a href=\"http:\/\/ngn.nu\/Pict\/2021\/210116-1942_kanske-THN-Slussomradet-Nils-Arne-h1000.jpg\" target=\"_blank\" rel=\"noopener\"><img loading=\"lazy\" decoding=\"async\" title=\"1942 Kanske. Br\u00f6derna Nils och Arne vid Slussomr\u00e5det i Trollh\u00e4ttan.\" src=\"http:\/\/ngn.nu\/Pict\/2021\/210116-1942_kanske-THN-Slussomradet-Nils-Arne-h1000.jpg\" alt=\"[Bild: 1942 Kanske. Br\u00f6derna Nils och Arne vid Slussomr\u00e5det i Trollh\u00e4ttan.]\" width=\"350\" height=\"414\" border=\"0\" \/><\/a><br \/>\nPappa Nils tv och farbror Arne th.<\/p>\n<p>Farbror Uno, kanske 13\u00e5r?:<br \/>\n<a href=\"http:\/\/ngn.nu\/Pict\/2021\/210116-1942_kanske-THN-Skoftebyn_kanske-Uno_kanske_13Y-h800.jpg\" target=\"_blank\" rel=\"noopener\"><img loading=\"lazy\" decoding=\"async\" title=\"1942 kanske. I s\u00e5 fall \u00e4r frabror Uno 13 \u00e5r h\u00e4r.\" src=\"http:\/\/ngn.nu\/Pict\/2021\/210116-1942_kanske-THN-Skoftebyn_kanske-Uno_kanske_13Y-h800.jpg\" alt=\"[Bild: 1942 kanske. I s\u00e5 fall \u00e4r frabror Uno 13 \u00e5r h\u00e4r.]\" width=\"350\" height=\"382\" border=\"0\" \/><\/a><br \/>\nDet var mycket redigering \u00e4ven p\u00e5 denna bild.<\/p>\n<p><b>&#8217;Skulpturen&#8217;<\/b><br \/>\nHar kommit ganska l\u00e5ngt med wellpappvarianten &#8211; det kan g\u00e5 &#8211; men jag \u00e4r inte helt s\u00e4ker&#8230;<br \/>\nG\u00e5r det v\u00e4gen s\u00e5 blir den;<br \/>\nPedagogisk,<br \/>\nIllusionistisk,<br \/>\noch Paradoxal.<\/p>\n<p>F\u00e5r jag till denna s\u00e5 ska den &#8217;kl\u00e4s&#8217; i &#8217;Papier-mach\u00e9&#8217; och m\u00e5las (Ljusgr\u00e5, M\u00f6rkgr\u00e5 &amp; med en Vit och en Svart &#8217;kant&#8217;).<br \/>\nTill skulpturen ska jag ocks\u00e5 spara ett par &#8217;byggstenar&#8217; som visar vad den \u00e4r &#8217;tillverkad&#8217; av.<\/p>\n<p><b>Promenad<\/b><br \/>\nBlev en kort en. Hustrun hade med sig hunden Bella och tog en lite l\u00e4ngre sv\u00e4ng. Men s\u00e5 l\u00e5ngt som hustrun ville g\u00e5 det ville inte Bella&#8230;<\/p>\n<p><b>Bella<\/b><br \/>\nHar vi nu f\u00e5tt l\u00e5nat f\u00e4rdigt.<\/p>\n<p>***************************************************************<br \/>\nKommande inl\u00e4gg. I oklar ordning (hinner ju inte skriva n\u00e5got om nedanst\u00e5ende &#8211; det h\u00e4nder ju grejer &#8211; hela tiden&#8230; ):<br \/>\n\u2717 Covid-vaccin, hur jag ska f\u00f6rh\u00e5lla mig till det?<br \/>\n\u2717 Vad ska jag v\u00e4lja f\u00f6r, nytt, &#8217;tema&#8217; (utseende) f\u00f6r min blogg?<br \/>\nDet jag har nu \u00e4r egetgjort och inte &#8217;s\u00e4kert&#8217;&#8230;<br \/>\n\u2717 ett pedagogiskt skulpturbyggande som genomg\u00e5r misslyckande efter misslyckande (verkar jag skriva om kontinuerligt).<br \/>\n\u2717 Kommer antagligen att f\u00e5 en &#8217;server&#8217; av min son. Hur ska jag konfigurerar den s\u00e5 att den blir anv\u00e4nd p\u00e5 b\u00e4sta vis?<br \/>\n\u2717 Detta med betalningsf\u00f6rbindelser.<\/p>\n<p>Det blir s\u00e4ker ocks\u00e5 (fler) temainl\u00e4gg om:<br \/>\n\u2717 Politik<br \/>\n\u2717 F\u00f6rs\u00e4kringskassan<br \/>\n\u2717 Sjukv\u00e5rden (H\u00e4lso- och)<br \/>\n\u2717 V\u00e5ra &#8217;fria&#8217; val. T.ex. Valfrihet i v\u00e5rden &#8211; menar jag d\u00e5.<br \/>\n\u2717 m.m.<\/p>\n<p>&#8221;&#8221;&#8221;&#8221;&#8221;&#8221;&#8221;&#8221;&#8221;&#8221;&#8221;&#8221;&#8221;&#8221;&#8221;&#8221;&#8221;&#8221;&#8221;&#8221;&#8221;&#8221;&#8221;&#8221;&#8221;&#8221;&#8221;&#8221;&#8221;&#8221;&#8221;&#8221;&#8221;&#8221;&#8221;&#8221;&#8221;&#8221;&#8221;&#8221;&#8221;&#8221;&#8221;&#8221;&#8221;&#8221;&#8221;&#8221;&#8221;&#8221;&#8221;&#8221;&#8221;&#8221;&#8221;<br \/>\nL\u00e4s g\u00e4rna om Marknadsplatsen Wish som jag publicerat p\u00e5 facebook.<br \/>\nL\u00e4nk till det <a href=\"https:\/\/www.facebook.com\/nilsgunnar.nordlundh\/posts\/10217517589723594?__cft__[0]=AZWOcpqv4msnDY8q0r3Di-DjK1ycLA2R9HY7JVKN1T2g-k_cpnwkR_D3OXQXVlkjaQYhCVfLxST5_r6c3fAj35L0N2HaLaJw-kIFAxUUPRRP6ynDrmmfAy49Fnu0_7ECraM&amp;__tn__=%2CO%2CP-R\" target=\"_blank\" rel=\"noopener\">inl\u00e4gget<\/a>.<u><br \/>\n<\/u>N\u00e4r du l\u00e4st det s\u00e5 f\u00e5r du g\u00e4rna dela det \ud83d\ude42<u><br \/>\nNot<\/u>: R\u00e4kna inte med att Wish Support kan hj\u00e4lpa Er.<u><br \/>\nExtraNot<\/u>: Handla INTE via Wish.com \u00f6ver huvudet taget. Skulle n\u00e5got bli fel s\u00e5 \u00e4r du r\u00f6kt.<br \/>\n&#8221;&#8221;&#8221;&#8221;&#8221;&#8221;&#8221;&#8221;&#8221;&#8221;&#8221;&#8221;&#8221;&#8221;&#8221;&#8221;&#8221;&#8221;&#8221;&#8221;&#8221;&#8221;&#8221;&#8221;&#8221;&#8221;&#8221;&#8221;&#8221;&#8221;&#8221;&#8221;&#8221;&#8221;&#8221;&#8221;&#8221;&#8221;&#8221;&#8221;&#8221;&#8221;&#8221;&#8221;&#8221;&#8221;&#8221;&#8221;&#8221;&#8221;&#8221;&#8221;&#8221;&#8221;&#8221;<\/p>\n","protected":false},"excerpt":{"rendered":"<p>H\u00e4lsa K\u00e4nner mig f\u00f6rkyld en stund varje em\/kv\u00e4ll? Kan det vara kortisonet? N\u00e5got jag \u00e4r (eller har blivit) l\u00e4tt allergisk emot? Skannat Har v\u00e4l skannat in en 5 bilder. Tv\u00e5 var anv\u00e4ndbara. Tror att det \u00e4r farbror Uno, ca 13 &hellip; <a href=\"https:\/\/blogg.ngn.nu\/index.php\/2021\/01\/16\/lordag-171\/\">Forts\u00e4tt l\u00e4sa <span class=\"meta-nav\">&rarr;<\/span><\/a><\/p>\n","protected":false},"author":1,"featured_media":0,"comment_status":"open","ping_status":"closed","sticky":false,"template":"","format":"standard","meta":{"footnotes":""},"categories":[448],"tags":[1031,243,376,1056],"class_list":["post-12400","post","type-post","status-publish","format-standard","hentry","category-halsa","tag-hunden-bella","tag-promenad","tag-skanning","tag-skulptur"],"_links":{"self":[{"href":"https:\/\/blogg.ngn.nu\/index.php\/wp-json\/wp\/v2\/posts\/12400","targetHints":{"allow":["GET"]}}],"collection":[{"href":"https:\/\/blogg.ngn.nu\/index.php\/wp-json\/wp\/v2\/posts"}],"about":[{"href":"https:\/\/blogg.ngn.nu\/index.php\/wp-json\/wp\/v2\/types\/post"}],"author":[{"embeddable":true,"href":"https:\/\/blogg.ngn.nu\/index.php\/wp-json\/wp\/v2\/users\/1"}],"replies":[{"embeddable":true,"href":"https:\/\/blogg.ngn.nu\/index.php\/wp-json\/wp\/v2\/comments?post=12400"}],"version-history":[{"count":1,"href":"https:\/\/blogg.ngn.nu\/index.php\/wp-json\/wp\/v2\/posts\/12400\/revisions"}],"predecessor-version":[{"id":12401,"href":"https:\/\/blogg.ngn.nu\/index.php\/wp-json\/wp\/v2\/posts\/12400\/revisions\/12401"}],"wp:attachment":[{"href":"https:\/\/blogg.ngn.nu\/index.php\/wp-json\/wp\/v2\/media?parent=12400"}],"wp:term":[{"taxonomy":"category","embeddable":true,"href":"https:\/\/blogg.ngn.nu\/index.php\/wp-json\/wp\/v2\/categories?post=12400"},{"taxonomy":"post_tag","embeddable":true,"href":"https:\/\/blogg.ngn.nu\/index.php\/wp-json\/wp\/v2\/tags?post=12400"}],"curies":[{"name":"wp","href":"https:\/\/api.w.org\/{rel}","templated":true}]}}