{"id":12390,"date":"2021-01-13T23:03:35","date_gmt":"2021-01-13T22:03:35","guid":{"rendered":"http:\/\/blogg.ngn.nu\/?p=12390"},"modified":"2021-01-13T23:03:35","modified_gmt":"2021-01-13T22:03:35","slug":"onsdag-166","status":"publish","type":"post","link":"https:\/\/blogg.ngn.nu\/index.php\/2021\/01\/13\/onsdag-166\/","title":{"rendered":"Onsdag"},"content":{"rendered":"<p><b>Veckoinv\u00e4gning<\/b><br \/>\n89kg :me:<\/p>\n<p><b>Teneriffa<\/b><br \/>\n\u00c4r med i en fb-grupp om Teneriffa.<br \/>\nIg\u00e5r l\u00e4ste jag ett inl\u00e4gg som handlade om en person som bokat en &#8217;sista minuten&#8217; resa och hade i samband med det en del fr\u00e5gor.<br \/>\nDet blev m\u00e5nga kommentarer &amp; reaktioner.<br \/>\nH\u00e4lften killade och h\u00e4lften blev l\u00f6mska och 29st kommentarer.<\/p>\n<p>Skr\u00e4mmande l\u00e4sning.<\/p>\n<p>De positiva kommentarerna var f\u00e5 och d\u00e5 menar jag att det var kommentarer fr\u00e5n boende p\u00e5 Teneriffa som h\u00e4lsade Svenskar v\u00e4lkomna. (vilket jag egentligen inte tycker \u00e4r positivt &#8211; men det var sn\u00e4llt skrivet).<\/p>\n<p>Flera kommentarer handlade om och ifr\u00e5gasatte valet att resa \u00f6verhuvudet taget.<\/p>\n<p>Det var v\u00e4l d\u00e5 det ballade ur lite och d\u00e5 fr\u00e4mst fr\u00e5n de som var p\u00e5 Teneriffa eller nyligen varit d\u00e4r.<\/p>\n<p>De som var motst\u00e5ndare till att resa \u00f6ver huvudet taget &#8211; kallades &#8217;foliehattar&#8217;. Jag tror att man d\u00e5 syftar p\u00e5 att de som f\u00f6ljer r\u00e5d och \u00e4r f\u00f6rsiktiga \u00e4r &#8217;r\u00e4ddharar&#8217; eller &#8217;tokstollar&#8217;.<\/p>\n<p>De (p\u00e5 Teneriffa) menade ocks\u00e5 att det var mycket s\u00e4krare d\u00e4r \u00e4n i Sverige.<\/p>\n<p>Och att det var kanon eftersom att det var s\u00e5 gott om plats p\u00e5 badstr\u00e4nderna.<\/p>\n<p>De varnade dock f\u00f6r att inte f\u00f6lja uteg\u00e5ngsf\u00f6rbudet som g\u00e4llde 22-06.<\/p>\n<p>N\u00e5gra menade ocks\u00e5 att det var s\u00e4ker i och med att man skulle ha ett intyg p\u00e5 att man var testat, inom 72 timmar &#8211; och d\u00e5 hade ett negativt provsvar.<\/p>\n<p>Det var ocks\u00e5 bra att alla p\u00e5 planet hade munskydd.<\/p>\n<p>Jag \u00e4r fortfarande av den \u00e5sikten att det \u00e4r bra om den som har symtom b\u00e4r munskydd f\u00f6r att minska sin smittspridning (denne ska \u00e5 andra sidan inte vara bland folk \u00f6ver huvudet taget).<br \/>\nMunskydd skyddar inte emot virus &#8211; det \u00e4r som att tro att en fis stannar innanf\u00f6r b\u00e5de kalsonger \/ trosor och byxor &#8211; n\u00e5gon som k\u00e4nt lukt likt f\u00f6rbaskat?<br \/>\nDe d\u00e4r viruspartiklarna \u00e4r allts\u00e5 ruggigt sm\u00e5 grejer.<\/p>\n<p>N\u00e5gon fr\u00e5n Teneriffa hade f\u00e5tt f\u00f6r sig att om man kunde uppvisa negativa provsvar s\u00e5 var man immun?<br \/>\nDet finns folk som \u00e4r informationsresistenta (det \u00e4r nog det n\u00e4rmaste &#8217;immunitet&#8217; de kommer&#8230;)<\/p>\n<p>Munskydd m\u00e5ste man ha p\u00e5 hela tiden p\u00e5 Teneriffa, f\u00f6rutom n\u00e4r man \u00e4ter, utomhus och max 4st \/ bord.<\/p>\n<p>Det fanns en del &#8217;kloka&#8217; kommentarer;<br \/>\nT.ex. den fr\u00e5n en som jobbade inom covid-v\u00e5rden och ville veta hur de som reser egentligen t\u00e4nker.<br \/>\nOch den som menade: Det var en myndighetsperson som \u00e5kte till Teneriffa f\u00f6r ett tag sedan &#8211; denne blev av med jobbet. Blir ni det ocks\u00e5?<br \/>\nDen b\u00e4sta kommentaren:<br \/>\nOm nu du (som \u00e4r p\u00e5 Teneriffa) tycker att vi missk\u00f6ter oss h\u00e4r i Sverige, vad avser covid-smittan, varf\u00f6r vill du d\u00e5 ha dit oss?<\/p>\n<p>Jag t\u00e4nker mycket p\u00e5 detta med Kanarie\u00f6arna &#8211; ur ett h\u00e4lsoperspektiv &#8211; min kropp (reuamatismen) m\u00e5r v\u00e4ldigt bra av att vara just d\u00e4r.<br \/>\nStabilt klimat (temperatur, luftfuktighet och lufttryck).<br \/>\nNu m\u00e5r min kropp uruselt.<br \/>\nJag har nu under covid-pandemin gjort ett aktivt val att dels inte uts\u00e4tta mig sj\u00e4lv men dels ocks\u00e5 valt isolerng f\u00f6r att bara tanken p\u00e5 att jag skulle kunna riskera h\u00e4lsan f\u00f6r n\u00e5gon annan.<br \/>\nValet \u00e4r att inte \u00e5ka &#8211; att h\u00e5lla mig hemma.<br \/>\nJag h\u00e5ller mig egentligen v\u00e4ldigt isolerad (mest f\u00f6r att jag v\u00e4ntar p\u00e5 en l\u00e4ndryggsoperation).<br \/>\nHustrun sk\u00f6ter alla yttre bes\u00f6k (utom vid f\u00e5 undantag).<br \/>\nN\u00e4r jag t.ex. plockar upp varor som \u00e4r handlade i butik s\u00e5 tv\u00e4ttar och spritar jag sedan mina h\u00e4nder.<\/p>\n<p><b> Reumatolog<\/b><br \/>\nIdag (kl 14-16) ska det ringa en reumatolog som jag ska be skriva ett recept p\u00e5 25mg MetoJect.<\/p>\n<p>Jag ska ocks\u00e5 diskutera att den medicinska, reumatiska, medicinieringen jag nu har inte hj\u00e4lper.<br \/>\nJag har sv\u00e5r v\u00e4rk i handen och armens leder p\u00e5 morgonen och hela f\u00f6rmiddagen.<br \/>\nDet som h\u00e5ller mig ig\u00e5ng \u00e4r; Tramadol, Naproxen, Paracetamol &amp; Koffein.<br \/>\nDet kan inte vara bra &#8211; i l\u00e4ngden &#8211; med alla dessa l\u00e4kemedel.<br \/>\nS\u00e5 jag vill veta, av denne expert, om det finns alternativ &#8211; som kan hj\u00e4lpa mig.<\/p>\n<p>Sedan vill jag ocks\u00e5 att denne doktor skriver i min journal att MetoJect 20mg \u00e4r f\u00f6r sommarbruk (d\u00e5 jag oftast har en b\u00e4ttre period) och MetoJect 25mg \u00e4r f\u00f6r resten av \u00e5ret.<br \/>\nDetta f\u00f6r att slippa det &#8217;br\u00e5k&#8217; som blev nu, n\u00e4r receptet p\u00e5 MetoJect 25mg gick ut den 30\/12-20. Och de andra reumatologerna v\u00e4grade f\u00f6rnya eftersom journalanteckningen var formulerad s\u00e5 att den kunde uppfattas som en varaktig doss\u00e4nkning.<\/p>\n<p>Telefonsamtalet kom ca 15:00.<\/p>\n<p>Inga problem, uppringande reumatologdoktor hade f\u00f6rberett sig.<br \/>\n[&#x2714;] Nytt recept p\u00e5 MetoJect 25mg<br \/>\n[&#x2714;] Skrivning i journalen om att jag vid upplevt b\u00e4ttre tillst\u00e5nd, tillf\u00e4lligt, kan g\u00e5 ned i dos till 20mg MetoJect (per vecka)<br \/>\n[&#x2714;] Beskrev mina nuvarande besv\u00e4r och ordinationen blev:<\/p>\n<table border=\"0\" width=\"100%\" cellspacing=\"2\" cellpadding=\"2\">\n<tbody>\n<tr>\n<td valign=\"top\"><span style=\"font-size: 12px;\"><b>Vecka<\/b><\/span><\/td>\n<td valign=\"top\"><span style=\"font-size: 12px;\"><b>Doserig (kortison per dag)<\/b><\/span><\/td>\n<\/tr>\n<tr>\n<td valign=\"top\"><span style=\"font-size: 12px;\">1. 13\/1-19\/1<\/span><\/td>\n<td valign=\"top\"><span style=\"font-size: 12px;\">3 x 5 mg<\/span><\/td>\n<\/tr>\n<tr>\n<td valign=\"top\"><span style=\"font-size: 12px;\">2. 20\/1-26\/1<\/span><\/td>\n<td valign=\"top\"><span style=\"font-size: 12px;\">2 x 5 mg<\/span><\/td>\n<\/tr>\n<tr>\n<td valign=\"top\"><span style=\"font-size: 12px;\">3. 27\/1-2\/2<\/span><\/td>\n<td valign=\"top\"><span style=\"font-size: 12px;\">1,5 x 5 mg<\/span><\/td>\n<\/tr>\n<tr>\n<td valign=\"top\"><span style=\"font-size: 12px;\">4. 3\/2-9\/2<\/span><\/td>\n<td valign=\"top\"><span style=\"font-size: 12px;\">1 x 5 mg<\/span><\/td>\n<\/tr>\n<tr>\n<td valign=\"top\"><span style=\"font-size: 12px;\">5. 10\/2-16\/2<\/span><\/td>\n<td valign=\"top\"><span style=\"font-size: 12px;\">1 x 5 mg<\/span><\/td>\n<\/tr>\n<\/tbody>\n<\/table>\n<p>Fr.o.m. den 17\/2-21 Slut.<\/p>\n<p>Fr.o.m. i morgon ska jag sluta med Tramadol.<br \/>\nD\u00e4refter Naproxen.<br \/>\nOch sedan Paracetamol &#8211; om det g\u00e5r &#8211; jag har ju mina problem med l\u00e4ndryggen att brottas med ocks\u00e5.<\/p>\n<p><b>Apoteket<\/b><b><\/b><br \/>\nJ\u00f6sses&#8230; Innan jag gick in p\u00e5 Apoteket s\u00e5 l\u00e4ste jag alla covid-varningar utanf\u00f6r. Gick sedan in, eftersom det enligt informationen skulle vara ok.<\/p>\n<p>N\u00e4r jag kommer in g\u00e5r jag till apparaten som delar ut k\u00f6lappar.<br \/>\nD\u00e4r st\u00e5r ytterligare covid-varningar. Fr\u00e4mst 2:<br \/>\n1. I den h\u00e4r lokalen f\u00e5r det vistas max 12 personer.<br \/>\n2. Om du tagit k\u00f6lapp f\u00f6r recept g\u00e5r du och st\u00e4ller dig utanf\u00f6r och v\u00e4ntar p\u00e5 din tur.<\/p>\n<p>Vad g\u00f6r jag d\u00e5?<br \/>\nGivetvis g\u00e5r jag och st\u00e4ller mig utanf\u00f6r och med lite m\u00f6da lyckas jag hitta en plats som medgav att jag kunde se nummerskylten &#8211; l\u00e4ngst in i lokalen.<\/p>\n<p>Medan jag st\u00e5r d\u00e4r s\u00e5 kommer tv\u00e5 till. De g\u00e5r fram till apparaten och st\u00e4ller sig i k\u00f6 f\u00f6r recept, inomhus.<br \/>\nKnepigt att folk har s\u00e5 sv\u00e5rt f\u00f6r att l\u00e4sa &#8211; t\u00e4nkte jag d\u00e5 och fortsatte h\u00e5lla koll p\u00e5 nummerskylten.<br \/>\nDen slog om till nummer 147, mitt nummer, jag gick in ser att det blinkar nummer 147 vid en kassa l\u00e4ngst bort.<br \/>\nN\u00e4r jag kommit ca 5 meter in i lokalen s\u00e5 sl\u00e5r det om till nummer 148&#8230;<br \/>\nJag g\u00e5r n\u00e5gra meter till och formligen vr\u00e5lar:<br \/>\n&#8221;HALL\u00c5! NU F\u00c5R NI LUGNA NED ER LITE. JAG STOD D\u00c4R UTE OCH JAG VILL G\u00c4RNA HINNA FRAM!&#8221;<br \/>\nKunden som hade nummer 148 backar d\u00e5 undan (mycket v\u00e4nligt) och jag g\u00e5r fram till kassan utr\u00e4ttar mitt \u00e4rende och l\u00e4mnar sedan kassan.<br \/>\n\u00c4r m\u00e5n om att tacka kund nummer 148 f\u00f6r det besv\u00e4r jag st\u00e4llde till med.<\/p>\n<p>Jag g\u00e5r till den andra kundkassan och ber att f\u00e5 byta n\u00e5gra ord med denne eftersom hen inte verkar vara s\u00e5 upptagen.<br \/>\nJag ber hen att f\u00f6lja med och l\u00e4sa det jag l\u00e4ste.<\/p>\n<p>Jag f\u00e5r medh\u00e5ll om att det d\u00e4r kan absolut l\u00e4sas och tolkas som jag gjort.<br \/>\nDet jag inte visste (som man tydligen p\u00e5 n\u00e5got magiskt skulle veta) var att personalen h\u00f6ll koll och blev det 12 pers i lokalen s\u00e5 l\u00e5ste de d\u00f6rrarna och sl\u00e4ppte d\u00e4refter ut en och in en.<br \/>\nD\u00e5 undrade jag om uppmaningen: &#8221;Om du tagit k\u00f6lapp f\u00f6r recept g\u00e5r du och st\u00e4ller dig utanf\u00f6r och v\u00e4ntar p\u00e5 din tur.&#8221;<br \/>\nOch s\u00e5 blir det min tur men d\u00e5 \u00e4r det 12 personer inne i lokalen.<br \/>\nD\u00e5 ska jag sn\u00e4llt st\u00e5 d\u00e4r och v\u00e4nta p\u00e5 min tur?<br \/>\nOch s\u00e5 \u00e4r det kanske inte en enda kund, d\u00e4rinne, som \u00e4r d\u00e4r f\u00f6r att h\u00e4mta ut recept och d\u00e5 st\u00e5r den personalen &#8217;overksam&#8217;?<br \/>\nDen som h\u00e4mtade ut receptet vill kanske forts\u00e4tta handla \/ kika runt lite i butiken.<br \/>\nFick inget bra svar mer \u00e4n ett mummel om att det d\u00e4r var ingen bra information.<\/p>\n<p><b>Paket<\/b><b><\/b><br \/>\nTv\u00e5 stycken kom det idag.<br \/>\nDet ena inneh\u00f6ll de efterl\u00e4ngtade USB-v\u00e4rmesulorna:<br \/>\n<a href=\"http:\/\/ngn.nu\/Pict\/2021\/210113-USB_FotInlaegg-DSC04782.JPG\" target=\"_blank\" rel=\"noopener\"><img loading=\"lazy\" decoding=\"async\" title=\"USB Fotinl\u00e4gg\" src=\"http:\/\/ngn.nu\/Pict\/2021\/210113-USB_FotInlaegg-DSC04782.JPG\" alt=\"[Bild: USB Fotinl\u00e4gg]\" width=\"350\" height=\"352\" border=\"0\" \/><\/a><br \/>\nH\u00e4r ligger de p\u00e5 laddning.<br \/>\nDe styrs via en app&#8230;<\/p>\n<p>Det andra inneh\u00f6ll ett nytt f\u00f6rs\u00f6k till en ritpenna till surfplattan:<br \/>\n<img loading=\"lazy\" decoding=\"async\" title=\"Digital Ritpenna\" src=\"http:\/\/ngn.nu\/Pict\/2021\/210113-DigitalRitpenna-DSC04783.JPG\" alt=\"[Bild: Digital Ritpenna]\" width=\"254\" height=\"350\" border=\"0\" \/><br \/>\nDen ligger p\u00e5 uppladdning.<\/p>\n<p>Har hunnit med att testa den.<br \/>\nRedog\u00f6r i morgon f\u00f6r vilka android-appar jag f\u00f6redrar.<br \/>\nM\u00e5ste ju hinna med att testa lite och kolla hur enkla \/ sv\u00e5ra de \u00e4r att v\u00e4xla med GIMP.<\/p>\n<p><b>Bokbinderi<\/b><br \/>\nKollat upp vad jag har.<br \/>\nDet verkar som att jag f\u00f6rberett s\u00e5pass s\u00e5 att jag kan b\u00f6rja binda.<br \/>\nF\u00f6rs\u00e4ttsbladet verkar jag dock inte ha f\u00e5tt helt klart.<br \/>\nD\u00e4remot verkar efters\u00e4tten (samma som f\u00f6rs\u00e4ttsbladet men det sitter &#8217;sist&#8217; i boken).<br \/>\nDet som saknas \u00e4r tyglim. P\u00e4rmarna och ryggen ska kl\u00e4s med ett jeansliknande tyg.<br \/>\nSedan \u00e4r jag inte helt klar med hur jag ska g\u00f6ra med sk ryggtext.<br \/>\nDet lutar \u00e5t en etikett som ska limmas &#8211; men i vilket material? Tyg? Papper?<br \/>\nTyg k\u00e4nns mer h\u00e5llbart men sv\u00e5rt att skriva (trycka) p\u00e5 samt att f\u00e5 &#8217;kanterna&#8217; snygga.<br \/>\nVore jag hels\u00e4ker p\u00e5 slutresultatet s\u00e5 skulle jag ju kunna sy dit en tygetikett och text skriven med textilpenna.<\/p>\n<p><b>Postkodlotteriet.se<\/b><br \/>\nJa, vad ska man skriva?<br \/>\nAtt slippa dem verkar vara hart n\u00e4r om\u00f6jligt. Jag har f\u00f6rs\u00f6kt tidigare och g\u00f6r ett nytt f\u00f6rs\u00f6k.<br \/>\nI f\u00f6rra veckan kom ett stort brev med en massa glansigt inneh\u00e5ll. Kostade s\u00e4kert massor med milj\u00f6. K\u00e4llsorterade s\u00e5 gott jag kunde.<br \/>\nIdag kom ett ny brev &#8211; ett mindre men mer glansigt papper och ett svarskuvert.<br \/>\nDet d\u00e4r \u00e4r grejer som inte \u00e4r bra f\u00f6r milj\u00f6n.<\/p>\n<p>Och s\u00e5 reagerar jag lite p\u00e5 en formulering:<br \/>\n&#8221;<span style=\"font-family: Helvetica, Arial, sans-serif;\"><b>Nils-Gunnar, nu har du chans att f\u00e5 vara med att dela p\u00e5 vinster p\u00e5 1,4 miljarder<\/b><\/span>&#8221;.<br \/>\nOch understruket med r\u00f6tt:<br \/>\n&#8221;<u>Hundratusentals grannar runt om i Sverige kommer att vinna!<\/u>&#8221;<\/p>\n<p>Jag menar &#8211; ju fler som g\u00e5r med ju mindre vinstandel f\u00e5r ju var och en.<br \/>\n\u00c4ven om jag nu &#8217;g\u00e5r med&#8217; och betalar 99 sek f\u00f6r f\u00f6rsta m\u00e5naden och d\u00e4refter 170 sek per m\u00e5nad, s\u00e5 inte f-n &#8217;\u00f6kar&#8217; det min chans att vinna.<br \/>\n\u00c4r man fler s\u00e5 minskar ju chansen &#8211; eller vad s\u00e4ger Ni som kan detta med odds?<\/p>\n<p>Nu ska jag se om jag kan f\u00e5 fatt p\u00e5 en ePost s\u00e5 att jag kan be dem att stryka mig och s\u00e5 sparar vi i vart fall den delen av milj\u00f6n.<\/p>\n<p>Hittade ingen ePostadress i utskicket (men de vill att jag ska uppge min&#8230;). Bara ett telefonnummer.<\/p>\n<p>Kollar deras hemsida: postkodlotteriet.se<br \/>\nHittade en till slut: kundservice@postkodlotteriet.se<\/p>\n<p>Nu skickar jag en beg\u00e4ran om att strykas.<br \/>\nOch svar om att s\u00e5 skett &#8211; till min ePost.<\/p>\n<p><b>&#8217;Fest&#8217;<\/b><br \/>\nI.o.m. att jag g\u00e5tt ned 3,8kg &#8211; senaste veckan och -14kg totalt.<br \/>\nS\u00e5 ska det festas med PopCorn :me: <small>(&lt; den d\u00e4r gubben skulle beh\u00f6va g\u00f6ras mer tydlig &#8211; att den \u00e4r glad &#8211; nu tycker jag den ser lite arg ut&#8230;)<\/small>.<br \/>\nNu b\u00f6rjar ju m\u00e5let 80kg att k\u00e4nnas m\u00f6jligt :me:<\/p>\n<p>***************************************************************<br \/>\nKommande inl\u00e4gg. I oklar ordning (hinner ju inte skriva n\u00e5got om nedanst\u00e5ende &#8211; det h\u00e4nder ju grejer &#8211; hela tiden&#8230; ):<br \/>\n\u2717 Covid-vaccin, hur jag ska f\u00f6rh\u00e5lla mig till det?<br \/>\n\u2717 Vad ska jag v\u00e4lja f\u00f6r, nytt, &#8217;tema&#8217; (utseende) f\u00f6r min blogg?<br \/>\nDet jag har nu \u00e4r egetgjort och inte &#8217;s\u00e4kert&#8217;&#8230;<br \/>\n\u2717 ett pedagogiskt skulpturbyggande som genomg\u00e5r misslyckande efter misslyckande (verkar jag skriva om kontinuerligt).<br \/>\n\u2717 Kommer antagligen att f\u00e5 en &#8217;server&#8217; av min son. Hur ska jag konfigurerar den s\u00e5 att den blir anv\u00e4nd p\u00e5 b\u00e4sta vis?<br \/>\n\u2717 Detta med betalningsf\u00f6rbindelser.<\/p>\n<p>Det blir s\u00e4ker ocks\u00e5 (fler) temainl\u00e4gg om:<br \/>\n\u2717 Politik<br \/>\n\u2717 F\u00f6rs\u00e4kringskassan<br \/>\n\u2717 Sjukv\u00e5rden (H\u00e4lso- och)<br \/>\n\u2717 V\u00e5ra &#8217;fria&#8217; val. T.ex. Valfrihet i v\u00e5rden &#8211; menar jag d\u00e5.<br \/>\n\u2717 m.m.<\/p>\n<p>&#8221;&#8221;&#8221;&#8221;&#8221;&#8221;&#8221;&#8221;&#8221;&#8221;&#8221;&#8221;&#8221;&#8221;&#8221;&#8221;&#8221;&#8221;&#8221;&#8221;&#8221;&#8221;&#8221;&#8221;&#8221;&#8221;&#8221;&#8221;&#8221;&#8221;&#8221;&#8221;&#8221;&#8221;&#8221;&#8221;&#8221;&#8221;&#8221;&#8221;&#8221;&#8221;&#8221;&#8221;&#8221;&#8221;&#8221;&#8221;&#8221;&#8221;&#8221;&#8221;&#8221;&#8221;&#8221;<br \/>\nL\u00e4s g\u00e4rna om Marknadsplatsen Wish som jag publicerat p\u00e5 facebook.<br \/>\nL\u00e4nk till det <a href=\"https:\/\/www.facebook.com\/nilsgunnar.nordlundh\/posts\/10217517589723594?__cft__[0]=AZWOcpqv4msnDY8q0r3Di-DjK1ycLA2R9HY7JVKN1T2g-k_cpnwkR_D3OXQXVlkjaQYhCVfLxST5_r6c3fAj35L0N2HaLaJw-kIFAxUUPRRP6ynDrmmfAy49Fnu0_7ECraM&amp;__tn__=%2CO%2CP-R\" target=\"_blank\" rel=\"noopener\">inl\u00e4gget<\/a>.<u><br \/>\n<\/u>N\u00e4r du l\u00e4st det s\u00e5 f\u00e5r du g\u00e4rna dela det \ud83d\ude42<u><br \/>\nNot<\/u>: R\u00e4kna inte med att Wish Support kan hj\u00e4lpa Er.<u><br \/>\nExtraNot<\/u>: Handla INTE via Wish.com \u00f6ver huvudet taget. Skulle n\u00e5got bli fel s\u00e5 \u00e4r du r\u00f6kt.<br \/>\n&#8221;&#8221;&#8221;&#8221;&#8221;&#8221;&#8221;&#8221;&#8221;&#8221;&#8221;&#8221;&#8221;&#8221;&#8221;&#8221;&#8221;&#8221;&#8221;&#8221;&#8221;&#8221;&#8221;&#8221;&#8221;&#8221;&#8221;&#8221;&#8221;&#8221;&#8221;&#8221;&#8221;&#8221;&#8221;&#8221;&#8221;&#8221;&#8221;&#8221;&#8221;&#8221;&#8221;&#8221;&#8221;&#8221;&#8221;&#8221;&#8221;&#8221;&#8221;&#8221;&#8221;&#8221;&#8221;<\/p>\n","protected":false},"excerpt":{"rendered":"<p>Veckoinv\u00e4gning 89kg :me: Teneriffa \u00c4r med i en fb-grupp om Teneriffa. Ig\u00e5r l\u00e4ste jag ett inl\u00e4gg som handlade om en person som bokat en &#8217;sista minuten&#8217; resa och hade i samband med det en del fr\u00e5gor. Det blev m\u00e5nga kommentarer &hellip; <a href=\"https:\/\/blogg.ngn.nu\/index.php\/2021\/01\/13\/onsdag-166\/\">Forts\u00e4tt l\u00e4sa <span class=\"meta-nav\">&rarr;<\/span><\/a><\/p>\n","protected":false},"author":1,"featured_media":0,"comment_status":"open","ping_status":"closed","sticky":false,"template":"","format":"standard","meta":{"footnotes":""},"categories":[994,1037,448,902,18,875],"tags":[545,284,1063,1065],"class_list":["post-12390","post","type-post","status-publish","format-standard","hentry","category-fest","category-hobby","category-halsa","category-reflektion","category-teknik","category-tyckande","tag-apoteket","tag-lakemedel","tag-ritpenna-digital","tag-usb-varmesulor"],"_links":{"self":[{"href":"https:\/\/blogg.ngn.nu\/index.php\/wp-json\/wp\/v2\/posts\/12390","targetHints":{"allow":["GET"]}}],"collection":[{"href":"https:\/\/blogg.ngn.nu\/index.php\/wp-json\/wp\/v2\/posts"}],"about":[{"href":"https:\/\/blogg.ngn.nu\/index.php\/wp-json\/wp\/v2\/types\/post"}],"author":[{"embeddable":true,"href":"https:\/\/blogg.ngn.nu\/index.php\/wp-json\/wp\/v2\/users\/1"}],"replies":[{"embeddable":true,"href":"https:\/\/blogg.ngn.nu\/index.php\/wp-json\/wp\/v2\/comments?post=12390"}],"version-history":[{"count":3,"href":"https:\/\/blogg.ngn.nu\/index.php\/wp-json\/wp\/v2\/posts\/12390\/revisions"}],"predecessor-version":[{"id":12393,"href":"https:\/\/blogg.ngn.nu\/index.php\/wp-json\/wp\/v2\/posts\/12390\/revisions\/12393"}],"wp:attachment":[{"href":"https:\/\/blogg.ngn.nu\/index.php\/wp-json\/wp\/v2\/media?parent=12390"}],"wp:term":[{"taxonomy":"category","embeddable":true,"href":"https:\/\/blogg.ngn.nu\/index.php\/wp-json\/wp\/v2\/categories?post=12390"},{"taxonomy":"post_tag","embeddable":true,"href":"https:\/\/blogg.ngn.nu\/index.php\/wp-json\/wp\/v2\/tags?post=12390"}],"curies":[{"name":"wp","href":"https:\/\/api.w.org\/{rel}","templated":true}]}}