{"id":12368,"date":"2021-01-11T22:07:23","date_gmt":"2021-01-11T21:07:23","guid":{"rendered":"http:\/\/blogg.ngn.nu\/?p=12368"},"modified":"2021-01-11T22:21:14","modified_gmt":"2021-01-11T21:21:14","slug":"mandag-171","status":"publish","type":"post","link":"https:\/\/blogg.ngn.nu\/index.php\/2021\/01\/11\/mandag-171\/","title":{"rendered":"M\u00e5ndag"},"content":{"rendered":"<p><b>Sj\u00e4lvportr\u00e4tt<\/b><br \/>\nN\u00e4r jag skannade DIA, ig\u00e5r, s\u00e5 hittade jag ett sj\u00e4lvportr\u00e4tt p\u00e5 pappa Nils. fr\u00e5n 1987.<br \/>\nHan \u00e4r d\u00e5 ca 62 \u00e5r.<br \/>\nT\u00e4nkte att det \u00e4r ju hyfsat n\u00e4ra min ungdom; 65 \u00e5r.<br \/>\nDessutom s\u00e5 duggar inte sj\u00e4lvportr\u00e4tten p\u00e5 farsan s\u00e4rskilt t\u00e4tt &#8211; de \u00e4r faktiskt v\u00e4ldigt s\u00e4llsynta.<br \/>\nH\u00e4r kommer i alla fall ett f\u00f6rs\u00f6k till att f\u00e5 till ett likadant sj\u00e4lvportr\u00e4tt:<br \/>\n<a href=\"http:\/\/ngn.nu\/Pict\/2021\/210111-Nils_1987_NGN_2011-DSC09347-w1000.JPG\" target=\"_blank\" rel=\"noopener\"><img loading=\"lazy\" decoding=\"async\" title=\"Nils 1987 och NGN 2011\" src=\"http:\/\/ngn.nu\/Pict\/2021\/210111-Nils_1987_NGN_2011-DSC09347-w1000.JPG\" alt=\"]Bild: Nils 1987 och NGN 2011]\" width=\"350\" height=\"261\" border=\"0\" \/><\/a><br \/>\nN\u00e5gra reflektioner:<\/p>\n<ol class=\"ngn_nr\">\n<li>Farsan \u00e4r mycket snyggare.<\/li>\n<li>Han var definitivt b\u00e4ttre p\u00e5 ljuss\u00e4ttning.<\/li>\n<li>Han visste precis hur man skulle st\u00e4lla in en kamera. Jag k\u00f6r med automatik.<\/li>\n<li>Kameran skulle ha h\u00f6jts lite.<\/li>\n<li>Jag kunde ju anstr\u00e4ngt mig med att f\u00f6rs\u00f6ka se &#8217;lite&#8217; gladare ut &#8211; i alla fall i \u00f6gonen. De ser ledsna ut.<\/li>\n<\/ol>\n<p><\/p>\n<p><b>Skanning<\/b><br \/>\nJag \u00e4r n\u00f6jd. Idag blev det skannat 30st DIA-bilder.<br \/>\nDet betyder att jag granskat ca ett par hundra.<\/p>\n<p><b>Promenad<\/b><br \/>\nBidde det ingen idag. Skitv\u00e4der&#8230;<\/p>\n<p>&#8217;<b>Skulpturen&#8217;<\/b><br \/>\nJobbat en del med den men fick sluta. Det b\u00f6rjade br\u00e4nna i muskulaturen mellan skulderbladen och s\u00e5 skakade h\u00e4nderna.<br \/>\nDet kr\u00e4vs lite pill och d\u00e5 funkar det ju inte&#8230;<\/p>\n<p><b>Slingor<\/b><br \/>\nIdag \u00e4r en s\u00e5dan d\u00e4r dag d\u00e5 jag \u00e4r &#8217;tvingad&#8217; till att helt frivilligt fixa till s\u00e5 att hustrun kan f\u00e5 sk slingor i sitt h\u00e5r.<\/p>\n<p><b>Trump<\/b><br \/>\nDet var ju deprimerande att h\u00f6ra att 25:e till\u00e4gget inte kommer att anv\u00e4ndas.<br \/>\nRisken \u00e4r d\u00e5 stor att han kan bli en &#8217;martyr&#8217;.<br \/>\nJag tror mer att de \u00e4r fega och t\u00e4nker mer p\u00e5 sin egen politiska framtid &#8211; de d\u00e4r Republikanerna.<br \/>\nS\u00e5 d\u00e5 \u00e5terst\u00e5r en sk riksr\u00e4tt &#8211; som kan bli utdragen.<br \/>\nVad jag f\u00f6rst\u00e5tt s\u00e5 \u00e4r det en massa m\u00e4nniskor med m\u00f6jlighet som nu f\u00f6rs\u00f6ker dra i en massa tr\u00e5dar f\u00f6r att begr\u00e4nsa Presidentens m\u00f6jligheter att ut\u00f6va den makt han har m\u00f6jlighet att utnyttja &#8211; vad jag skulle sk\u00e4mmas&#8230;<br \/>\n\u00c4ven om riksr\u00e4tten blir utdragen s\u00e5 kommer den ju, vad det verkar, leda till att Trump f\u00f6rhindras att bli President igen och inte kunna f\u00e5 politiska uppdrag p\u00e5 Federal niv\u00e5.<br \/>\nVi f\u00e5r v\u00e4l vara n\u00f6jda med det.<\/p>\n<p>Personligen tror jag att Vi m\u00e5ste h\u00e5lla ett mycket vakande \u00f6ga p\u00e5 den d\u00e4r despoten (diktator). Han kan st\u00e4lla till med vad som helst.<br \/>\nHan har makt (pengar) och det \u00e4r fortfarande en massa (farliga) m\u00e4nniskor som tycker att han \u00e4r en hyvens kille.<\/p>\n<p>***************************************************************<br \/>\nKommande inl\u00e4gg. I oklar ordning (hinner ju inte skriva n\u00e5got om nedanst\u00e5ende &#8211; det h\u00e4nder ju grejer &#8211; hela tiden&#8230; ):<br \/>\n\u2717 Covid-vaccin, hur jag ska f\u00f6rh\u00e5lla mig till det?<br \/>\n\u2717 Vad ska jag v\u00e4lja f\u00f6r, nytt, &#8217;tema&#8217; (utseende) f\u00f6r min blogg?<br \/>\nDet jag har nu \u00e4r egetgjort och inte &#8217;s\u00e4kert&#8217;&#8230;<br \/>\n\u2717 ett pedagogiskt skulpturbyggande som genomg\u00e5r misslyckande efter misslyckande (verkar jag skriva om kontinuerligt).<br \/>\n\u2717 Kommer antagligen att f\u00e5 en &#8217;server&#8217; av min son. Hur ska jag konfigurerar den s\u00e5 att den blir anv\u00e4nd p\u00e5 b\u00e4sta vis?<br \/>\n\u2717 Detta med betalningsf\u00f6rbindelser.<\/p>\n<p>Det blir s\u00e4ker ocks\u00e5 (fler) temainl\u00e4gg om:<br \/>\n\u2717 Politik<br \/>\n\u2717 F\u00f6rs\u00e4kringskassan<br \/>\n\u2717 Sjukv\u00e5rden (H\u00e4lso- och)<br \/>\n\u2717 V\u00e5ra &#8217;fria&#8217; val. T.ex. Valfrihet i v\u00e5rden &#8211; menar jag d\u00e5.<br \/>\n\u2717 m.m.<\/p>\n<p>&#8221;&#8221;&#8221;&#8221;&#8221;&#8221;&#8221;&#8221;&#8221;&#8221;&#8221;&#8221;&#8221;&#8221;&#8221;&#8221;&#8221;&#8221;&#8221;&#8221;&#8221;&#8221;&#8221;&#8221;&#8221;&#8221;&#8221;&#8221;&#8221;&#8221;&#8221;&#8221;&#8221;&#8221;&#8221;&#8221;&#8221;&#8221;&#8221;&#8221;&#8221;&#8221;&#8221;&#8221;&#8221;&#8221;&#8221;&#8221;&#8221;&#8221;&#8221;&#8221;&#8221;&#8221;&#8221;<br \/>\nL\u00e4s g\u00e4rna om Marknadsplatsen Wish som jag publicerat p\u00e5 facebook.<br \/>\nL\u00e4nk till det <a href=\"https:\/\/www.facebook.com\/nilsgunnar.nordlundh\/posts\/10217517589723594?__cft__[0]=AZWOcpqv4msnDY8q0r3Di-DjK1ycLA2R9HY7JVKN1T2g-k_cpnwkR_D3OXQXVlkjaQYhCVfLxST5_r6c3fAj35L0N2HaLaJw-kIFAxUUPRRP6ynDrmmfAy49Fnu0_7ECraM&amp;__tn__=%2CO%2CP-R\" target=\"_blank\" rel=\"noopener\">inl\u00e4gget<\/a>.<u><br \/>\n<\/u>N\u00e4r du l\u00e4st det s\u00e5 f\u00e5r du g\u00e4rna dela det \ud83d\ude42<u><br \/>\nNot<\/u>: R\u00e4kna inte med att Wish Support kan hj\u00e4lpa Er.<u><br \/>\nExtraNot<\/u>: Handla INTE via Wish.com \u00f6ver huvudet taget. Skulle n\u00e5got bli fel s\u00e5 \u00e4r du r\u00f6kt.<br \/>\n&#8221;&#8221;&#8221;&#8221;&#8221;&#8221;&#8221;&#8221;&#8221;&#8221;&#8221;&#8221;&#8221;&#8221;&#8221;&#8221;&#8221;&#8221;&#8221;&#8221;&#8221;&#8221;&#8221;&#8221;&#8221;&#8221;&#8221;&#8221;&#8221;&#8221;&#8221;&#8221;&#8221;&#8221;&#8221;&#8221;&#8221;&#8221;&#8221;&#8221;&#8221;&#8221;&#8221;&#8221;&#8221;&#8221;&#8221;&#8221;&#8221;&#8221;&#8221;&#8221;&#8221;&#8221;&#8221;<\/p>\n","protected":false},"excerpt":{"rendered":"<p>Sj\u00e4lvportr\u00e4tt N\u00e4r jag skannade DIA, ig\u00e5r, s\u00e5 hittade jag ett sj\u00e4lvportr\u00e4tt p\u00e5 pappa Nils. fr\u00e5n 1987. Han \u00e4r d\u00e5 ca 62 \u00e5r. T\u00e4nkte att det \u00e4r ju hyfsat n\u00e4ra min ungdom; 65 \u00e5r. Dessutom s\u00e5 duggar inte sj\u00e4lvportr\u00e4tten p\u00e5 farsan &hellip; <a href=\"https:\/\/blogg.ngn.nu\/index.php\/2021\/01\/11\/mandag-171\/\">Forts\u00e4tt l\u00e4sa <span class=\"meta-nav\">&rarr;<\/span><\/a><\/p>\n","protected":false},"author":1,"featured_media":0,"comment_status":"open","ping_status":"closed","sticky":false,"template":"","format":"standard","meta":{"footnotes":""},"categories":[444,863,1037,807,31,1018,875],"tags":[540,1056],"class_list":["post-12368","post","type-post","status-publish","format-standard","hentry","category-bilder","category-historik","category-hobby","category-nackrygg","category-politik","category-psoriasisartrit","category-tyckande","tag-dia-skanning","tag-skulptur"],"_links":{"self":[{"href":"https:\/\/blogg.ngn.nu\/index.php\/wp-json\/wp\/v2\/posts\/12368","targetHints":{"allow":["GET"]}}],"collection":[{"href":"https:\/\/blogg.ngn.nu\/index.php\/wp-json\/wp\/v2\/posts"}],"about":[{"href":"https:\/\/blogg.ngn.nu\/index.php\/wp-json\/wp\/v2\/types\/post"}],"author":[{"embeddable":true,"href":"https:\/\/blogg.ngn.nu\/index.php\/wp-json\/wp\/v2\/users\/1"}],"replies":[{"embeddable":true,"href":"https:\/\/blogg.ngn.nu\/index.php\/wp-json\/wp\/v2\/comments?post=12368"}],"version-history":[{"count":19,"href":"https:\/\/blogg.ngn.nu\/index.php\/wp-json\/wp\/v2\/posts\/12368\/revisions"}],"predecessor-version":[{"id":12387,"href":"https:\/\/blogg.ngn.nu\/index.php\/wp-json\/wp\/v2\/posts\/12368\/revisions\/12387"}],"wp:attachment":[{"href":"https:\/\/blogg.ngn.nu\/index.php\/wp-json\/wp\/v2\/media?parent=12368"}],"wp:term":[{"taxonomy":"category","embeddable":true,"href":"https:\/\/blogg.ngn.nu\/index.php\/wp-json\/wp\/v2\/categories?post=12368"},{"taxonomy":"post_tag","embeddable":true,"href":"https:\/\/blogg.ngn.nu\/index.php\/wp-json\/wp\/v2\/tags?post=12368"}],"curies":[{"name":"wp","href":"https:\/\/api.w.org\/{rel}","templated":true}]}}