{"id":1214,"date":"2010-11-25T21:48:54","date_gmt":"2010-11-25T19:48:54","guid":{"rendered":"http:\/\/blogg.ngn.nu\/index.php\/2010\/11\/25\/dhl-prv-bok-sno-och-farsan\/"},"modified":"2010-11-25T22:50:05","modified_gmt":"2010-11-25T20:50:05","slug":"dhl-prv-bok-sno-och-farsan","status":"publish","type":"post","link":"https:\/\/blogg.ngn.nu\/index.php\/2010\/11\/25\/dhl-prv-bok-sno-och-farsan\/","title":{"rendered":"DHL, PRV, Bok, Sn\u00f6 och Farsan"},"content":{"rendered":"<p>s\u00f6mn; ok. kom sent i s\u00e4ng men vakna \u00e4nd\u00e5 relativt tidigt.<\/p>\n<p><span style=\"font-weight: bold\">DHL<\/span><br \/>\nJag v\u00e4ntar ju p\u00e5 ett paket som ska komma via DHL.<\/p>\n<p>Idag fick jag ett telefonsamtal fr\u00e5n en paketutk\u00f6rare. Trodde att de skulle l\u00e4mna paket men samtalet blev lite ov\u00e4ntat;<br \/>\nP=Paketutk\u00f6raren fr\u00e5n DHL<br \/>\nN=\u00e4r jag det<br \/>\nTelefonen ringer&#8230;<br \/>\nN: &#8221;<span style=\"font-style: italic\">Ja, det \u00e4r Nordlundh.<\/span>&#8221;<br \/>\nP: &#8221;<span style=\"font-style: italic\">Ja, hej det g\u00e4ller en h\u00e4mtning.<\/span>&#8221;<br \/>\nEfter en kort men mycket fundersam tystnad;<br \/>\nN: &#8221;<span style=\"font-style: italic\">H\u00e4mtning? Du menar l\u00e4mning?<\/span>&#8221;<br \/>\nP: &#8221;<span style=\"font-style: italic\">Nej, h\u00e4r st\u00e5r att jag har en h\u00e4mtning.<\/span>&#8221;<br \/>\nN: &#8221;<span style=\"font-style: italic\">Jag har inget paket att ge dig. Vad skulle det vara?<\/span>&#8221;<br \/>\nNu \u00e4r det P:s tur att vara tyst en stund;<br \/>\nP: &#8221;<span style=\"font-style: italic\">Var bor du och vad heter du?<\/span>&#8221;<br \/>\nN: &#8221;<span style=\"font-style: italic\">Jag bor p\u00e5 Agnesborgsv\u00e4gen 12 och namnet \u00e4r Nordlund.<\/span>&#8221;<br \/>\nP: &#8221;<span style=\"font-style: italic\">Rackarns, ja jag har bara att jag ska h\u00e4mta ett paket p\u00e5 Agensborgsv\u00e4gen. Du \u00e4r inget f\u00f6retag d\u00e5?<\/span>&#8221;<br \/>\nN: &#8221;<span style=\"font-style: italic\">Nejd\u00e5 jag \u00e4r en helt vanlig person.<\/span>&#8221;<br \/>\nDet d\u00e4r tyckte tydligen P var j\u00e4tteroligt f\u00f6r han skrattar hj\u00e4rtligt en stund. Jag forts\u00e4tter;<br \/>\nN: &#8221;<span style=\"font-style: italic\">Men jag har ett paket som ska till net2worl men jag har inte f\u00e5tt n\u00e5gra returuppgifter till mig \u00e4n. Bara ett mejl om att de ska skicka det till mig.<\/span>&#8221;<br \/>\nP: &#8221;<span style=\"font-style: italic\">Jo det st\u00e4mmer, det \u00e4r de som best\u00e4llt h\u00e4mtningen och du har allts\u00e5 inte f\u00e5tt n\u00e5gra returpapper. Ja d\u00e5 kan jag ju inte h\u00e4mta n\u00e5got&#8230; J\u00e4kla tur att jag ringde f\u00f6rst.<\/span>&#8221;<br \/>\nN: &#8221;<span style=\"font-style: italic\">Just det. Men du har kanske n\u00e5got till mig? Jag v\u00e4ntar n\u00e4mligen p\u00e5 ett paket som l\u00e4mnade Tyskland halv ett p\u00e5 natten den 24:e.<\/span>&#8221;<br \/>\nP: &#8221;<span style=\"font-style: italic\">Ja, det borde ju vara h\u00e4r nu, v\u00e4nta lite&#8230; nope, inget paket. Det kanske kommer i morgon och d\u00e5 kan jag ju ta ditt paket ocks\u00e5 f\u00f6r d\u00e5 har du v\u00e4l f\u00e5tt returpapperen?<\/span>&#8221;<br \/>\nN: &#8221;<span style=\"font-style: italic\">Det \u00e4r m\u00f6jligt att de kommer i morgon men posten kommer tidigast 12:30. S\u00e5 d\u00e5 h\u00e4nger det p\u00e5 n\u00e4r du har din k\u00f6rning. Tror inte jag kan lyckas f\u00e5 brevb\u00e4rarn att \u00e4ndra sin runda.<\/span>&#8221;<br \/>\nP: &#8221;<span style=\"font-style: italic\">N\u00e4, de har fullt upp. L\u00e5ter inte alls bra. Vi f\u00e5r se hur det l\u00f6ser sig.<\/span>&#8221;<br \/>\nN: &#8221;<span style=\"font-style: italic\">Just det. Ha en bra dag!<\/span>&#8221;<br \/>\nP: &#8221;<span style=\"font-style: italic\">Mors.<\/span>&#8221;<\/p>\n<p>Det blev allts\u00e5 inget l\u00e4mnat och inte heller n\u00e5got h\u00e4mtat&#8230;<\/p>\n<p><span style=\"font-weight: bold\">PRV<\/span><br \/>\nFick brev idag fr\u00e5n Folkbokf\u00f6ringen (Skatteverket). Det var ett personbevis p\u00e5 far, att anv\u00e4ndas vid ans\u00f6kan om efternamns\u00e4ndring hos PRV (Paten- och RegistreringsVerket).<\/p>\n<p>Var inne p\u00e5 deras hemsida och fick fram ans\u00f6kningsblanketten, PDF-format. Fyllde i och skrev ut i tv\u00e5 ex.<\/p>\n<p>Har betalt ans\u00f6kningsavgiften s\u00e5 nu fattas bara att far skriver p\u00e5 sj\u00e4lva ans\u00f6kan, skickar in den, till PRV och s\u00e5 f\u00e5r vi v\u00e4nta och se n\u00e4r och om det h\u00e4nder n\u00e5got.<br \/>\nDe behandlar den och vi f\u00f6ruts\u00e4tter att den g\u00e5r igenom. D\u00e5 har far f\u00e5tt nytt efternamn, fr\u00e5n &#8217;Nordlund&#8217;, till &#8217;Nordlundh&#8217;.<br \/>\nPRV anm\u00e4ler det till Folkbokf\u00f6ringen och de skickar d\u00e5 nytt personbevis.<\/p>\n<p>Far m\u00e5ste d\u00e5 fixa ett nytt ID-kort om han t.ex. n\u00e5gon g\u00e5ng skulle vilja ta ut pengar p\u00e5 banken eller f\u00e5 ut mediciner p\u00e5 Apoteket.<\/p>\n<p>Jag och brorsan samt brorsbarnen kan sedan v\u00e4nda sig till Folkbokf\u00f6ringen (Skatteverket) och ans\u00f6ka (kostnadsfritt) om att f\u00e5 farsans efternamn. Min fru och brorsans f.d. kan inte f\u00e5 sina efternamn \u00e4ndrade p\u00e5 detta vis, de m\u00e5ste ans\u00f6ka via PRV. Nu \u00e4r detta inget problem d\u00e5 ingen av dem vill byta fr\u00e5n &#8217;Nordlund&#8217; till &#8217;Nordlundh&#8217; (Konstiga typer&#8230;?).<\/p>\n<p>Vilket inneb\u00e4r att jag och hustrun inte kommer att ha samma efternamn, liksom.<\/p>\n<p>Efter att Folkbokf\u00f6ringen s\u00e5 blir det till att fixa nytt pass, nytt k\u00f6rkort samt kontakt med och meddela namn\u00e4ndring till t.ex.: banker, f\u00f6rs\u00e4kringsbolag, elbolag och telefonbolag. De kan bli lite kinkiga om personuppgifter inte st\u00e4mmer. N\u00e4mnda institutioner g\u00e4ller ju givetvis ocks\u00e5 farsan.<\/p>\n<p><span style=\"font-weight: bold\">Farsan<\/span><br \/>\nRingde. Arbetsterapeut hade varit d\u00e4r och kikat. Resultatet blev att far blev sittande med en blankett som ska skrivas p\u00e5, av fastighets\u00e4garen. Det g\u00e4ller att \u00e5tg\u00e4rda en lite h\u00f6g tr\u00f6skel mellan Hall \/ WC. Far har f\u00f6rs\u00f6kt ringa fastighets\u00e4garen men denne var borta resten av dagen.<\/p>\n<p>Jag skickade d\u00e5 ett mejl och fick ganska snabbt svar. Blanketten ska skickas till fastighets\u00e4garen s\u00e5 skriver denne p\u00e5 och skickar den sedan till kommunen. Jag meddelade detta till far och s\u00e5 skickade jag ett mejl till farsan med uppgifter om vilken adress det ska st\u00e5 p\u00e5 kuvertet.<\/p>\n<p>Han ville ha en elrullstol ocks\u00e5&#8230;<br \/>\nDet kr\u00e4vde ett l\u00e4karintyg. Det tyckte far att ett s\u00e5dant borde g\u00e5 att fixa under morgondagen (fredag), via telefon&#8230;.<br \/>\nJag ringde hans v\u00e5rdcentral och efter en massa val och knapptryckningar (far hade f\u00f6rs\u00f6kt och gett upp&#8230;) s\u00e5 resulterade det till slut i att &#8217;de&#8217; skulle ringa upp, under sena eftermiddagen.<\/p>\n<p>Det ringde. Nu blev min tur att bli f\u00f6rv\u00e5nad. Far fick en telefontid, fredag eftermiddag&#8230;<\/p>\n<p><span style=\"font-weight: bold\">Bok<\/span><br \/>\nGLASBRUKET, <span style=\"font-style: italic\">Arnaldur Indridason<\/span>, Prisma, 2003, ISBN: 91-518-4135-5<br \/>\nHar l\u00e4st slut p\u00e5 den nu. Bra och f\u00e4ngslande men jag irriterade mig p\u00e5 alla Isl\u00e4ndska namn jag inte har en susning om hur de ska uttalas. Identiteterna i boken blev liksom otydliga, f\u00f6r mig, p\u00e5 det viset.<\/p>\n<p><span style=\"font-weight: bold\">Sn\u00f6<\/span><br \/>\nBalkongerna \u00e4r nu halvfyllda med sn\u00f6. Det \u00e4r v\u00e4l lugnt. Nog kan man v\u00e4nta tills de \u00e4r helfyllda innan sn\u00f6n m\u00e5ste bort?<\/p>\n<p><span style=\"font-weight: bold\">H\u00e4lsol\u00e4get<\/span>:<br \/>\nIdag har jag k\u00e4nt mig febrig men inte lyckats hitta n\u00e5gon temperaturh\u00f6jning. V\u00e4rkm\u00e4ssigt har det varit ganska lugn. Jag har i.o.f.s. tagit det lugnt ocks\u00e5, legat i s\u00e4ngen och l\u00e4st bok.<br \/>\nMin tinnitus \u00e4r lite v\u00e4l h\u00f6gljudd. Inte direkt trivsamt. Eksemen h\u00e5ller jag i hyfsat schack via salvor, oljor och kr\u00e4mer.<br \/>\n<font size=\"1\">[03-03-050-005]<\/font><\/p>\n","protected":false},"excerpt":{"rendered":"<p>s\u00f6mn; ok. kom sent i s\u00e4ng men vakna \u00e4nd\u00e5 relativt tidigt. DHL Jag v\u00e4ntar ju p\u00e5 ett paket som ska komma via DHL. Idag fick jag ett telefonsamtal fr\u00e5n en paketutk\u00f6rare. Trodde att de skulle l\u00e4mna paket men samtalet blev &hellip; <a href=\"https:\/\/blogg.ngn.nu\/index.php\/2010\/11\/25\/dhl-prv-bok-sno-och-farsan\/\">Forts\u00e4tt l\u00e4sa <span class=\"meta-nav\">&rarr;<\/span><\/a><\/p>\n","protected":false},"author":1,"featured_media":0,"comment_status":"open","ping_status":"closed","sticky":false,"template":"","format":"standard","meta":{"footnotes":""},"categories":[90,799,798,792,222,4],"tags":[745,635,800,212],"class_list":["post-1214","post","type-post","status-publish","format-standard","hentry","category-eksem","category-folkbokforingen","category-lederna","category-musklerna","category-tinnitus","category-vardag","tag-bok","tag-farsan","tag-prv","tag-vark"],"_links":{"self":[{"href":"https:\/\/blogg.ngn.nu\/index.php\/wp-json\/wp\/v2\/posts\/1214","targetHints":{"allow":["GET"]}}],"collection":[{"href":"https:\/\/blogg.ngn.nu\/index.php\/wp-json\/wp\/v2\/posts"}],"about":[{"href":"https:\/\/blogg.ngn.nu\/index.php\/wp-json\/wp\/v2\/types\/post"}],"author":[{"embeddable":true,"href":"https:\/\/blogg.ngn.nu\/index.php\/wp-json\/wp\/v2\/users\/1"}],"replies":[{"embeddable":true,"href":"https:\/\/blogg.ngn.nu\/index.php\/wp-json\/wp\/v2\/comments?post=1214"}],"version-history":[{"count":0,"href":"https:\/\/blogg.ngn.nu\/index.php\/wp-json\/wp\/v2\/posts\/1214\/revisions"}],"wp:attachment":[{"href":"https:\/\/blogg.ngn.nu\/index.php\/wp-json\/wp\/v2\/media?parent=1214"}],"wp:term":[{"taxonomy":"category","embeddable":true,"href":"https:\/\/blogg.ngn.nu\/index.php\/wp-json\/wp\/v2\/categories?post=1214"},{"taxonomy":"post_tag","embeddable":true,"href":"https:\/\/blogg.ngn.nu\/index.php\/wp-json\/wp\/v2\/tags?post=1214"}],"curies":[{"name":"wp","href":"https:\/\/api.w.org\/{rel}","templated":true}]}}