{"id":1212,"date":"2010-11-23T19:30:09","date_gmt":"2010-11-23T17:30:09","guid":{"rendered":"http:\/\/blogg.ngn.nu\/index.php\/2010\/11\/23\/lite-av-varje-5\/"},"modified":"2010-11-23T20:30:54","modified_gmt":"2010-11-23T18:30:54","slug":"lite-av-varje-5","status":"publish","type":"post","link":"https:\/\/blogg.ngn.nu\/index.php\/2010\/11\/23\/lite-av-varje-5\/","title":{"rendered":"Lite av varje"},"content":{"rendered":"<p>s\u00f6mn; ok.<\/p>\n<p>V\u00e4ldigt tr\u00f6tt dag, sovit halva.<\/p>\n<p><span style=\"font-weight: bold\">Reumatikernas eget forum<\/span><br \/>\nVia reumatikertidningens hemsida har jag i Reumatikernas eget forum lagt in en fr\u00e5ga om Diagnoshj\u00e4lp. Jag vill veta om det finns n\u00e5gon mer med liknade de besv\u00e4r jag har och, i s\u00e5 fall, vad har denne eller de f\u00f6r erfarenheter.<\/p>\n<p><span style=\"font-weight: bold\">Insekter<\/span><br \/>\nHar f\u00e5tt positiva mejl fr\u00e5n Naturhistoriska riksmuseet och Lars-\u00c5ke Janzon. Med hj\u00e4lp av Julio Ferrer \u00e4r den lilla Svartbaggen nu artsatt: <a href=\"http:\/\/galleri.ngn.nu\/v\/gBilder\/Djur-animalia\/Insekter\/Coleoptera\/101023-DSC02162-Skalbagge-Maspalomas-Gran-Canaria-Kompr80-w1000.jpg.html\" target=\"_blank\"><span style=\"font-style: italic\">Zophosis quadricarinata<\/span><\/a>.<br \/>\n\u00c4n en g\u00e5ng; Jag bugar \u00e5 tackar.<\/p>\n<p><span style=\"font-weight: bold\">Gr\u00e4shoppa<\/span><br \/>\nSt\u00f6rre delen av min vakna tid har jag \u00e4gnat \u00e5t att f\u00f6rs\u00f6ka artbest\u00e4mma en Gr\u00e4shoppa. \u00c4ven den fotograferad i Maspalomas, \u00f6ster om den s.k. Lagunen, Gran Canaria.<\/p>\n<p>Jag har kommit fram till att den mest troliga arten \u00e4r <span style=\"font-style: italic\">Oedipoda coerulescens<\/span> men med fr\u00e5getecken kring.<br \/>\n<a href=\"http:\/\/galleri.ngn.nu\/v\/gBilder\/Djur-animalia\/Insekter\/Acrididae\/101023-DSC02190_2197-Graeshoppa-Oedipoda-coerulescens-Maspalomas-Gran-Canaria-Kompr80-w2000.jpg.html\" target=\"_blank\"><img decoding=\"async\" src=\"http:\/\/galleri.ngn.nu\/d\/7249-2\/101023-DSC02190_2197-Graeshoppa-Oedipoda-coerulescens-Maspalomas-Gran-Canaria-Kompr80-w2000.jpg\" style=\"border: 0px solid; width: 150px; height: 98px\" alt=\"[Bild: Gr\u00e4shoppa (Oedipoda coerulescens), kanske. Maspalomas, Gran Canaria]\" title=\"Gr\u00e4shoppa (Oedipoda coerulescens), kanske. Maspalomas, Gran Canaria\" \/><\/a><\/p>\n<p><span style=\"font-weight: bold\">\u00d6vrigt<\/span><br \/>\nV\u00e4ntar p\u00e5 brev fr\u00e5n Folkbokf\u00f6ringen (avslag p\u00e5 ans\u00f6kan om namn\u00e4ndring samt ett personbevis).<br \/>\nV\u00e4ntar p\u00e5 LEGO fr\u00e5n LEGO (2:a omg\u00e5ngen l\u00e4r vara p\u00e5 v\u00e4g via DHL)<br \/>\nV\u00e4ntar p\u00e5 LEGO fr\u00e5n bricklink (3:e omg\u00e5ngen)<br \/>\nV\u00e4ntar p\u00e5 besked eller brev fr\u00e5n net2world (3G USB Mobilt Bredband)<\/p>\n<p><span style=\"font-weight: bold\">H\u00e4lsol\u00e4get<\/span>:<br \/>\nOm m\u00f6jligt s\u00e5 har jag mer v\u00e4rk i \u00f6verkroppens muskler \u00e4n vad jag hade ig\u00e5r&#8230;<br \/>\nJag \u00e4r seg, sl\u00f6 och tr\u00f6tt.<br \/>\n<font size=\"1\">[04-03-025-005]<\/font><\/p>\n","protected":false},"excerpt":{"rendered":"<p>s\u00f6mn; ok. V\u00e4ldigt tr\u00f6tt dag, sovit halva. Reumatikernas eget forum Via reumatikertidningens hemsida har jag i Reumatikernas eget forum lagt in en fr\u00e5ga om Diagnoshj\u00e4lp. Jag vill veta om det finns n\u00e5gon mer med liknade de besv\u00e4r jag har och, &hellip; <a href=\"https:\/\/blogg.ngn.nu\/index.php\/2010\/11\/23\/lite-av-varje-5\/\">Forts\u00e4tt l\u00e4sa <span class=\"meta-nav\">&rarr;<\/span><\/a><\/p>\n","protected":false},"author":1,"featured_media":0,"comment_status":"open","ping_status":"closed","sticky":false,"template":"","format":"standard","meta":{"footnotes":""},"categories":[444,338,90,799,798,792,219],"tags":[494,339,420,212],"class_list":["post-1212","post","type-post","status-publish","format-standard","hentry","category-bilder","category-djur","category-eksem","category-folkbokforingen","category-lederna","category-musklerna","category-trott","tag-grashoppa","tag-insekter","tag-skalbagge","tag-vark"],"_links":{"self":[{"href":"https:\/\/blogg.ngn.nu\/index.php\/wp-json\/wp\/v2\/posts\/1212","targetHints":{"allow":["GET"]}}],"collection":[{"href":"https:\/\/blogg.ngn.nu\/index.php\/wp-json\/wp\/v2\/posts"}],"about":[{"href":"https:\/\/blogg.ngn.nu\/index.php\/wp-json\/wp\/v2\/types\/post"}],"author":[{"embeddable":true,"href":"https:\/\/blogg.ngn.nu\/index.php\/wp-json\/wp\/v2\/users\/1"}],"replies":[{"embeddable":true,"href":"https:\/\/blogg.ngn.nu\/index.php\/wp-json\/wp\/v2\/comments?post=1212"}],"version-history":[{"count":0,"href":"https:\/\/blogg.ngn.nu\/index.php\/wp-json\/wp\/v2\/posts\/1212\/revisions"}],"wp:attachment":[{"href":"https:\/\/blogg.ngn.nu\/index.php\/wp-json\/wp\/v2\/media?parent=1212"}],"wp:term":[{"taxonomy":"category","embeddable":true,"href":"https:\/\/blogg.ngn.nu\/index.php\/wp-json\/wp\/v2\/categories?post=1212"},{"taxonomy":"post_tag","embeddable":true,"href":"https:\/\/blogg.ngn.nu\/index.php\/wp-json\/wp\/v2\/tags?post=1212"}],"curies":[{"name":"wp","href":"https:\/\/api.w.org\/{rel}","templated":true}]}}