{"id":1211,"date":"2010-11-22T21:03:50","date_gmt":"2010-11-22T19:03:50","guid":{"rendered":"http:\/\/blogg.ngn.nu\/index.php\/2010\/11\/22\/trog-start-pa-dagen-lattade-val-lite-mot-kvallen\/"},"modified":"2010-11-22T21:03:50","modified_gmt":"2010-11-22T19:03:50","slug":"trog-start-pa-dagen-lattade-val-lite-mot-kvallen","status":"publish","type":"post","link":"https:\/\/blogg.ngn.nu\/index.php\/2010\/11\/22\/trog-start-pa-dagen-lattade-val-lite-mot-kvallen\/","title":{"rendered":"Tr\u00f6g start p\u00e5 dagen. L\u00e4ttade v\u00e4l lite mot kv\u00e4llen."},"content":{"rendered":"<p>s\u00f6mn; godk\u00e4nd. Lade mig i vettig tid och vaknade relativt tidigt. Precis s\u00e5 som jag vill ha det.<\/p>\n<p><span style=\"font-weight: bold\">Folkbokf\u00f6ringen<\/span><br \/>\nBeskedet blev som jag misst\u00e4nkte. Handl\u00e4ggaren avsl\u00e5r min ans\u00f6kan om namn\u00e4ndring, fr\u00e5n &#8217;Nordlund&#8217; till &#8217;Nordlundh&#8217; med motivering att den &#8217;f\u00f6rste&#8217; (pappa) som ans\u00f6ker m\u00e5ste ha en f\u00f6r\u00e4lder i livet med s\u00f6kt namn. Det d\u00e4r visste jag. Men jag fick s\u00e5dant besked av tre av varandra oberoende handl\u00e4ggare vid Folkbokf\u00f6ringens telefonv\u00e4xel att det skulle g\u00e5. En besvikelse.<\/p>\n<p>Men om jag fattat det hela r\u00e4tt s\u00e5 r\u00e4cker det med att far ans\u00f6ker om efternamn\u00e4ndring hos PRV (Paten och RegistreringsVerket). Det kostar 1800 SEK.<br \/>\nEfter det s\u00e5 kan jag och brodern till Skatteverket (Folkbokf\u00f6ringen) ans\u00f6ka om efternamns\u00e4ndring, under f\u00f6ruts\u00e4ttning att far d\u00e5 \u00e4r i livet. Och efter det s\u00e5 kan v\u00e5ra barn \u00e4ndra sina efternamn, om de \u00f6nskar, och om jag respektive brodern d\u00e5 \u00e4r i livet.<\/p>\n<p>Det \u00e4r m\u00f6jligt att Folkbokf\u00f6ringen accepterar en gemensam \u00e4ndring.<\/p>\n<p>Jag tycker att Folkbokf\u00f6ringen kunde ha handlagt det h\u00e4r tidigare. Min ans\u00f6kan inkom den 23\/9 och hade jag inte ringt idag och fr\u00e5gat s\u00e5 hade inget h\u00e4nt detta \u00e5ret.<\/p>\n<p><span style=\"font-weight: bold\">Litteraturstudie<\/span><br \/>\nNu har jag l\u00e4st: <span style=\"font-weight: bold\">Socialdemokraterna i Trollh\u00e4ttan 100 \u00e5r<\/span>. <span style=\"font-weight: bold\">Trollh\u00e4ttans arbetarekommun bildad 1904<\/span>, huvudf\u00f6rfattare; <span style=\"font-style: italic\">Ingvar Johnsson<\/span>, 2004.<br \/>\nMin litteraturstudie siktar ju in sig p\u00e5 att hita vad som skrivits om farfar Gunnar Nordlundh. D\u00f6m om min f\u00f6rv\u00e5ning, fast egentligen f\u00f6rv\u00e4ntat, n\u00e4r jag ser den h\u00e4r bilden:<br \/>\nSid 90;<br \/>\n<img decoding=\"async\" src=\"http:\/\/ngn.nu\/Pict\/2010\/101122-Skannad-Mor-Vivan-m-fl-boken-Soc-dem-i-THN-100-year-sid90-Kompr70-w350.jpg\" style=\"width: 350px; height: 189px\" alt=\"[Bild: Sandra Farhoud, Vivan Nordlund, Jolanta Blomster och Lise-Lott Sj\u00f6holm]\" title=\"Sandra Farhoud, Vivan Nordlund, Jolanta Blomster och Lise-Lott Sj\u00f6holm\" \/><br \/>\nBildtext: <span style=\"font-style: italic\">Sandra Farhoud, Vivan Nordlund, Jolanta Blomster och Lise-Lott Sj\u00f6holm<\/span><\/p>\n<p>Det \u00e4r en bild som \u00e4r i samband med rubriken: &#8221;<span style=\"font-weight: bold; font-style: italic\">Aktiva S-kvinnor p\u00e5 2000-talet<\/span>&#8221; och texten: &#8217;<span style=\"font-style: italic\">&#8230; H\u00e4r i Trollh\u00e4ttan har ocks\u00e5 allt fler invandrarkvinnor engagerat sig i S-kvinnor. Bland dem kan n\u00e4mnas Sandra Farhoud och Jolanta Blomster vilka ocks\u00e5 valts till kommunfullm\u00e4ktige. &#8230;<\/span>&#8217;<\/p>\n<p>Men morVivan omn\u00e4mns i boken n\u00e5gra sidor innan:<br \/>\nSid 86:<br \/>\nRubrik: &#8217;<span style=\"font-weight: bold; font-style: italic\">Kvinnoklubbar i 11 kommundelar<\/span>&#8217;<br \/>\n&#8217;<span style=\"font-style: italic\">&#8230; \u00c5ren 1983 och 84 fanns \u00e4ven en kvinnoklubb p\u00e5 Lextorp med bland andra Vivan Nordlund som ordf\u00f6rande.<\/span><br style=\"font-style: italic\" \/>  <span style=\"font-style: italic\">&#8230;<\/span>&#8217;<\/p>\n<p>Jag bl\u00e4ddrar vidare. D\u00e5 dyker pappa Nils upp &#8217;farsan&#8217;:<br \/>\nSid 109:<br \/>\nRubriken: &#8217;<span style=\"font-weight: bold; font-style: italic\">Stark bostadskooperation<\/span>&#8217;<br \/>\n&#8217;&#8230;<br \/>\n<span style=\"font-style: italic\">\u00c5r 1923 bildades Trollh\u00e4ttans hyresg\u00e4stf\u00f6reing med Gustav Lund\u00e9n som ordf\u00f6rande. Bland dem som gjort stora insatser i hyresg\u00e4stf\u00f6reningen b\u00f6r s\u00e4rskilt n\u00e4mnas Alfred Hellstr\u00f6m, som var f\u00f6reningens ordf\u00f6rande i hela 33 \u00e5r. Lite senare har Nils Nordlund, Dorsi \u00c5kerlund, Karl Erik Hellfors. Sten\u00e5ke Kjell och H\u00e5kan Fridolfsson varit aktiva som f\u00f6rtroendevalda eller anst\u00e4llda funktion\u00e4rer.<\/span>&#8217;<\/p>\n<p>N\u00e5gra sidor ytterligare fram\u00e5t st\u00e5r det om farfar Gunnar Nordlundh:<br \/>\nSid 116:<br \/>\nRubriken: &#8217;<span style=\"font-weight: bold; font-style: italic\">I utlandet skolad kommunist<\/span>&#8217;<br \/>\n&#8217;<span style=\"font-style: italic\">&#8230;<\/span><br style=\"font-style: italic\" \/>  <span style=\"font-style: italic\">Vid mitten av 1930-talet blev det kritik mot krisuppg\u00f6relsen med bondef\u00f6rbundet. I Trollh\u00e4ttan f\u00f6ljde d\u00e5 Gunnar Nordlund, Edvin Eriksson och Evert Karlsson g\u00f6teborgaren Albin Str\u00f6m n\u00e4r han l\u00e4mnade socialdemokratin. Gunnar Nordlund invaldes 1934 i stadsfullm\u00e4ktige f\u00f6r socialistiska partiet. Vid valet 1938 invaldes han p\u00e5 kommunisternas lista samtidigt som Gustav Lund\u00e9n kom in f\u00f6r socialistiska partiet. Det handlade f\u00f6r Nordlund \u00e4ven om kritik fr\u00e5n Skoftebyn och f\u00f6r Lund\u00e9n om ov\u00e4nskap.<\/span><br style=\"font-style: italic\" \/>  <span style=\"font-style: italic\">&#8230;<\/span>&#8217;<\/p>\n<p>Not: H\u00e4r vet jag inte riktigt vad f\u00f6rfattaren Ingvar Johansson menar, i tv\u00e5 avseenden;<br \/>\n1. Av vilken anledning v\u00e4ljer man rubriken: &#8217;<span style=\"font-style: italic\">I utlandet skolad kommunist<\/span>&#8217;, n\u00e4r det inte finns bel\u00e4gg f\u00f6r det? Mer \u00e4n att en f\u00f6rfattare, Tore Forsberg, i en bok fr\u00e5n 1960-talet skrivit: &#8221;<span style=\"font-style: italic\">h\u00e4r fanns en &#8217;i utlandet skolad kommunist<\/span>&#8217;?<br \/>\n2. &#8221;<span style=\"font-style: italic\">Det handlade f\u00f6r Nordlund \u00e4ven om kritik fr\u00e5n Skoftebyn<\/span>&#8221;. F\u00f6rsta g\u00e5nger jag st\u00f6ter p\u00e5 det h\u00e4r och vad \u00e4r det som menas? Fick Gunnar kritik av socialdemokratiska Skoftebybor f\u00f6r att han inte f\u00f6ljde en socialdemokratisk ideologi? Eller fick han kritik, av kommunistiska Skoftebybor, f\u00f6r att han var ledamot f\u00f6r socialdemokraterna? Synd att det inte f\u00f6rklaras av f\u00f6rfattaren.<br \/>\nHilding Johansson skriver i boken &#8217;<span style=\"font-weight: bold; font-style: italic\">Trollh\u00e4ttan samh\u00e4lle i expansion<\/span>&#8217;, om just dessa val 1934 och 1938, sid: 99: &#8221;&#8230; <span style=\"font-style: italic\">Det socialistiska partiet fick en representant i fullm\u00e4ktige, Gunnar Nordlund, ocks\u00e5 han anst\u00e4lld i Vattenfall. Allm\u00e4nt betraktades detta val bero p\u00e5 de sympatier han \u00e5tnj\u00f6t i den stadsdel d\u00e4r han bodde, Skoftebyn, vars intresse han ivrigt k\u00e4mpat f\u00f6r under sin tid som socialdemokrat i fullm\u00e4ktige. I 1938 \u00e5rs val upptr\u00e4dde han som kommunist. &#8230;<\/span>&#8221;<br \/>\nHilding Johanssons ord uppfattar jag inte som &#8217;<span style=\"font-style: italic\">kritik<\/span>&#8217; fr\u00e5n Skoftebyborna.<\/p>\n<p><span style=\"font-weight: bold\">Skalbaggen<\/span><br \/>\nfr\u00e5n Maspalomas, Gran Canaria (Spanien, Kanarie\u00f6arna).<br \/>\nJag skickade ju en fr\u00e5ga till jourhavade biolog p\u00e5 Naturhistoriska. Idag kom ett svar:<br \/>\n&#8221;<span style=\"font-style: italic\">Hej!<\/span><br style=\"font-style: italic\" \/>  <span style=\"font-style: italic\">Visst \u00e4r det en skalbagge, och den tillh\u00f6r familjen Tenebrionidae (svartbaggar). Vilken art eller sl\u00e4kte kan jag inte se.<\/span><br style=\"font-style: italic\" \/>  <br style=\"font-style: italic\" \/>  <span style=\"font-style: italic\">V\u00e4nligen<\/span><br style=\"font-style: italic\" \/>  <br style=\"font-style: italic\" \/>  <span style=\"font-style: italic\">Lars-\u00c5ke Janzon<\/span><br style=\"font-style: italic\" \/>  <span style=\"font-style: italic\">Fil dr, 1:e intendent<\/span><br style=\"font-style: italic\" \/>  <span style=\"font-style: italic\">Jourhavande biolog<\/span><br style=\"font-style: italic\" \/>  <br style=\"font-style: italic\" \/>  <span style=\"font-style: italic\">Naturhistoriska riksmuseet<\/span>&#8221;<\/p>\n<p>Och jag har s\u00f6kt bland svartbaggarna (<span style=\"font-style: italic\">Tenebrionidae<\/span>). Jag hittar ingen som ser ut som &#8217;min&#8217; men jag hittar s\u00e5dan med samma form, t.ex. <span style=\"font-style: italic\">Coelus cilliatus<\/span> och <span style=\"font-style: italic\">Platydema americana<\/span>. Men f\u00e4rgerna st\u00e4mmer inte.<\/p>\n<p>S\u00e5 jag f\u00e5r n\u00f6ja mig med:<br \/>\n<span style=\"font-weight: bold\">Svartbagge<\/span> (<span style=\"font-style: italic\">Tenebrionidae<\/span>), fr\u00e5n Maspalomas, Gran canaria:<br \/>\n<a href=\"http:\/\/galleri.ngn.nu\/v\/gBilder\/Djur-animalia\/Insekter\/Coleoptera\/101023-DSC02162-Skalbagge-Maspalomas-Gran-Canaria-Kompr80-w1000.jpg.html\" target=\"_blank\"><img decoding=\"async\" src=\"http:\/\/galleri.ngn.nu\/d\/7240-2\/101023-DSC02162-Skalbagge-Maspalomas-Gran-Canaria-Kompr80-w1000.jpg\" style=\"border: 0px solid; width: 150px; height: 111px\" alt=\"[Bild: SvartBagge (Tenebrionidae)]\" title=\"SvartBagge (Tenebrionidae)\" \/><\/a><\/p>\n<p>Fick ju bild p\u00e5 en skalbagge till och \u00e4ven om den \u00e4r helt olik den h\u00e4r ovan s\u00e5 lutar det \u00e5t att det ocks\u00e5 \u00e4r en <span style=\"font-weight: bold\">Svartbagge<\/span> (<span style=\"font-style: italic\">Tenebrionidae<\/span>), fr\u00e5n Maspalomas, Gran canaria och den kan vara av arten (<span style=\"font-style: italic\">holom\u00e9lanisante<\/span>):<br \/>\n<a href=\"http:\/\/galleri.ngn.nu\/v\/gBilder\/Djur-animalia\/Insekter\/Coleoptera\/101023-DSC02172-Skalbagge-Maspalomas-Gran-Canaria-Kompr80-w1000.jpg.html\" target=\"_blank\"><img decoding=\"async\" src=\"http:\/\/galleri.ngn.nu\/d\/7244-2\/101023-DSC02172-Skalbagge-Maspalomas-Gran-Canaria-Kompr80-w1000.jpg\" style=\"border: 0px solid; width: 150px; height: 119px\" alt=\"[Bild: SvartBagge (Tenebrionidae), kanske (holom\u00e9lanisante)]\" title=\"SvartBagge (Tenebrionidae), kanske (holom\u00e9lanisante)\" \/><\/a><\/p>\n<p><span style=\"font-weight: bold\">H\u00e4lsol\u00e4get<\/span>:<br \/>\nIdag \u00e4r jag stel och m\u00f6r samt har v\u00e4rk i precis hela kroppen och dessutom b\u00f6rjar mina exem blomma upp, kliar som attan. Fast det \u00e4r v\u00e4l inte rikt r\u00e4tt uttryck &#8217;blomma&#8217;. Det ska v\u00e4l snarare vara &#8217;blemma&#8217; och &#8217;skorva&#8217;. Jag sm\u00f6rjar p\u00e5 jag. F.n. med olivolja. Och min tinnitus f\u00f6r ett himla v\u00e4sen&#8230;<br \/>\n<font size=\"1\">[04-03-050-005]<\/font><\/p>\n","protected":false},"excerpt":{"rendered":"<p>s\u00f6mn; godk\u00e4nd. Lade mig i vettig tid och vaknade relativt tidigt. Precis s\u00e5 som jag vill ha det. Folkbokf\u00f6ringen Beskedet blev som jag misst\u00e4nkte. Handl\u00e4ggaren avsl\u00e5r min ans\u00f6kan om namn\u00e4ndring, fr\u00e5n &#8217;Nordlund&#8217; till &#8217;Nordlundh&#8217; med motivering att den &#8217;f\u00f6rste&#8217; (pappa) &hellip; <a href=\"https:\/\/blogg.ngn.nu\/index.php\/2010\/11\/22\/trog-start-pa-dagen-lattade-val-lite-mot-kvallen\/\">Forts\u00e4tt l\u00e4sa <span class=\"meta-nav\">&rarr;<\/span><\/a><\/p>\n","protected":false},"author":1,"featured_media":0,"comment_status":"open","ping_status":"closed","sticky":false,"template":"","format":"standard","meta":{"footnotes":""},"categories":[444,338,90,799,798,792,672,343,604,222],"tags":[635,339,420,212],"class_list":["post-1211","post","type-post","status-publish","format-standard","hentry","category-bilder","category-djur","category-eksem","category-folkbokforingen","category-lederna","category-musklerna","category-nostalgi","category-ryggen","category-slaktforskning","category-tinnitus","tag-farsan","tag-insekter","tag-skalbagge","tag-vark"],"_links":{"self":[{"href":"https:\/\/blogg.ngn.nu\/index.php\/wp-json\/wp\/v2\/posts\/1211","targetHints":{"allow":["GET"]}}],"collection":[{"href":"https:\/\/blogg.ngn.nu\/index.php\/wp-json\/wp\/v2\/posts"}],"about":[{"href":"https:\/\/blogg.ngn.nu\/index.php\/wp-json\/wp\/v2\/types\/post"}],"author":[{"embeddable":true,"href":"https:\/\/blogg.ngn.nu\/index.php\/wp-json\/wp\/v2\/users\/1"}],"replies":[{"embeddable":true,"href":"https:\/\/blogg.ngn.nu\/index.php\/wp-json\/wp\/v2\/comments?post=1211"}],"version-history":[{"count":0,"href":"https:\/\/blogg.ngn.nu\/index.php\/wp-json\/wp\/v2\/posts\/1211\/revisions"}],"wp:attachment":[{"href":"https:\/\/blogg.ngn.nu\/index.php\/wp-json\/wp\/v2\/media?parent=1211"}],"wp:term":[{"taxonomy":"category","embeddable":true,"href":"https:\/\/blogg.ngn.nu\/index.php\/wp-json\/wp\/v2\/categories?post=1211"},{"taxonomy":"post_tag","embeddable":true,"href":"https:\/\/blogg.ngn.nu\/index.php\/wp-json\/wp\/v2\/tags?post=1211"}],"curies":[{"name":"wp","href":"https:\/\/api.w.org\/{rel}","templated":true}]}}