{"id":1210,"date":"2010-11-21T21:04:31","date_gmt":"2010-11-21T19:04:31","guid":{"rendered":"http:\/\/blogg.ngn.nu\/index.php\/2010\/11\/21\/kameraljuddampningen\/"},"modified":"2010-11-21T21:08:33","modified_gmt":"2010-11-21T19:08:33","slug":"kameraljuddampningen","status":"publish","type":"post","link":"https:\/\/blogg.ngn.nu\/index.php\/2010\/11\/21\/kameraljuddampningen\/","title":{"rendered":"Kameraljudd\u00e4mpningen"},"content":{"rendered":"<p>s\u00f6mn; helt ok. Lade mig tidigt (22:00) och vaknade vid ca nio, p\u00e5 morgonen.<\/p>\n<p><span style=\"font-weight: bold\">Projekt ljudd\u00e4mpning av digital SLR-kamera<\/span><br \/>\nHar best\u00e4mt mig f\u00f6r att det \u00e4r b\u00e4st att jag klurar lite p\u00e5 det. Kraften i armar, nacke och rygg r\u00e4cker inte till f\u00f6r att &#8217;greja&#8217;. Jag f\u00e5r f\u00f6rs\u00f6ka klura ut en metod d\u00e4r jag kan g\u00f6ra ljudd\u00e4mpningen i st\u00f6rre och flera enheter i st\u00e4llet f\u00f6r att g\u00f6ra allt p\u00e5 en g\u00e5ng av en massa sm\u00e5bitar.<br \/>\nMinst 6 skikt kr\u00e4vs, har jag kommit underfund med. Ett lager vilket tyg som helst och sedan ljudd\u00e4mpningslager d\u00e4refter ett lager mer ljudstoppande lite tjockare t\u00e4ttv\u00e4vt tyg.<\/p>\n<p>Jag har gjort en skiss som kan anv\u00e4ndas som &#8217;\u00f6verdel&#8217; och &#8217;underdel&#8217;. 4 s\u00f6mmar beh\u00f6ver sys. D\u00e5 har jag en tyggrej som jag kan sticka in armarna fr\u00e5n sidorna och objektivet kan sticka ut &#8217;fram\u00e5t&#8217; och &#8217;bak\u00e5t&#8217; har jag ett h\u00e5l eller en &#8217;glipa&#8217; d\u00e4r jag kan se genom den optiska s\u00f6karen och alla knappar och rattar.<\/p>\n<p>Problemet just nu \u00e4r att jag inte fixar att klippa till tygbitarna och fr\u00e5n avigsidan sy ihop dem, p\u00e5 symaskin. Jag f\u00e5r helt enkelt f\u00f6r ont i armarna. Jag f\u00e5r g\u00f6ra en del d\u00e5 och d\u00e5.<\/p>\n<p>S\u00e5 h\u00e4r \u00e4r det t\u00e4nkt att tygbitarna ska se ut:<br \/>\n<img decoding=\"async\" src=\"http:\/\/ngn.nu\/Pict\/2010\/101121-GIMP-skiss-ljudd%C3%A4mpning.gif\" style=\"width: 350px; height: 201px\" alt=\"[Bild: Skiss till ljudd\u00e4mpning]\" title=\"Skiss till ljudd\u00e4mpning\" \/><br \/>\n(fetare streck markerar var det ska sys.)<br \/>\n&#8217;Glipan&#8217;, &#8217;baktill&#8217; (ned till i bild), b\u00f6r g\u00f6ras tillr\u00e4ckligt stor s\u00e5 man kan f\u00e5 in kameran eller s\u00e5 kan man g\u00f6ra objektiv\u00f6ppningen (upptill i bilden) tillr\u00e4ckligt stor.<br \/>\nTill v\u00e4nster i bilden \u00e4r det t\u00e4nkt att jag ska kunna f\u00f6ra in v\u00e4nsterhanden. Att den \u00f6vre &#8217;linjen&#8217; ser annorlunda ut \u00e4n den h\u00f6gra beror p\u00e5 att jag med v\u00e4nster hand antingen st\u00f6ttar \/ h\u00e5ller kameran eller st\u00e4ller in fokus, manuellt. Br\u00e4nnvidden st\u00e4ller jag ocks\u00e5 in med v\u00e4nster hand.<br \/>\nJag har valt att isolera \u00e4ven den delen av objektivet som ligger n\u00e4rmast kameran. G\u00f6r jag inte det s\u00e5 ger mina objektiv ifr\u00e5n sig en hel del motorljud, vid AF (AutoFokus).<\/p>\n<p>M\u00e5tten anpassas efter kameramodell och objektiv. Jag har t\u00e4nkt att min f\u00e4rdiga ljudd\u00e4mpning ska passa mina SONY-hus a100 &amp; a230 samt med objektiven SIGMA makro 105mm, SIGMA 70-300mm och SIGMA 200-500mm.<\/p>\n<p>I dubbelt tyg med avigsida mot avigsida klipp ut. Ett skikt som \u00e4r sn\u00e4llt mot h\u00e4nder och kamera. Ett skikt som \u00e4r ljudd\u00e4mpande och ett skikt med gr\u00f6vre mer t\u00e4ttv\u00e4vt tyg som \u00e4r mer ljudstoppande.<\/p>\n<p>Fr\u00e5n avigsidan sys s\u00f6mmarna p\u00e5 skissen. Det \u00e4r allts\u00e5 f\u00f6ljande urklippta tygbitar som ska sys ihop, t.ex.:<br \/>\n(avigsida upp)<br \/>\n&#8217;innertyg&#8217;: lakansv\u00e4v<br \/>\n&#8217;ljudd\u00e4mpning&#8217;: lite tjockare bommullsv\u00e4v (T-tr\u00f6ja) (ett eller ev tv\u00e5 lager)<br \/>\n&#8217;ljudstoppande&#8217;: Tjockt t\u00e4ttv\u00e4vt tyg typ canvas eller Core-Tex<br \/>\n&#8212;&#8212;&#8212;&#8212;&#8212;&#8212;&#8212;&#8212;&#8212;&#8212;&#8212;&#8212;&#8212;&#8212;&#8212;&#8212;&#8212;&#8212;&#8212;&#8212;&#8212;&#8212;<br \/>\n&#8217;ljudstoppande&#8217;: Tjockt t\u00e4ttv\u00e4vt tyg typ canvas eller Core-Tex<br \/>\n&#8217;ljudd\u00e4mpning&#8217;: lite tjockare bommullsv\u00e4v (T-tr\u00f6ja) (ett eller ev tv\u00e5 lager)<br \/>\n&#8217;innertyg&#8217;: lakansv\u00e4v<br \/>\n(avigsida ned)<\/p>\n<p>Sedan vr\u00e4nger man p\u00e5 det hela och testar.<\/p>\n<p>Planen \u00e4r allts\u00e5, f\u00f6r n\u00e4rvarande, att ena dagen klippa till tygbitarna. En annan dag sy ihop dem. Testa d\u00e4mpningsf\u00f6rm\u00e5gan p\u00e5 kameran. (vilket antagligen inte kommer att r\u00e4cka).<\/p>\n<p>S\u00e5 jag forts\u00e4tter med en omg\u00e5ng till, en annan dag. Denna g\u00f6rs, givetvis, n\u00e5got lite st\u00f6rre \u00e4n f\u00f6reg\u00e5ende. (Vr\u00e4nger p\u00e5 f\u00f6reg\u00e5ende och klipper bitarna efter den fast lite st\u00f6rre).<br \/>\nN\u00e4r den \u00e4r f\u00e4rdig tr\u00e4r jag den ovanp\u00e5 den andra och testar ljudd\u00e4mpningen igen.<\/p>\n<p>Om mina f\u00f6rs\u00f6k, hitintills, \u00e4r n\u00e5gorlunda riktiga s\u00e5 kan det komma att beh\u00f6vas 6 s\u00e5dana h\u00e4r &#8217;\u00f6verdrag&#8217; f\u00f6r att f\u00e5 en acceptabel ljudd\u00e4mpning (subjektivt v\u00e4rderat). Ett svagt &#8217;glunk&#8217; kommer att h\u00f6ras p\u00e5 ca 5 meters h\u00e5ll. J\u00e4mf\u00f6rt med ett h\u00f6gt metalliskt &#8217;klink&#8217; (utan ljudd\u00e4mpning).<\/p>\n<p>Om jag nu blir f\u00e4rdig s\u00e5 kommer jag att redovisa ljudj\u00e4mf\u00f6relser.<\/p>\n<p><span style=\"font-weight: bold\">Tova<\/span><br \/>\nG\u00e4vle ringde, det var Tova som ville prata med &#8217;moffa&#8217; och &#8217;mommo&#8217;. H\u00f6rde lite ljud och en pratande Tova sedan br\u00f6ts samtalet. De fick ringa upp igen. Jag h\u00f6rde henne s\u00e4ga &#8217;moffa&#8217; och &#8217;mommo&#8217; och enligt dottern s\u00e5 h\u00f6rde Tova mig. Sedan var det tydligen inte n\u00e5got kul l\u00e4ngre. Det l\u00e4t som om Tova ville g\u00f6ra annat. Pratade lite med dottern.<\/p>\n<p><span style=\"font-weight: bold\">H\u00e4lsol\u00e4get<\/span>:<br \/>\nV\u00e4rker i varenda muskel i hela \u00f6verkroppen. Lite problem med balansen. Jag misst\u00e4nker att det \u00e4r \u00f6veranstr\u00e4ngning. Jag har klippt i tyg och tr\u00e5cklat. Helt klart tuffa saker f\u00f6r mina muskler.<br \/>\n<font size=\"1\">[04-03-050-005]<\/font><\/p>\n","protected":false},"excerpt":{"rendered":"<p>s\u00f6mn; helt ok. Lade mig tidigt (22:00) och vaknade vid ca nio, p\u00e5 morgonen. Projekt ljudd\u00e4mpning av digital SLR-kamera Har best\u00e4mt mig f\u00f6r att det \u00e4r b\u00e4st att jag klurar lite p\u00e5 det. Kraften i armar, nacke och rygg r\u00e4cker &hellip; <a href=\"https:\/\/blogg.ngn.nu\/index.php\/2010\/11\/21\/kameraljuddampningen\/\">Forts\u00e4tt l\u00e4sa <span class=\"meta-nav\">&rarr;<\/span><\/a><\/p>\n","protected":false},"author":1,"featured_media":0,"comment_status":"open","ping_status":"closed","sticky":false,"template":"","format":"standard","meta":{"footnotes":""},"categories":[131,798,792,343],"tags":[612,212],"class_list":["post-1210","post","type-post","status-publish","format-standard","hentry","category-foto","category-lederna","category-musklerna","category-ryggen","tag-tova","tag-vark"],"_links":{"self":[{"href":"https:\/\/blogg.ngn.nu\/index.php\/wp-json\/wp\/v2\/posts\/1210","targetHints":{"allow":["GET"]}}],"collection":[{"href":"https:\/\/blogg.ngn.nu\/index.php\/wp-json\/wp\/v2\/posts"}],"about":[{"href":"https:\/\/blogg.ngn.nu\/index.php\/wp-json\/wp\/v2\/types\/post"}],"author":[{"embeddable":true,"href":"https:\/\/blogg.ngn.nu\/index.php\/wp-json\/wp\/v2\/users\/1"}],"replies":[{"embeddable":true,"href":"https:\/\/blogg.ngn.nu\/index.php\/wp-json\/wp\/v2\/comments?post=1210"}],"version-history":[{"count":0,"href":"https:\/\/blogg.ngn.nu\/index.php\/wp-json\/wp\/v2\/posts\/1210\/revisions"}],"wp:attachment":[{"href":"https:\/\/blogg.ngn.nu\/index.php\/wp-json\/wp\/v2\/media?parent=1210"}],"wp:term":[{"taxonomy":"category","embeddable":true,"href":"https:\/\/blogg.ngn.nu\/index.php\/wp-json\/wp\/v2\/categories?post=1210"},{"taxonomy":"post_tag","embeddable":true,"href":"https:\/\/blogg.ngn.nu\/index.php\/wp-json\/wp\/v2\/tags?post=1210"}],"curies":[{"name":"wp","href":"https:\/\/api.w.org\/{rel}","templated":true}]}}