{"id":1206,"date":"2010-11-17T21:28:35","date_gmt":"2010-11-17T19:28:35","guid":{"rendered":"http:\/\/blogg.ngn.nu\/index.php\/2010\/11\/17\/battre-men-sloare-trogare-segare\/"},"modified":"2010-11-17T21:28:35","modified_gmt":"2010-11-17T19:28:35","slug":"battre-men-sloare-trogare-segare","status":"publish","type":"post","link":"https:\/\/blogg.ngn.nu\/index.php\/2010\/11\/17\/battre-men-sloare-trogare-segare\/","title":{"rendered":"B\u00e4ttre men sl\u00f6are \/ tr\u00f6gare \/ segare"},"content":{"rendered":"<p>s\u00f6mn; Ja jag tyckte att jag fick bra s\u00f6mn. Lade mig visserligen sent men hustrun h\u00e4vdar att jag hostade i flera timmar&#8230;<\/p>\n<p><span style=\"font-weight: bold\">Id\u00e9<\/span><br \/>\nIg\u00e5r kv\u00e4ll kom jag p\u00e5 hur jag ska ljudd\u00e4mpa min kamera. Jag avsl\u00f6jar inget nu. Jag redovisar det hela n\u00e4r jag gjort det f\u00e4rdigt. Det kommer att presenteras med en ljudfil; kamera utan d\u00e4mpning, avst\u00e5nd 5m och en ljudfil; kamera med d\u00e4mpning, samma avst\u00e5nd och s\u00e5 blir det bild p\u00e5 skapelsen.<\/p>\n<p><span style=\"font-weight: bold\">Promenad<\/span><br \/>\nEfter en del dividerande kom vi till slut ut p\u00e5 en promenad n\u00e4r solen v\u00e4l g\u00e5tt i moln&#8230;<br \/>\nGott var det &#8211; att komma ut men jag fick g\u00e5 och l\u00e4gga mig direkt. Blev attans tr\u00f6tt.<\/p>\n<p><span style=\"font-weight: bold\"> Sl\u00e4ktforskning<\/span><br \/>\nHar tittat lite p\u00e5 en del.<br \/>\nJust nu h\u00e5ller jag p\u00e5 \u00e5 f\u00f6rs\u00f6ka ta reda p\u00e5 i vilken f\u00f6rsamling Karl Seferinus K\u00e4llstr\u00f6m (1892-1954) &amp; Anna Viktoria K\u00e4llstr\u00f6m f:Karlsson (1910-1989) vigdes. Datumet var 18 juni 1932. Och jag h\u00e5ller p\u00e5 att g\u00e5 igenom; Skaraborgs l\u00e4n, V\u00e4sterg\u00f6tland.<\/p>\n<p>Anna Viktoria Karlsson var syster till min mormor Valborg. Anna Viktoria f\u00f6ddes den 12\/8 1910 i Naverstad (G\u00f6teborgs och Bohus l\u00e4n, Bohusl\u00e4n)<br \/>\n1932 18\/6 gifter hon sig med <span style=\"text-decoration: underline\">Karl<\/span> Seferinus K\u00e4llstr\u00f6m, f\u00f6dd 5\/6 1892 i Vilske-Kleva (Skaraborgs l\u00e4n, V\u00e4sterg\u00f6tland)<br \/>\n1954 24\/8 avlider <span style=\"text-decoration: underline\">Karl<\/span> Seferinus K\u00e4llstr\u00f6m, i Dr\u00e5gen, Holmestad, G\u00f6tene  (Skaraborgs l\u00e4n, V\u00e4sterg\u00f6tland)<br \/>\n1954 4\/9 begravs han \u00e5 Holmestads kyrkog\u00e5rd (avd. Gamla, kv. C, nr. 129-130 (nr 1 i graven))<br \/>\n1989 27\/5 avlider Anna Viktoria K\u00e4llstr\u00f6m, i Esstorp, 53200 Skara (Skaraborgs l\u00e4n, V\u00e4sterg\u00f6tland)<br \/>\n1989 22\/6 begravs hon \u00e5 G\u00f6tene kyrkog\u00e5rd (kv. BD, nr. 11 (urna, nr 1 i graven))<\/p>\n<p>Enligt Svensk Folkbokf\u00f6ring 1970 &amp; 1980 bor Anna Viktoria K\u00e4llstr\u00f6m tillsammans med Sven Gunnar Johansson f. 27\/2 1909 i H\u00e4rjevad (Skaraborgs l\u00e4n, V\u00e4sterg\u00f6tland). Han avlider 24\/10 1988 i Skara domkyrkof\u00f6rs. (Skaraborgs l\u00e4n, V\u00e4sterg\u00f6tland)<\/p>\n<p>N\u00e5gon som k\u00e4nner till om Anna Viktoria fick n\u00e5gra barn?<\/p>\n<p><span style=\"font-weight: bold\">H\u00e4lsol\u00e4get<\/span>:<br \/>\nTr\u00f6tt \u00e5 sl\u00f6 dag. F\u00f6rkylningen betydligt b\u00e4ttre \u00e4ven om hustrun h\u00e4vdar att hon inte kunde sova under minst 2 timmar&#8230; d\u00e5 jag hostade. I takt med att f\u00f6rkylningen blir b\u00e4ttre s\u00e5 kommer de &#8217;vanliga&#8217; besv\u00e4ren dundrande. Tror dock att vinterns ant\u00e5gande har betydelse ocks\u00e5.<br \/>\n<font size=\"1\">[02-05-050-050]<\/font><\/p>\n","protected":false},"excerpt":{"rendered":"<p>s\u00f6mn; Ja jag tyckte att jag fick bra s\u00f6mn. Lade mig visserligen sent men hustrun h\u00e4vdar att jag hostade i flera timmar&#8230; Id\u00e9 Ig\u00e5r kv\u00e4ll kom jag p\u00e5 hur jag ska ljudd\u00e4mpa min kamera. Jag avsl\u00f6jar inget nu. Jag redovisar &hellip; <a href=\"https:\/\/blogg.ngn.nu\/index.php\/2010\/11\/17\/battre-men-sloare-trogare-segare\/\">Forts\u00e4tt l\u00e4sa <span class=\"meta-nav\">&rarr;<\/span><\/a><\/p>\n","protected":false},"author":1,"featured_media":0,"comment_status":"open","ping_status":"closed","sticky":false,"template":"","format":"standard","meta":{"footnotes":""},"categories":[133,792,343,604,219],"tags":[243],"class_list":["post-1206","post","type-post","status-publish","format-standard","hentry","category-forkylning-sjukdom","category-musklerna","category-ryggen","category-slaktforskning","category-trott","tag-promenad"],"_links":{"self":[{"href":"https:\/\/blogg.ngn.nu\/index.php\/wp-json\/wp\/v2\/posts\/1206","targetHints":{"allow":["GET"]}}],"collection":[{"href":"https:\/\/blogg.ngn.nu\/index.php\/wp-json\/wp\/v2\/posts"}],"about":[{"href":"https:\/\/blogg.ngn.nu\/index.php\/wp-json\/wp\/v2\/types\/post"}],"author":[{"embeddable":true,"href":"https:\/\/blogg.ngn.nu\/index.php\/wp-json\/wp\/v2\/users\/1"}],"replies":[{"embeddable":true,"href":"https:\/\/blogg.ngn.nu\/index.php\/wp-json\/wp\/v2\/comments?post=1206"}],"version-history":[{"count":0,"href":"https:\/\/blogg.ngn.nu\/index.php\/wp-json\/wp\/v2\/posts\/1206\/revisions"}],"wp:attachment":[{"href":"https:\/\/blogg.ngn.nu\/index.php\/wp-json\/wp\/v2\/media?parent=1206"}],"wp:term":[{"taxonomy":"category","embeddable":true,"href":"https:\/\/blogg.ngn.nu\/index.php\/wp-json\/wp\/v2\/categories?post=1206"},{"taxonomy":"post_tag","embeddable":true,"href":"https:\/\/blogg.ngn.nu\/index.php\/wp-json\/wp\/v2\/tags?post=1206"}],"curies":[{"name":"wp","href":"https:\/\/api.w.org\/{rel}","templated":true}]}}