{"id":11984,"date":"2019-10-18T19:57:33","date_gmt":"2019-10-18T18:57:33","guid":{"rendered":"http:\/\/blogg.ngn.nu\/?p=11984"},"modified":"2019-10-18T19:57:33","modified_gmt":"2019-10-18T18:57:33","slug":"fredag-2dgr-efter-nackoperationen-c6-c7","status":"publish","type":"post","link":"https:\/\/blogg.ngn.nu\/index.php\/2019\/10\/18\/fredag-2dgr-efter-nackoperationen-c6-c7\/","title":{"rendered":"Fredag 2dgr efter nackoperationen (C6-C7)"},"content":{"rendered":"<p>H\u00e4lsa (mycket s\u00e5dant blir det nu)<\/p>\n<p>Hustrun klippte h\u00e5ret p\u00e5 mig. F\u00e5r ju inte duscha kroppen ovanf\u00f6r operationss\u00e5ret.<\/p>\n<p>Remitteringssekretariatet<br \/>\nDe ringde och meddelade att de f\u00e5tt min ans\u00f6kan och nu ville de ocks\u00e5 ha en l\u00e4karremiss &#8211; j\u00f6sses&#8230;?<\/p>\n<p>Det finns administration inom v\u00e5r VGregion som helt enkelt \u00e4r uppbyggd s\u00e5 att det inte kan kommuniceras.<\/p>\n<p>Min reumatolog har skickat en remiss. Ber\u00e4ttade om det och att jag sj\u00e4lv sett det via 1177.se och min journal. (det var d\u00e4rf\u00f6r jag fick ans\u00f6kningsblanketter).<\/p>\n<p>Nu hittade hen detta till slut men eftersom den l\u00e5g p\u00e5 &#8217;portalen&#8217; s\u00e5 kunde hen inte se vad det stod i den.<br \/>\nS\u00e5 om jag kunde vara s\u00e5 sn\u00e4ll att kontakta reumatologmottagningen (Sahlgrenska) och se till att den skickades r\u00e4tt.<\/p>\n<p>Av tidigare erfarenhet av denna m\u00e4nniska s\u00e5 visste jag att det var ingen id\u00e9 att be hen kontakta sin kollega och be denne skicka min remiss.<\/p>\n<p>Jag l\u00e4mnade \u00f6ver telefonen till frugan innan jag sa n\u00e5got ol\u00e4mpligt.<br \/>\nMen, jag tror jag hann \u00e5 g\u00f6ra bort mig, likv\u00e4l(?). N\u00e4mnde att jag var nyopererad i nacken. H\u00f6rde hur hen mumlade och skrev om att det blir l\u00e5ng rehabilitering p\u00e5 det. Jag sa d\u00e5 att det blir det inte alls eftersom det \u00e4r ett mindre ingrepp.<br \/>\nFr.o.m. december b\u00f6r jag ha full r\u00f6rlighet och ha styrka igen och d\u00e5 f\u00f6rhoppningsvis b\u00e4ttre \u00e4n innan op.<br \/>\nSkulle inte f\u00f6rv\u00e5na mig ett skit om nu detta kommer att orsaka att jag inte kommer med ens till uttagningsdiskussionen inf\u00f6r klimatrehabilitering v\u00e5ren 2020.<\/p>\n<p>Vila<br \/>\nHar varit sv\u00e5rt att vila idag. Blir kissn\u00f6dig ungef\u00e4r var 15:e minut&#8230;<\/p>\n<p>Vad l\u00e5ngt det \u00e4r mellan 12:00 och 18:00 n\u00e4r man har (ont) &gt; sv\u00e5r sm\u00e4rta.<\/p>\n<p>Vila &#8211; igen.<\/p>\n<p>Operationsber\u00e4ttelsen<br \/>\nHar nu studerat den lite.<br \/>\nDet \u00e4r niv\u00e5n C6-C7 och kota C6 som \u00e4r och var huvudm\u00e5let.<br \/>\nP\u00e5 kota C6 \u00e4r nu det bakre taggutskottet borta (laminektomi) &#8211; detta \u00f6ppnar upp f\u00f6r ryggm\u00e4rgen. och det \u00e4r rensat mot sidorna (bilateralt) &#8211; det \u00f6ppnar upp f\u00f6r de sk ryggm\u00e4rgsnerverna.<br \/>\n\u00c4ven kota C7 fick sig en &#8217;skrapning&#8217;. \u00c5 &#8217;toppen&#8217; C7 utf\u00f6rdes en laminektomi (\u00f6vre delen av den sk kotb\u00e5gen).<\/p>\n<p>Det \u00f6ppnade upp ordentligt f\u00f6r ryggm\u00e4rgen som p\u00e5 den h\u00e4r niv\u00e5n var kl\u00e4md fr\u00e4mst b\u00e5de bakifr\u00e5n och framifr\u00e5n.<\/p>\n<p>Promenader<br \/>\nEn kortare i s\u00e4llskap med hustrun och nu p\u00e5 kv\u00e4llen en lite l\u00e4ngre inom bostadskvarteret.<br \/>\nM\u00e4rker att det k\u00e4nns mycket l\u00e4ttare att g\u00e5.<br \/>\nDetta kan \u00e4ndras. Efter en operation kan de ske en v\u00e4vnadssvullnad som kan ge liknande de besv\u00e4r man hade innan.<br \/>\nR\u00f6rlighetstr\u00e4ning motverkar detta &#8211; delvis.<\/p>\n<p>Sm\u00e4rta<br \/>\nSm\u00e4rtan \u00f6kar mitt p\u00e5 dagen. Beh\u00f6ver n\u00e5got mer&#8230;?<\/p>\n<p>L\u00e4kemedelsintervaller<br \/>\nStr\u00e4va efter att h\u00e5lla:<br \/>\n5ggr\/d, v4t; 6, 10, 14, 18 &amp; 22 (detta intervall blir sv\u00e5rt d\u00e5 jag tar maxdos av flera preparat) eller;<br \/>\n4ggr\/d, v6t; 6, 12, 18 &amp; 22 d\u00e5 med n\u00e5gon form av &#8217;f\u00f6rst\u00e4rkning&#8217; 12-18 (vid ca 15:00).<br \/>\nP\u00e5 natten ta Stesolid, nu de kommande, v\u00e4rsta, dagarna.<br \/>\nKroppen beh\u00f6ver slappna av.<br \/>\nEv f\u00f6rst testa komplettering med paraflex.<\/p>\n<p>Peristaltiken<br \/>\nSl\u00e5s ju ut helt vid en operation d\u00e4r man s\u00f6vs helt.<br \/>\nDet \u00e4r ju bra att det d\u00e4r kommer ig\u00e5ng. Risken f\u00f6r f\u00f6rstoppning finns ju d\u00e4r annars.<br \/>\nD\u00e4rf\u00f6r f\u00e5r man t.ex. Laxoberal p\u00e5 kv\u00e4llen.<br \/>\nVis av erfarenhet s\u00e5 t\u00e4nkte jag att det \u00e4r b\u00e4st att komplettera med Lunelax om morgonen.<br \/>\nHelt klar beh\u00f6ver jag dra ned p\u00e5 Laxoberalen, fr\u00e4mst.<br \/>\nAntibiotikan Heracillin ger oftast l\u00f6s avf\u00f6ring. Och s\u00e5 verkar det vara i mitt fall&#8230;<\/p>\n<p>I samband med detta ska man ju ocks\u00e5 vara medveten om att de massiva doser med antibiotika jag nu f\u00e5r kommer att p\u00e5verka bakterierna i tarmfloran, generellt, s\u00e5 hustrun har inhandlat proviva (inneh\u00e5ller bl.a. lactobaciller).<br \/>\nEv kanske jag senare beh\u00f6ver komplettera med sk probiotika (mj\u00f6lksyrebakterier).<\/p>\n<p>Infektion<br \/>\nJag \u00e4r en typisk infektionsperson. Jag har sk ryggacne av en staffylokocktyp som kallas MRSA (MeticillinResistenta Staphylococcus Aureus).<br \/>\nDet \u00e4r d\u00e4rf\u00f6r jag f\u00e5r h\u00f6ga och l\u00e5ngvarig dosering av sk bredspektrumantibiotikum.<br \/>\nAntibiotikan ska jag ta fram till att s\u00e5ret \u00e4r HELT l\u00e4kt.<\/p>\n<p>Data<br \/>\nHade ju med mig nya plattan till Spine Center GBG och hade best\u00e4mt mig f\u00f6r att dokumentera till denna blogg via den.<br \/>\nNu \u00e4r ju min l\u00f6sning med; webbhotell, egen dom\u00e4n och egensnickrad blogg &#8211; speciell.<br \/>\nDet kr\u00e4ver en del speciella sk appar.<br \/>\nJag gjorde nu i vart fall ett f\u00f6rs\u00f6k i skarpt l\u00e4ge och det t\u00e4nker jag inte forts\u00e4tta med.<br \/>\nDet sket sig fr\u00e4mst med bildhanteringen.<\/p>\n<p>Jag kan forts\u00e4tta med att skriva inl\u00e4gg och publicera &#8211; inga problem.<br \/>\nBilder f\u00e5r jag fixa n\u00e4r jag f\u00e5r tillg\u00e5ng till dator &#8211; med &#8217;r\u00e4tt&#8217; programvara.<\/p>\n","protected":false},"excerpt":{"rendered":"<p>H\u00e4lsa (mycket s\u00e5dant blir det nu) Hustrun klippte h\u00e5ret p\u00e5 mig. F\u00e5r ju inte duscha kroppen ovanf\u00f6r operationss\u00e5ret. Remitteringssekretariatet De ringde och meddelade att de f\u00e5tt min ans\u00f6kan och nu ville de ocks\u00e5 ha en l\u00e4karremiss &#8211; j\u00f6sses&#8230;? Det finns &hellip; <a href=\"https:\/\/blogg.ngn.nu\/index.php\/2019\/10\/18\/fredag-2dgr-efter-nackoperationen-c6-c7\/\">Forts\u00e4tt l\u00e4sa <span class=\"meta-nav\">&rarr;<\/span><\/a><\/p>\n","protected":false},"author":1,"featured_media":0,"comment_status":"open","ping_status":"closed","sticky":false,"template":"","format":"standard","meta":{"footnotes":""},"categories":[371,448,807,343],"tags":[246,1047],"class_list":["post-11984","post","type-post","status-publish","format-standard","hentry","category-data","category-halsa","category-nackrygg","category-ryggen","tag-operation","tag-surfplatta"],"_links":{"self":[{"href":"https:\/\/blogg.ngn.nu\/index.php\/wp-json\/wp\/v2\/posts\/11984","targetHints":{"allow":["GET"]}}],"collection":[{"href":"https:\/\/blogg.ngn.nu\/index.php\/wp-json\/wp\/v2\/posts"}],"about":[{"href":"https:\/\/blogg.ngn.nu\/index.php\/wp-json\/wp\/v2\/types\/post"}],"author":[{"embeddable":true,"href":"https:\/\/blogg.ngn.nu\/index.php\/wp-json\/wp\/v2\/users\/1"}],"replies":[{"embeddable":true,"href":"https:\/\/blogg.ngn.nu\/index.php\/wp-json\/wp\/v2\/comments?post=11984"}],"version-history":[{"count":1,"href":"https:\/\/blogg.ngn.nu\/index.php\/wp-json\/wp\/v2\/posts\/11984\/revisions"}],"predecessor-version":[{"id":11985,"href":"https:\/\/blogg.ngn.nu\/index.php\/wp-json\/wp\/v2\/posts\/11984\/revisions\/11985"}],"wp:attachment":[{"href":"https:\/\/blogg.ngn.nu\/index.php\/wp-json\/wp\/v2\/media?parent=11984"}],"wp:term":[{"taxonomy":"category","embeddable":true,"href":"https:\/\/blogg.ngn.nu\/index.php\/wp-json\/wp\/v2\/categories?post=11984"},{"taxonomy":"post_tag","embeddable":true,"href":"https:\/\/blogg.ngn.nu\/index.php\/wp-json\/wp\/v2\/tags?post=11984"}],"curies":[{"name":"wp","href":"https:\/\/api.w.org\/{rel}","templated":true}]}}