{"id":1156,"date":"2010-09-28T23:42:46","date_gmt":"2010-09-28T21:42:46","guid":{"rendered":"http:\/\/blogg.ngn.nu\/index.php\/2010\/09\/28\/riktigt-bra-dag\/"},"modified":"2010-09-28T23:42:46","modified_gmt":"2010-09-28T21:42:46","slug":"riktigt-bra-dag","status":"publish","type":"post","link":"https:\/\/blogg.ngn.nu\/index.php\/2010\/09\/28\/riktigt-bra-dag\/","title":{"rendered":"Riktigt bra dag"},"content":{"rendered":"<p>s\u00f6mn; helt ok.<\/p>\n<p><span style=\"font-weight: bold\">Prostata<\/span><br \/>\nFick brev fr\u00e5n V\u00e4stra G\u00f6talandsregionen NU-sjukv\u00e5rden<\/p>\n<p>D\u00e4r st\u00e5r:<br \/>\n&#8221;B\u00e4ste Nils-Gunnar<br \/>\nDen mikroskopiska unders\u00f6kningen av v\u00e4vnadsproverna fr\u00e5n din prostata visar helt normal prostatav\u00e4vnad. S\u00e5ledes inga tecken p\u00e5 cancer.<br \/>\nJag f\u00f6resl\u00e5r fortsatta PSA-kontroller var sj\u00e4tte m\u00e5nad via din v\u00e5rdcentral.<br \/>\nMed v\u00e4nlig h\u00e4lsning<br \/>\nUddevalla sjukhus<br \/>\nUrologmottagningen<br \/>\n<span style=\"font-style: italic\">NN<\/span><br \/>\nL\u00e4kare&#8221;<\/p>\n<p>D\u00e4r f\u00f6ll en tung sten. Det inneb\u00e4r, bl.a., att jag nu kan b\u00f6rja planera f\u00f6r att hitta en plats d\u00e4r jag kan vistas och som \u00e4r optimal f\u00f6r min kropp. &#8211; fast jag har lovat vara med p\u00e5 en del grejer f\u00f6rst&#8230;<\/p>\n<p><span style=\"font-weight: bold\">Sjukhistorien<\/span><br \/>\nF\u00f6rs\u00f6ker f\u00e5 f\u00e4rdigt 2009 och passar samtidigt p\u00e5 att samla anteckningar f\u00f6r 2010.<\/p>\n<p><span style=\"font-weight: bold\">Farsan<\/span><br \/>\nVill ha en stekpanna som passar den minsta plattan p\u00e5 spisen. Har lovat han \u00e5 fixa det. Hustrun g\u00f6r iordning en pannkakssmet, f\u00f6r invigningen, av pannan. Jag har best\u00e4mt mig f\u00f6r att avst\u00e5. Mest beroende p\u00e5 att jag blir sjuk<sup><small>[<span style=\"font-weight: bold\">*<\/span>]<\/small><\/sup> av den typen av f\u00f6da.<br \/>\n<small><sup>[<span style=\"font-weight: bold\">*<\/span>]<\/sup>Kan inte h\u00e5lla mig vaken, blir extremt tr\u00f6tt och s\u00e5 f\u00e5r jag diarr\u00e9.<\/small><\/p>\n<p>Vi hittade en stekpanna och hustrun fixade pannkakor &#8211; succ\u00e9!<\/p>\n<p><span style=\"font-weight: bold\">Sl\u00e4ktforskning<\/span><br \/>\nKom p\u00e5 att det fanns en l\u00e5da med farmors gamla grejer p\u00e5 fars vind. T\u00e4nkte att d\u00e4r kanske skulle kunna finnas en del om farfar Gunnar. Det var en guldgruva, tidningsurklipp, betyg, intyg, brev m.m.<\/p>\n<p>Det som \u00f6verraskade mig mest var ett dokument som visar att han vart efterlyst. M\u00e5ste studera det mer f\u00f6r jag fattar inte f\u00f6r vad, mer \u00e4n att b\u00f6tessumman var 430 kronor, 1921. Det var ju hur mycket pengar som helst. En m\u00e5nadshyra t.ex. kunde vara p\u00e5 ca 20-30 kronor.<\/p>\n<p>Nu har jag studerat dokumentet n\u00e4rmre. B\u00f6tesbeloppet \u00e4r p\u00e5 5 kronor och det g\u00e4ller &#8221;Underl\u00e5tenhet att fullg\u00f6ra m\u00f6nstring&#8221;.<br \/>\nDet st\u00e5r att det sammanlagda b\u00f6tesbeloppet \u00e4r p\u00e5 430 kronor men &#8217;430&#8217; \u00e4r f\u00f6rtryckt och s\u00e5 kan jag ana att det st\u00e5r &#8217;5&#8217; \u00f6verskrivet med blyerts.<br \/>\nBed\u00f6m sj\u00e4lva:<br \/>\n<a href=\"http:\/\/ngn.nu\/Pict\/2010\/100928-Nr77-boetesliggaren-1921-Gunnar-Nordlundh-kompr70-w2500.jpg\" target=\"_blank\"><img decoding=\"async\" src=\"http:\/\/ngn.nu\/Pict\/2010\/100928-Nr77-boetesliggaren-1921-Gunnar-Nordlundh-kompr70-w350.jpg\" style=\"border: 0px solid; width: 350px; height: 295px\" alt=\"[Bild: Gunnars b\u00f6ter f\u00f6r underl\u00e5tenhet att fullg\u00f6ra m\u00f6nstring]\" title=\"Gunnars b\u00f6ter f\u00f6r underl\u00e5tenhet att fullg\u00f6ra m\u00f6nstring\" \/><\/a><br \/>\n<small>(Klicka p\u00e5 den f\u00f6r att f\u00e5 den mer &#8217;h\u00f6guppl\u00f6st&#8217;. OBS! n\u00e4stan 1MB)<\/small><br \/>\nOch, som det st\u00e5r, s\u00e5 fick de fatt p\u00e5 han och b\u00f6terna blev betalda (den 7\/8 1922).<br \/>\nDen egentliga anledningen till att de inte hittade han berodde p\u00e5 att han just d\u00e5 (1921 30\/12), flyttade fr\u00e5n Hemmesj\u00f6, \u00c5ryd till Vass\u00e4nda-Naglum och sedan (1922 12\/4) till Trollh\u00e4ttan, Andersberg 5.<br \/>\nS\u00e5 h\u00e4r st\u00e5r det p\u00e5 baksidan av dokumentet:<br \/>\n&#8221;<span style=\"font-weight: bold; font-style: italic; font-family: sans-serif\">Intyg, d\u00e5 den v\u00e4rnpliktige ej antr\u00e4ffats.<\/span><br \/>\n<span style=\"font-family: Times New Roman,Times,serif\">1 _ <\/span><span style=\"font-style: italic; font-family: Times New Roman,Times,serif\">Den v\u00e4rnpliktige har i <span style=\"font-weight: bold\">Hemmesj\u00f6<\/span> blivit f\u00f6rg\u00e4ves efters\u00f6kt, och har d\u00e4rvid utr\u00f6nts, att han i orten saknar tillg\u00e5ngar till b\u00f6ternas g\u00e4ldande och att hans vistelsort \u00e4r <span style=\"font-weight: bold\">Trollh\u00e4ttan Box 10<\/span>; intygar den <span style=\"font-weight: bold\">31<\/span>\/<span style=\"font-weight: bold\">3<\/span> 192<span style=\"font-weight: bold\">2<\/span>.<br \/>\nfj\u00e4rdingsman: <span style=\"font-weight: bold\">A.P.Dahl<\/span><\/span><br style=\"font-style: italic; font-family: Times New Roman,Times,serif\" \/> <span style=\"font-style: italic; font-family: Times New Roman,Times,serif\">Pastors\u00e4mbetet i <span style=\"font-weight: bold\">Hemmesj\u00f6<\/span> f\u00f6rsamling *) l\u00e4n h\u00e4rad upplyser, att den v\u00e4rnpliktige <span style=\"text-decoration: line-through\">\u00e4r i f\u00f6rsamlingen kyrkoskriven<\/span> den <span style=\"font-weight: bold\">30\/12<\/span> 192<span style=\"font-weight: bold\">1<\/span> utflyttat erh\u00e5llit utflyttningsbetyg till <span style=\"font-weight: bold\">Vass\u00e4nda-Naglums<\/span> f\u00f6rsamling <span style=\"font-weight: bold\">af \u00c4lvsborgs<\/span> *) l\u00e4n h\u00e4rad och l\u00e4rer vistas <span style=\"font-weight: bold\">Hemmesj\u00f6 den 31 mars<\/span> <span style=\"text-decoration: line-through\">den<\/span> 192<span style=\"font-weight: bold\">2<\/span>.<br \/>\n<span style=\"font-weight: bold\">Carl Friberg Pastor<\/span>.<\/span><br style=\"font-style: italic; font-family: Times New Roman,Times,serif\" \/> <span style=\"font-style: italic; font-family: Times New Roman,Times,serif\">Kommunaln\u00e4mnden i <span style=\"font-weight: bold\">Hemmesj\u00f6<\/span> socken k\u00f6ping upplyser att den v\u00e4rnpliktiges vistelseort \u00e4r <span style=\"font-weight: bold\">Ok\u00e4nd<\/span>. <span style=\"font-weight: bold\">Reisinge<\/span> den <span style=\"font-weight: bold\">1<\/span>\/<span style=\"font-weight: bold\">4<\/span> 192<span style=\"font-weight: bold\">2<\/span>.<\/span><br style=\"font-style: italic; font-family: Times New Roman,Times,serif\" \/> <span style=\"font-style: italic; font-family: Times New Roman,Times,serif\">ordf\u00f6rande: <span style=\"font-weight: bold\">CjJohansson<\/span>.<\/span><br style=\"font-family: Times New Roman,Times,serif\" \/> <span style=\"font-family: Times New Roman,Times,serif\">2 _ <\/span><span style=\"font-style: italic; font-family: Times New Roman,Times,serif\">Den v\u00e4rnpliktige har i <span style=\"font-weight: bold\">Vass\u00e4nda-Naglum<\/span> blivit f\u00f6rg\u00e4ves efters\u00f6kt, och har d\u00e4rvid utr\u00f6nts, att han i orten saknar tillg\u00e5ngar till b\u00f6ternas g\u00e4ldande och att hans vistelseort \u00e4r <span style=\"font-weight: bold; text-decoration: underline\">Trollh\u00e4ttan<\/span><\/span><br style=\"font-style: italic; font-family: Times New Roman,Times,serif\" \/> <span style=\"font-style: italic; font-family: Times New Roman,Times,serif\">utm\u00e4tningsman: <span style=\"font-weight: bold\">Einar Wikmans<\/span>, fj\u00e4rdingsman: <span style=\"font-weight: bold\">F.A.Shalsbring<\/span><\/span><br style=\"font-style: italic; font-family: Times New Roman,Times,serif\" \/> <span style=\"font-style: italic; font-family: Times New Roman,Times,serif\">Pastors\u00e4mbetet i <span style=\"font-weight: bold\">Vass. Nagl.<\/span> f\u00f6rsamling *) l\u00e4n h\u00e4rad upplyser, att den v\u00e4rnpliktige <span style=\"text-decoration: line-through\">\u00e4r i f\u00f6rsamlingen kyrkoskriven, den 192<\/span> utflyttat <span style=\"text-decoration: line-through\">erh\u00e5llit utflyttningsbetyg<\/span> till <span style=\"font-weight: bold; text-decoration: underline\">Trollh\u00e4ttans<\/span> f\u00f6rsamling <span style=\"font-weight: bold\">d. 12\/4 22<\/span> *) l\u00e4n h\u00e4rad och l\u00e4rer vistas <span style=\"font-weight: bold\">Vass. Nagl.<\/span> den <span style=\"font-weight: bold\">10<\/span>\/<span style=\"font-weight: bold\">4<\/span> 192<span style=\"font-weight: bold\">2<\/span>.<\/span><span style=\"font-family: Times New Roman,Times,serif\"> <\/span><span style=\"font-weight: bold; font-family: Times New Roman,Times,serif\">Pastor<\/span><br style=\"font-style: italic; font-family: Times New Roman,Times,serif\" \/> <span style=\"font-style: italic; font-family: Times New Roman,Times,serif\">Kommunaln\u00e4mnden i <span style=\"font-weight: bold\">fr\u00e5gavarande persons vistelseort \u00e4r Trollh\u00e4ttan<\/span> socken k\u00f6ping upplyser, att den v\u00e4rnpliktiges vistelseort \u00e4r <span style=\"font-weight: bold\">Trollh\u00e4ttan.<\/span><\/span><br style=\"font-style: italic; font-weight: bold; font-family: Times New Roman,Times,serif\" \/> <span style=\"font-style: italic; font-weight: bold; font-family: Times New Roman,Times,serif\">betygar Kommunaln\u00e4mnden i Vass.-Nagl. s:n. ordf\u00f6rande: \u00c5los\u00e9n<\/span>&#8221;<\/p>\n<p>I det milit\u00e4ra utbildade han sig till Korpral och tj\u00e4nstgjorde som signalist, bl.a. p\u00e5 fartyget H. M. Oden 1918 &amp; 1919.<\/p>\n<p><span style=\"font-weight: bold\">H\u00e4lsol\u00e4get<\/span>:<br \/>\nVore det inte f\u00f6r att halva kroppen, den h\u00f6gra halvan, f\u00f6rde sitt eget liv &#8211; ett sm\u00e4rtfyllt s\u00e5dant &#8211; s\u00e5 skulle jag idag m\u00e5 toppen.<br \/>\n<small>[04-08-050-025]<\/small><\/p>\n","protected":false},"excerpt":{"rendered":"<p>s\u00f6mn; helt ok. Prostata Fick brev fr\u00e5n V\u00e4stra G\u00f6talandsregionen NU-sjukv\u00e5rden D\u00e4r st\u00e5r: &#8221;B\u00e4ste Nils-Gunnar Den mikroskopiska unders\u00f6kningen av v\u00e4vnadsproverna fr\u00e5n din prostata visar helt normal prostatav\u00e4vnad. S\u00e5ledes inga tecken p\u00e5 cancer. Jag f\u00f6resl\u00e5r fortsatta PSA-kontroller var sj\u00e4tte m\u00e5nad via din &hellip; <a href=\"https:\/\/blogg.ngn.nu\/index.php\/2010\/09\/28\/riktigt-bra-dag\/\">Forts\u00e4tt l\u00e4sa <span class=\"meta-nav\">&rarr;<\/span><\/a><\/p>\n","protected":false},"author":1,"featured_media":0,"comment_status":"open","ping_status":"closed","sticky":false,"template":"","format":"standard","meta":{"footnotes":""},"categories":[570,792,682,343,604,219],"tags":[635],"class_list":["post-1156","post","type-post","status-publish","format-standard","hentry","category-besok-upplevelse-halsa","category-musklerna","category-prostata","category-ryggen","category-slaktforskning","category-trott","tag-farsan"],"_links":{"self":[{"href":"https:\/\/blogg.ngn.nu\/index.php\/wp-json\/wp\/v2\/posts\/1156","targetHints":{"allow":["GET"]}}],"collection":[{"href":"https:\/\/blogg.ngn.nu\/index.php\/wp-json\/wp\/v2\/posts"}],"about":[{"href":"https:\/\/blogg.ngn.nu\/index.php\/wp-json\/wp\/v2\/types\/post"}],"author":[{"embeddable":true,"href":"https:\/\/blogg.ngn.nu\/index.php\/wp-json\/wp\/v2\/users\/1"}],"replies":[{"embeddable":true,"href":"https:\/\/blogg.ngn.nu\/index.php\/wp-json\/wp\/v2\/comments?post=1156"}],"version-history":[{"count":0,"href":"https:\/\/blogg.ngn.nu\/index.php\/wp-json\/wp\/v2\/posts\/1156\/revisions"}],"wp:attachment":[{"href":"https:\/\/blogg.ngn.nu\/index.php\/wp-json\/wp\/v2\/media?parent=1156"}],"wp:term":[{"taxonomy":"category","embeddable":true,"href":"https:\/\/blogg.ngn.nu\/index.php\/wp-json\/wp\/v2\/categories?post=1156"},{"taxonomy":"post_tag","embeddable":true,"href":"https:\/\/blogg.ngn.nu\/index.php\/wp-json\/wp\/v2\/tags?post=1156"}],"curies":[{"name":"wp","href":"https:\/\/api.w.org\/{rel}","templated":true}]}}