{"id":1153,"date":"2010-09-25T22:39:55","date_gmt":"2010-09-25T20:39:55","guid":{"rendered":"http:\/\/blogg.ngn.nu\/index.php\/2010\/09\/25\/bokmassedag\/"},"modified":"2010-09-25T22:39:55","modified_gmt":"2010-09-25T20:39:55","slug":"bokmassedag","status":"publish","type":"post","link":"https:\/\/blogg.ngn.nu\/index.php\/2010\/09\/25\/bokmassedag\/","title":{"rendered":"Bokm\u00e4ssedag"},"content":{"rendered":"<p>s\u00f6mn; hel ok.<\/p>\n<p><span style=\"font-weight: bold\">Bokm\u00e4ssan<\/span><br \/>\nBok &amp; Bibliotek. Vi kom tidigt och det var tur, vi slapp k\u00f6a och vi kunde g\u00e5 en f\u00f6rsta \u00f6versynsrunda utan att tr\u00e4ngas.<\/p>\n<p>Bara n\u00e5gon timme senare s\u00e5 blev det mycket tr\u00e4ngre.<\/p>\n<p>Jag linkade fram i g\u00e5ngarna i olika serpentinvarianter f\u00f6r att inte missa n\u00e5t. Jag, min k\u00e4pp och en shoppingv\u00e4ska (dra-maten). Jag hade med mig en trebent hopf\u00e4llbar pall att sitta p\u00e5. Mot slutet gick den s\u00f6nder. Den gav upp, den liksom sj\u00f6nk ihop. Den var inte konstruerad f\u00f6r gubbe p\u00e5 100kg&#8230;<\/p>\n<p>Deckare, Serier och Sl\u00e4ktforskning samt att f\u00e5 lyssna p\u00e5 n\u00e5gra favoritf\u00f6rfattare var m\u00e5let. Hoppades ocks\u00e5 p\u00e5 en och annan signering men det \u00e4r sv\u00e5rt att passa in och hitta r\u00e4tt. Men jag lyckades i tre fall.<\/p>\n<p>Den f\u00f6rsta f\u00f6r\u00e4rades av Leif GW Persson. H\u00e4r sitter han och signerar (inte mitt exemplar):<br \/>\n<img decoding=\"async\" src=\"http:\/\/ngn.nu\/Pict\/2010\/100925-DSCN2020-Leif-GW-Persson-Kompr70-w350.jpg\" style=\"width: 350px; height: 408px\" alt=\"[Bild: Leif GW Persson signerar]\" title=\"Leif GW Persson signerar\" \/><br \/>\nSigneringen:<br \/>\n<img decoding=\"async\" src=\"http:\/\/ngn.nu\/Pict\/2010\/100925-DSCN2066-Signering-Leif-GW-Persson-Kompr70-w350.jpg\" style=\"width: 350px; height: 517px\" alt=\"[Bild: Leif GW Persson signering av boken Faller fritt som i en dr\u00f6m]\" title=\"Leif GW Persson signering av boken Faller fritt som i en dr\u00f6m\" \/><br \/>\nBoken, Faller fritt som i en dr\u00f6m:<br \/>\n<img decoding=\"async\" src=\"http:\/\/ngn.nu\/Pict\/2010\/100925-DSCN2065-Faller-fritt-som-i-en-droem-Leif-GW-Persson-Kompr70-w350.jpg\" style=\"width: 350px; height: 555px\" alt=\"[Bild: Leif GW Persson; Faller fritt som i en dr\u00f6m]\" title=\"Leif GW Persson; Faller fritt som i en dr\u00f6m\" \/><\/p>\n<p>Den andra fick jag av seriefiguren elvis skapare; Tony &amp; Maria Cronstam.<br \/>\nH\u00e4r en bild d\u00e4r Tony signerar just min seriebok:<br \/>\n<img decoding=\"async\" src=\"http:\/\/ngn.nu\/Pict\/2010\/100925-DSCN2021-Tony-Cronstam-Elvis-Kompr70-w350.jpg\" style=\"width: 350px; height: 338px\" alt=\"[Bild: Tony Cronstam, tecknar katten Sonny i serien Elvis]\" title=\"Tony Cronstam, tecknar katten Sonny i serien Elvis\" \/><br \/>\nresultatet:<br \/>\n<img decoding=\"async\" src=\"http:\/\/ngn.nu\/Pict\/2010\/100925-DSCN2064-Signering-Tony-Maria-Cronstam-Elvis-Kompr70-w350.jpg\" style=\"width: 350px; height: 219px\" alt=\"[Bild: Tony &amp; Maria Cronstams, signering, katten Sonny i serien Elvis]\" title=\"Tony &amp; Maria Cronstams, signering, katten Sonny i serien Elvis\" \/><br \/>\nSerieboken, En liten stund med katten Sonny:<br \/>\n<img decoding=\"async\" src=\"http:\/\/ngn.nu\/Pict\/2010\/100925-DSCN2063-Tony-Maria-Cronstam-Elvis-Katten-Sonny-Kompr70-w350.jpg\" style=\"width: 350px; height: 185px\" alt=\"[Bild: Tony &amp; Maria Cronstams, Seriebok, En liten stund med katten Sonny i serien Elvis]\" title=\"Tony &amp; Maria Cronstams, Seriebok, En liten stund med katten Sonny i serien Elvis\" \/><\/p>\n<p>Jag lyckades med en tredje ocks\u00e5, Serien Vi \u00e5 Pappas pappa; Krister Petersson:<br \/>\nSigneringen:<br \/>\n<img decoding=\"async\" src=\"http:\/\/ngn.nu\/Pict\/2010\/100925-DSCN2062-Signering-Krister-Petersson-Vi-a-Pappa-Kompr70-w350.jpg\" style=\"width: 350px; height: 274px\" alt=\"[Bild: Krister Peterssons, signering, Vi \u00e5 Pappa]\" title=\"Krister Peterssons, signering, Vi \u00e5 Pappa\" \/><br \/>\nSerieh\u00e4ftet, Vi \u00e5 Pappa, Julalbum 2010:<br \/>\n<img decoding=\"async\" src=\"http:\/\/ngn.nu\/Pict\/2010\/100925-DSCN2061-Krister-Petersson-Vi-a-Pappa-Kompr70-w350.jpg\" style=\"width: 350px; height: 451px\" alt=\"[Bild: Krister Peterssons, Vi \u00e5 Pappa]\" title=\"Krister Peterssons, Vi \u00e5 Pappa\" \/><\/p>\n<p>Slut p\u00e5 signeringarna&#8230;.<\/p>\n<p>K\u00f6pte en notebook:<br \/>\n<img decoding=\"async\" src=\"http:\/\/ngn.nu\/Pict\/2010\/100925-DSCN2067-Notebook-Kompr50-w350.jpg\" style=\"width: 350px; height: 499px\" alt=\"[Bild: Notebook]\" title=\"Notebook\" \/><br \/>\nF\u00f6rsta anteckningen i &#8217;noteringsboken&#8217;:<br \/>\n<img decoding=\"async\" src=\"http:\/\/ngn.nu\/Pict\/2010\/100925-DSCN2067-Notebook-foersta-noteringen-Kompr50-w350.jpg\" style=\"width: 350px; height: 132px\" alt=\"[Bild: F\u00f6rsta anteckningen i Notebook:en]\" title=\"F\u00f6rsta anteckningen i Notebook:en\" \/><\/p>\n<p>Jag skrev sedan i den:<br \/>\n<span style=\"font-style: italic\">L\u00f6rdag 25\/9-2010<\/span><br \/>\n*<em> m\u00f6tte G\u00f6sta Ekman 13:57<\/em><br \/>\n* <em>missade Sandra Gustafsson, letade, hittade henne inte.<\/em><\/p>\n<p>K\u00f6pte ett dataprogram ocks\u00e5. En CD med gamla handskrifter som jag hoppas underl\u00e4tta min sl\u00e4ktforskning:<br \/>\n<img decoding=\"async\" src=\"http:\/\/ngn.nu\/Pict\/2010\/100925-DSCN2069-CD-41-Handskrifter-1339-1926-V20d-Kompr70-w350.jpg\" style=\"width: 350px; height: 354px\" alt=\"[Bild: CD:n 41 Handskrifter 1339-1926 Version 2.0d]\" title=\"CD:n 41 Handskrifter 1339-1926 Version 2.0d\" \/><\/p>\n<p>\u00c5ss\u00e5 fotograferade jag ett g\u00e4ng k\u00e4ndisar:<br \/>\n<img decoding=\"async\" src=\"http:\/\/ngn.nu\/Pict\/2010\/100925-DSCN2023-Frank-Andersson-Kompr70-w350.jpg\" style=\"width: 350px; height: 565px\" alt=\"[Bild: Frank Andersson]\" title=\"Frank Andersson\" \/><br \/>\nFrank Andersson<br \/>\nTrollh\u00e4ttepojk, i min \u00e5lder.<\/p>\n<p><img decoding=\"async\" src=\"http:\/\/ngn.nu\/Pict\/2010\/100925-DSCN2027-Morgan-Alling-Kompr70-w350.jpg\" style=\"width: 350px; height: 263px\" alt=\"[Bild: Morgan Alling]\" title=\"Morgan Alling\" \/><br \/>\nMorgan Alling<br \/>\nSk\u00e5despelar &#8211; och f\u00f6rfattare.<\/p>\n<p><img decoding=\"async\" src=\"http:\/\/ngn.nu\/Pict\/2010\/100925-DSCN2033-Anne-Holt-Fredrik-Belfrage-Kompr70-w350.jpg\" style=\"width: 350px; height: 251px\" alt=\"[Bild: Anne Holt &amp; Fredrik Belfrage]\" title=\"Anne Holt &amp; Fredrik Belfrage\" \/><br \/>\nAnne Holt &amp; Fredrik Belfrage<br \/>\nAnne s\u00e5g jag senast i TV, ig\u00e5r.<\/p>\n<p><img decoding=\"async\" src=\"http:\/\/ngn.nu\/Pict\/2010\/100925-DSCN2039-Caroline-af-Ugglas-UKON-Kompr70-w350.jpg\" style=\"width: 350px; height: 284px\" alt=\"[Bild: Caroline af Ugglas &amp; UKON]\" title=\"Caroline af Ugglas &amp; UKON\" \/><br \/>\nCaroline af Ugglas &amp; UKON (Ulf Karl Olov Nilsson)<\/p>\n<p><img decoding=\"async\" src=\"http:\/\/ngn.nu\/Pict\/2010\/100925-DSCN2041-Carl-Einar-Haeckner-Kompr70-w350.jpg\" style=\"width: 350px; height: 152px\" alt=\"[Bild: Carl-Einar H\u00e4ckner]\" title=\"Carl-Einar H\u00e4ckner\" \/><br \/>\nCarl-Einar H\u00e4ckner<br \/>\nHan \u00e4r sig lik&#8230;<\/p>\n<p><img decoding=\"async\" src=\"http:\/\/ngn.nu\/Pict\/2010\/100925-DSCN2046-Mark-Levengood-Fredrik-Belfrage-Kompr70-w350.jpg\" style=\"width: 350px; height: 263px\" alt=\"[Bild: Mark Levengood &amp; Fredrik Belfrage]\" title=\"Mark Levengood &amp; Fredrik Belfrage\" \/><br \/>\nMark Levengood &amp; Fredrik Belfrage<br \/>\nHan \u00e4r ocks\u00e5 sig lik&#8230;<\/p>\n<p><img decoding=\"async\" src=\"http:\/\/ngn.nu\/Pict\/2010\/100925-DSCN2051-Paulo-Roberto-Kompr70-w350.jpg\" style=\"width: 350px; height: 244px\" alt=\"[Bild: Paulo Roberto]\" title=\"Paulo Roberto\" \/><br \/>\nPaulo Roberto<br \/>\nS\u00e5g ut som han brukar.<br \/>\n(Enligt hustrun smakade hans mat inget vidare&#8230;)<\/p>\n<p><img decoding=\"async\" src=\"http:\/\/ngn.nu\/Pict\/2010\/100925-DSCN2053-Jan-Guillo-Fredrik-Belfrage-Kompr70-w350.jpg\" style=\"width: 350px; height: 167px\" alt=\"[Bild: Jan Guillo &amp; Fredrik Belfrage]\" title=\"Jan Guillo &amp; Fredrik Belfrage\" \/><br \/>\nJan Guillou &amp; Fredrik Belfrage<br \/>\nF\u00f6rra \u00e5ret s\u00e5g han (Jan) sliten ut. Nu tycker jag att han verkade mer harmonisk.<\/p>\n<p><img decoding=\"async\" src=\"http:\/\/ngn.nu\/Pict\/2010\/100925-DSCN2056-Marcus-Birro-Kompr70-w350.jpg\" style=\"width: 350px; height: 250px\" alt=\"[Bild: Marcus Birro]\" title=\"Marcus Birro\" \/><br \/>\nMarcus Birro<br \/>\nVar lite stressad.<\/p>\n<p><img decoding=\"async\" src=\"http:\/\/ngn.nu\/Pict\/2010\/100925-DSCN2059-Mathias-Andersson-Kompr70-w350.jpg\" style=\"width: 350px; height: 380px\" alt=\"[Bild: Mathias Andersson]\" title=\"Mathias Andersson\" \/><br \/>\nMathias Andersson<br \/>\nSnyggare i verkligheten. Och n\u00e4r jag sa det s\u00e5 sa han att det var fler som sagt likadant.<\/p>\n<p><img decoding=\"async\" src=\"http:\/\/ngn.nu\/Pict\/2010\/100925-DSCN2060-Charlie-Soederberg-Mathias-Andersson-Kompr70-w350.jpg\" style=\"width: 350px; height: 261px\" alt=\"[Bild: Charlie S\u00f6derberg &amp; Mathias Andersson]\" title=\"Charlie S\u00f6derberg &amp; Mathias Andersson\" \/><br \/>\nCharlie S\u00f6derberg &amp; Mathias Andersson<br \/>\nCharlie \u00e4r snyggare i TV&#8230;<\/p>\n<p>Och s\u00e5 ett erk\u00e4nnande &#8211; jag fick ta vid behovsmedicin &#8211; f\u00f6r att klara av det. Jag skulle ju hem ocks\u00e5&#8230;<\/p>\n<p>Hustrun gick p\u00e5 sitt h\u00e5ll, mest p\u00e5 andra v\u00e5ningen, d\u00e4r handlade det mest om kost &amp; h\u00e4lsa.<\/p>\n<p>Hon blev l\u00f6msk p\u00e5 mig f\u00f6r att jag inte ringde henne n\u00e4r jag hittade Jan Guillou. Konstigt, vi hade ingen s\u00e5dan \u00f6verenskommelse.<\/p>\n<p>Tittade p\u00e5 TV, h\u00e4r \u00e4r ditt liv, den tjejen, Lena Maria Klingvall, stod jag och beundrade en bra stund, p\u00e5 m\u00e4ssan. Skrev och m\u00e5lade med h\u00f6ger fot. \u00c5ss\u00e5 f\u00e5r jag sedan veta, n\u00e4r jag kommer hem, att hon \u00e4r en superk\u00e4ndis och m\u00e5ngsysslare som f\u00e5r en att blekna.<br \/>\nHon har en blogg: <a href=\"http:\/\/www.lenamaria.com\/web\/index.php?option=com_idoblog&amp;view=idoblog&amp;Itemid=6&amp;lang=sv\" target=\"_blank\">Lena Maria<\/a>.<\/p>\n<p><span style=\"font-weight: bold\">H\u00e4lsol\u00e4get<\/span>:<br \/>\nTrodde inte jag skulle klara den h\u00e4r dagen men jag \u00e4r positivt \u00f6verraskad. Jag m\u00e5r hyfsat bra. Troligtvis beroende p\u00e5 medicineringen, men \u00e4nd\u00e5&#8230;<br \/>\nV\u00e4rre \u00e4r det med hustrun. Hennes rygg \u00e4r tydligen rackarns besv\u00e4rlig (hon \u00e4r en s\u00e5n som v\u00e4grar att ta l\u00e4kemedel om det inte \u00e4r livsn\u00f6dv\u00e4ndigt eller tvunget p\u00e5 annat vis).<br \/>\n<small>[04-06-025-050]<\/small><\/p>\n","protected":false},"excerpt":{"rendered":"<p>s\u00f6mn; hel ok. Bokm\u00e4ssan Bok &amp; Bibliotek. Vi kom tidigt och det var tur, vi slapp k\u00f6a och vi kunde g\u00e5 en f\u00f6rsta \u00f6versynsrunda utan att tr\u00e4ngas. Bara n\u00e5gon timme senare s\u00e5 blev det mycket tr\u00e4ngre. Jag linkade fram i &hellip; <a href=\"https:\/\/blogg.ngn.nu\/index.php\/2010\/09\/25\/bokmassedag\/\">Forts\u00e4tt l\u00e4sa <span class=\"meta-nav\">&rarr;<\/span><\/a><\/p>\n","protected":false},"author":1,"featured_media":0,"comment_status":"open","ping_status":"closed","sticky":false,"template":"","format":"standard","meta":{"footnotes":""},"categories":[444,721,641,792,343,383],"tags":[520,521,284],"class_list":["post-1153","post","type-post","status-publish","format-standard","hentry","category-bilder","category-kultur","category-media","category-musklerna","category-ryggen","category-utflykt","tag-bokmassa","tag-kandisar","tag-lakemedel"],"_links":{"self":[{"href":"https:\/\/blogg.ngn.nu\/index.php\/wp-json\/wp\/v2\/posts\/1153","targetHints":{"allow":["GET"]}}],"collection":[{"href":"https:\/\/blogg.ngn.nu\/index.php\/wp-json\/wp\/v2\/posts"}],"about":[{"href":"https:\/\/blogg.ngn.nu\/index.php\/wp-json\/wp\/v2\/types\/post"}],"author":[{"embeddable":true,"href":"https:\/\/blogg.ngn.nu\/index.php\/wp-json\/wp\/v2\/users\/1"}],"replies":[{"embeddable":true,"href":"https:\/\/blogg.ngn.nu\/index.php\/wp-json\/wp\/v2\/comments?post=1153"}],"version-history":[{"count":0,"href":"https:\/\/blogg.ngn.nu\/index.php\/wp-json\/wp\/v2\/posts\/1153\/revisions"}],"wp:attachment":[{"href":"https:\/\/blogg.ngn.nu\/index.php\/wp-json\/wp\/v2\/media?parent=1153"}],"wp:term":[{"taxonomy":"category","embeddable":true,"href":"https:\/\/blogg.ngn.nu\/index.php\/wp-json\/wp\/v2\/categories?post=1153"},{"taxonomy":"post_tag","embeddable":true,"href":"https:\/\/blogg.ngn.nu\/index.php\/wp-json\/wp\/v2\/tags?post=1153"}],"curies":[{"name":"wp","href":"https:\/\/api.w.org\/{rel}","templated":true}]}}