{"id":1070,"date":"2010-07-06T20:04:23","date_gmt":"2010-07-06T18:04:23","guid":{"rendered":"http:\/\/blogg.ngn.nu\/index.php\/2010\/07\/06\/borjade-bra\/"},"modified":"2010-07-06T20:04:23","modified_gmt":"2010-07-06T18:04:23","slug":"borjade-bra","status":"publish","type":"post","link":"https:\/\/blogg.ngn.nu\/index.php\/2010\/07\/06\/borjade-bra\/","title":{"rendered":"B\u00f6rjade bra&#8230;"},"content":{"rendered":"<p>s\u00f6mn; ok. Lade mig visserligen sent och vaknade tidigt. Huvudet k\u00e4nns mer uts\u00f6vt \u00e4n kroppen. Det k\u00e4nns som om jag har en \u00f6kande kroppstr\u00f6tthet och jag blir inte klok p\u00e5 vad det kan bero p\u00e5 och anledningen till det \u00e4r det det finns s\u00e5 j\u00e4kla mycket att v\u00e4lja p\u00e5. S\u00e5, det \u00e4r v\u00e4l det som \u00e4r f\u00f6rklaringen, det \u00e4r f\u00f6r mycket &#8211; av allt&#8230;<\/p>\n<p><span style=\"font-weight: bold\">Naturrunda<\/span><br \/>\nH\u00e4ngde p\u00e5 mig kameran och greppade stavarna och begav mig mot Onsj\u00f6k\u00e4rret. 2 syften:<br \/>\n1. Att f\u00e5 r\u00f6rt p\u00e5 mig, \u00e4ven om det tar emot och g\u00f6r ont och v\u00e4rken blir v\u00e4rre och jag blir \u00e4n mer tr\u00f6tt. R\u00f6r jag mig inte blir jag \u00e4nnu s\u00e4mre.<br \/>\n2. Se om jag kunde hitta n\u00e5gra ormar.<\/p>\n<p>Tre st snokar s\u00e5g jag. Den ene s\u00e5g mig f\u00f6rst och f\u00f6rsvann snabbt. De tv\u00e5 andra kunde jag ta bilder p\u00e5 men de uppt\u00e4ckte mig f\u00f6rv\u00e5nansv\u00e4rt fort. Det brukar inte vara s\u00e5. Det kan bero p\u00e5 att jag inte hade mina &#8217;naturanpassade&#8217; kl\u00e4der utan var kl\u00e4dd i ljus skjorta, barbent (shorts) och hade ett par stavar dinglande i handlederna. Och s\u00e5 var kanske vindriktningen inte till min f\u00f6rdel.<\/p>\n<p>Det blev inga dr\u00f6mbilder. Men det blev tv\u00e5 som jag tycker att jag kan med att visa \u00e4ven om det saknas en hel del sk\u00e4rpa och kvalitet:<br \/>\nSnok 1<br \/>\n<a href=\"http:\/\/bilder.ngn.nu\/index.php\/2010\/07\/06\/snok-44\/#Rubrik\" target=\"_blank\"><img decoding=\"async\" src=\"http:\/\/ngn.nu\/Pict\/2010\/100706-DSC01087-Snok-Kompr70-w150.jpg\" style=\"border: 0px solid ; width: 150px; height: 97px\" alt=\"[Bild: Snok (Natrix natrix)]\" title=\"Snok (Natrix natrix)\" \/><\/a><\/p>\n<p>Snok 2<br \/>\n<a href=\"http:\/\/bilder.ngn.nu\/index.php\/2010\/07\/06\/snok-43\/#Rubrik\" target=\"_blank\"><img decoding=\"async\" src=\"http:\/\/ngn.nu\/Pict\/2010\/100706-DSC01089-Snok-Kompr70-w150.jpg\" style=\"border: 0px solid ; width: 150px; height: 98px\" alt=\"[Bild: Snok (Natrix natrix)]\" title=\"Snok (Natrix natrix)\" \/><\/a><\/p>\n<p>Lite p\u00e5minnelse<br \/>\nSk\u00e4rpedjupet; p\u00e5verkas av tre faktorer:<br \/>\n(Sk\u00e4rpedjup; det &#8217;omr\u00e5de&#8217; i en bild som upplevs ha sk\u00e4rpa, se tydligt ut)<br \/>\n1. Bl\u00e4ndar\u00f6ppningen (f-talet)<br \/>\n2. Motivavst\u00e5ndet<br \/>\n3. Br\u00e4nnvidden (fr\u00e5n vidvinkel till tele)<\/p>\n<p><span style=\"text-decoration: underline\">Bl\u00e4ndar\u00f6ppningen<\/span><br \/>\nLiten bl\u00e4ndar\u00f6ppning (h\u00f6gt f-tal t.ex; 11, 16 &amp; 22) ger st\u00f6rre sk\u00e4rpedjup<\/p>\n<p><span style=\"text-decoration: underline\">Motivavst\u00e5ndet<\/span><br \/>\nJu n\u00e4rmre, ju mindre sk\u00e4rpedjup<\/p>\n<p><span style=\"text-decoration: underline\">Br\u00e4nnvidd<\/span><br \/>\nJu mer tele, ju mindre sk\u00e4rpedjup<\/p>\n<p>Om du har ett fast motivavst\u00e5nd och en fast br\u00e4nnvidd och st\u00e4ller in kameran p\u00e5 bl\u00e4ndare 22 och har automatiken inst\u00e4lld p\u00e5 &#8217;slutarautomatik&#8217;. Du st\u00e4ller allts\u00e5 in bl\u00e4ndaren manuellt s\u00e5 f\u00e5r kameran v\u00e4lja tid och ISO automatiskt beroende p\u00e5 ljusf\u00f6rh\u00e5llanden.<br \/>\nI mitt fall v\u00e4ljer kameran att \u00f6ka ISO (kornigare bild) f\u00f6r att kunna f\u00e5 s\u00e5 snabb slutartid som m\u00f6jligt. Men slutartiderna blir inte snabba, s\u00e5 risken f\u00f6r r\u00f6relseosk\u00e4rpa \u00e4r stor.<br \/>\nBl\u00e4ndare 22, i mitt fall, \u00e4r allts\u00e5 inget bra val, om jag inte anv\u00e4nder stativ.<\/p>\n<p>Ska pr\u00f6va med bl\u00e4ndare 11 ett tag och se hur det funkar med det.<\/p>\n<p><span style=\"font-weight: bold\">K\u00f6pcentret<\/span><br \/>\nHustrun och jag \u00e5kte dit f\u00f6r att kolla p\u00e5 ny symaskin och kika litet p\u00e5 ny spis samt fj\u00e4rrkontroll och rakapparat \u00e5t far.<\/p>\n<p>Vi kom hem med fj\u00e4rrkontrollen.<br \/>\nRakapparaten var &#8217;slut&#8217; (lockvara i EL-Gigantens annonsblad).<br \/>\nSpisar fanns det m\u00e4ngder att titta p\u00e5 s\u00e5 f\u00f6rvirringen blev total.<br \/>\nSymaskiner \u00e4r tydligen inget folk k\u00f6per. P\u00e5 EL-Giganten fanns inga (slut&#8230;). P\u00e5 SIBA fanns tv\u00e5 modeller men den ena var ett demoex och den andra var visserligen v\u00e4ldigt billig 700 SEK men vilka f\u00e4rger!? Det gick ju knappt att titta p\u00e5 den utan att bli yr. ICA Maxi hade inga. Coop Forum hade en f\u00f6r ca 2000 SEK, i plast. Elkedjan bes\u00f6kte vi ocks\u00e5, de hade inga symaskiner.<\/p>\n<p>Vi har en symaskinsaff\u00e4r i V\u00e4nersborg med massor med symaskiner. Sist jag var d\u00e4r var d\u00e4r bara en massa svindyra avancerade saker men en f\u00e5r v\u00e4l \u00e5ka dit \u00e5 g\u00f6ra en koll.<\/p>\n<p>En tur mathandlande blev det ocks\u00e5.<\/p>\n<p>Totalt sett s\u00e5 s\u00e4nkte det mig. Det blev n\u00e5gra sm\u00f6rg\u00e5sar och sedan s\u00e4ngen direkt.<\/p>\n<p>Ska g\u00e5 och l\u00e4gga mig, igen, s\u00e5 snart jag publicerat det h\u00e4r.<\/p>\n<p><span style=\"font-weight: bold\">H\u00e4lsol\u00e4get<\/span>:<br \/>\nHum\u00f6rm\u00e4ssigt b\u00e4ttre. K\u00e4nt mig lite mer &#8217;vaken&#8217;, p\u00e5 f\u00f6rmiddagen. Eftermiddagen var tr\u00f6ttsam och kv\u00e4llen \u00e4r bortr\u00e4knad.<br \/>\n<small>[04-07-050-050]<\/small><\/p>\n","protected":false},"excerpt":{"rendered":"<p>s\u00f6mn; ok. Lade mig visserligen sent och vaknade tidigt. Huvudet k\u00e4nns mer uts\u00f6vt \u00e4n kroppen. Det k\u00e4nns som om jag har en \u00f6kande kroppstr\u00f6tthet och jag blir inte klok p\u00e5 vad det kan bero p\u00e5 och anledningen till det \u00e4r &hellip; <a href=\"https:\/\/blogg.ngn.nu\/index.php\/2010\/07\/06\/borjade-bra\/\">Forts\u00e4tt l\u00e4sa <span class=\"meta-nav\">&rarr;<\/span><\/a><\/p>\n","protected":false},"author":1,"featured_media":0,"comment_status":"open","ping_status":"closed","sticky":false,"template":"","format":"standard","meta":{"footnotes":""},"categories":[444,338,131,133,343,222,219],"tags":[349,212],"class_list":["post-1070","post","type-post","status-publish","format-standard","hentry","category-bilder","category-djur","category-foto","category-forkylning-sjukdom","category-ryggen","category-tinnitus","category-trott","tag-snok","tag-vark"],"_links":{"self":[{"href":"https:\/\/blogg.ngn.nu\/index.php\/wp-json\/wp\/v2\/posts\/1070","targetHints":{"allow":["GET"]}}],"collection":[{"href":"https:\/\/blogg.ngn.nu\/index.php\/wp-json\/wp\/v2\/posts"}],"about":[{"href":"https:\/\/blogg.ngn.nu\/index.php\/wp-json\/wp\/v2\/types\/post"}],"author":[{"embeddable":true,"href":"https:\/\/blogg.ngn.nu\/index.php\/wp-json\/wp\/v2\/users\/1"}],"replies":[{"embeddable":true,"href":"https:\/\/blogg.ngn.nu\/index.php\/wp-json\/wp\/v2\/comments?post=1070"}],"version-history":[{"count":0,"href":"https:\/\/blogg.ngn.nu\/index.php\/wp-json\/wp\/v2\/posts\/1070\/revisions"}],"wp:attachment":[{"href":"https:\/\/blogg.ngn.nu\/index.php\/wp-json\/wp\/v2\/media?parent=1070"}],"wp:term":[{"taxonomy":"category","embeddable":true,"href":"https:\/\/blogg.ngn.nu\/index.php\/wp-json\/wp\/v2\/categories?post=1070"},{"taxonomy":"post_tag","embeddable":true,"href":"https:\/\/blogg.ngn.nu\/index.php\/wp-json\/wp\/v2\/tags?post=1070"}],"curies":[{"name":"wp","href":"https:\/\/api.w.org\/{rel}","templated":true}]}}