{"id":10699,"date":"2015-12-01T21:17:57","date_gmt":"2015-12-01T20:17:57","guid":{"rendered":"http:\/\/blogg.ngn.nu\/?p=10699"},"modified":"2015-12-05T21:43:29","modified_gmt":"2015-12-05T20:43:29","slug":"tisdag-118","status":"publish","type":"post","link":"https:\/\/blogg.ngn.nu\/index.php\/2015\/12\/01\/tisdag-118\/","title":{"rendered":"Tisdag"},"content":{"rendered":"<p>\n\tMorgon: S&ouml;mn OK.\n<\/p>\n<p>\n\tMorgonens fotografering av plitorna p&aring; ryggen avklarade.\n<\/p>\n<p>\n\tDuschade f&ouml;rsta, av tre Descutan dubbelduschar.<br \/>\n\tK&auml;nns lite f&aring;nigt att duscha, tv&aring;la in sig, g&aring; ur duschen, torka sig torr och sedan in i duschen igen och upprepa&#8230;\n<\/p>\n<p>\n\tFotograferade ryggen &auml;ven efter den d&auml;r grundliga behandlingen. Tycker nog att jag ser &#39;renare&#39; ut&#8230;\n<\/p>\n<p>\n\tH&auml;refter antibiotikabaddning med Dalacin.\n<\/p>\n<p>\n\t<span style=\"font-weight: bold;\">Fixalista<\/span><br \/>\n\t&gt; Ventilationslist i k&ouml;ket<br \/>\n\t&gt; &#39;S&auml;tta ihop l&ouml;sa sladdar fr&aring;n TV \/ TiVo \/ LG DVD\/<small>(VHS)<\/small> &lt;&gt; h&ouml;rnan med bredbandsrouter, router och &#39;tre-h&aring;l-i-v&auml;ggen&#39;.<br \/>\n\t&gt; Raka mig.<br \/>\n\t&gt; Dubbelduscha med Descutan (till kv&auml;llen, innan jag l&auml;gger mig, i renb&auml;ddad s&auml;ng)<br \/>\n\t&gt; F&ouml;rs&ouml;ka st&auml;lla in stora digitalkameran som &auml;r riktad mot f&aring;gelmataren.<br \/>\n\t&gt; Renb&auml;dda s&auml;ngen.<br \/>\n\t&gt; Packa.\n<\/p>\n<p>\n\t<span style=\"font-weight: bold;\">Kameran<\/span><br \/>\n\tKikade p&aring; senaste bilden. (<a href=\"https:\/\/blogg.ngn.nu\/index.php\/2015\/11\/29\/sondag-120\/#Bild\" target=\"_blank\">151129-DSC07123-lgn-Utsida-Framsida-BirdFeeder.jpg &#8211; finns p&aring; bloggen f&ouml;r 29\/11-15<\/a>) och d&auml;r noterade jag f&ouml;ljande aktuella (EXIF)-data (Automatik &#8211; autofokus &auml;r dock avst&auml;ngd. Har &#39;st&auml;llt&#39; in sk&auml;rpan p&aring; st&aring;ngen);<br \/>\n\tISO: 320<br \/>\n\tBr&auml;nnvidd: 90mm (den vill jag og&auml;rna &auml;ndra)<br \/>\n\tF-tal: f\/4.0 (objektivet kan som b&auml;st ge: f\/4.0)<br \/>\n\tExp: 1\/160s<br \/>\n\tPillar man med exponeringstiden p&aring;verkas sk&auml;rpedjupet d&aring;?\n<\/p>\n<p>\n\tI avvaktan p&aring; proffsvar s&aring; har jag nu st&auml;llt in kameran p&aring; (M: manuellt l&auml;ge);<br \/>\n\tSt&auml;ngt av sk SteadyShot. Eftersom kamerna sitter p&aring; ett sk gorillastativ samt att jag anv&auml;nder fj&auml;rrutl&ouml;sare.<br \/>\n\tISO: 100<br \/>\n\tF-tal: f\/4<br \/>\n\tExp: 1\/125\n<\/p>\n<p>\n\tDessa inst&auml;llningar &#39;kr&auml;ver&#39; bra ljus. Inget f&ouml;r tidiga f&ouml;rmiddagar och sena eftermiddagar, s&aring;h&auml;r &aring;rs.\n<\/p>\n<p>\n\t<span style=\"font-weight: bold;\">Geocaching<\/span><br \/>\n\tKommer en hel del nya men det verkar arkiveras fler&#8230;<br \/>\n\tDet har inte blivit mycket med den hobbyn nu de senaste m&aring;naderna.<br \/>\n\tT&auml;nk om det blir s&aring; bra, med l&auml;ndryggen, att jag kan komma ut i skogen och leta GPSg&ouml;mmor till tidiga v&aring;ren?\n<\/p>\n<p>\n\t<span style=\"font-weight: bold;\">Anteckningar<\/span><br \/>\n\t<a href=\"https:\/\/blogg.ngn.nu\/index.php\/2015\/11\/30\/mandag-124\/\" target=\"_blank\">30\/11-15<\/a> <small>(Korrekturl&auml;st, redigerat bilder och publicerat)<\/small>\n<\/p>\n<p>\n\t<span style=\"font-weight: bold;\">Just nu<\/span><br \/>\n\t(kl 11:03 ca) borde jag vara nyopererad, i morgon.\n<\/p>\n<p>\n\t<span style=\"font-weight: bold;\">Data<\/span><br \/>\n\tFixat med en uppdatering p&aring; min MediaWiki: <a href=\"http:\/\/ngn.nu\/mw\/index.php?title=Sjukhistoria_nisse-2001\" target=\"_blank\">Min Sjukhistoria<\/a><br \/>\n\tNoterade att GNYu-wikin inte m&aring;r s&aring; bra. Men, det f&aring;r v&auml;nta&#8230;\n<\/p>\n<p>\n\t<span style=\"font-weight: bold;\">Fixat<\/span><br \/>\n\tEn liten bit t&auml;tningslist som jag tydligen missade vid renoveringen &auml;r nu p&aring; plats. &Ouml;verst p&aring; det &ouml;ppningsbara, lilla, f&ouml;nstret i k&ouml;ket :me:<br \/>\n\t<img decoding=\"async\" alt=\"[Bild: lgn; K\u00f6ket]\" src=\"http:\/\/ngn.nu\/Pict\/2015\/151201-DSC00843-lgn-Koek.jpg\" style=\"width: 350px; height: 211px;\" title=\"lgn; K\u00f6ket\" \/>\n<\/p>\n<p>\n\t<img decoding=\"async\" alt=\"[Bild: lgn; K\u00f6ket]\" src=\"http:\/\/ngn.nu\/Pict\/2015\/151201-DSC00844-lgn-Koek.jpg\" style=\"width: 179px; height: 350px;\" title=\"lgn; K\u00f6ket\" \/><br \/>\n\tInnan man ska klistra fast n&aring;got s&aring; &auml;r det alltid en god ide att torka av med kemisk ren bensin, f&ouml;rst. Fett f&aring;r man bort d&aring; bl.a.\n<\/p>\n<p>\n\t<img decoding=\"async\" alt=\"[Bild: lgn; K\u00f6ket]\" src=\"http:\/\/ngn.nu\/Pict\/2015\/151201-DSC00845-lgn-Koek.jpg\" style=\"width: 350px; height: 151px;\" title=\"lgn; K\u00f6ket\" \/><br \/>\n\tT&auml;tningslisten p&aring; plats.\n<\/p>\n<p>\n\tHel l&auml;tt gick det inte&#8230; givetvis&#8230;<br \/>\n\tF&ouml;rsta f&ouml;rs&ouml;ket med den uppm&auml;tta och tillklippta t&auml;tningslisten gick inte bra. N&auml;r jag tog bort skyddspappremsan s&aring; f&ouml;ljde klisterlagret med&#8230;<br \/>\n\t<img decoding=\"async\" alt=\"[Bild: lgn; K\u00f6ket]\" src=\"http:\/\/ngn.nu\/Pict\/2015\/151201-DSC00848-lgn-Koek.jpg\" style=\"width: 350px; height: 119px;\" title=\"lgn; K\u00f6ket\" \/>\n<\/p>\n<p>\n\tKlippa till en ny och s&aring; blev det mer koncentration p&aring; att klistret inte f&ouml;ljde med och det lyckades jag ju med :me:\n<\/p>\n<p>\n\t<span style=\"font-weight: bold;\">Lunch<\/span><br \/>\n\tEn bild p&aring; en relativt vanlig lunch, f&ouml;r min del.<br \/>\n\t<img decoding=\"async\" alt=\"[Bild: NGN, Mat]\" src=\"http:\/\/ngn.nu\/Pict\/2015\/151201-DSC00854-NGN-Food.jpg\" style=\"width: 350px; height: 259px;\" title=\"NGN, Mat\" \/><br \/>\n\tEn m&auml;ngd frysta och sedan &aring;ngkokade gr&ouml;nsaker.<br \/>\n\tN&aring;gra sm&aring; tomater.<br \/>\n\tEtt kokt &auml;gg.<br \/>\n\tDricker vatten till.<br \/>\n\tI samband med detta tar jag mina lunchmediciner ocks&aring;.\n<\/p>\n<p>\n\tTill frukost &aring;t jag ett kokt &auml;gg och lite kaviar till.\n<\/p>\n<p>\n\tTill mellanm&aring;l blir en eller tv&aring; frukter.<br \/>\n\t<img decoding=\"async\" alt=\"[Bild: NGN, Mat]\" src=\"http:\/\/ngn.nu\/Pict\/2015\/151201-DSC00852-NGN-Food.jpg\" style=\"width: 350px; height: 199px;\" title=\"NGN, Mat\" \/>\n<\/p>\n<p>\n\tH&aring;ller p&aring; att trappa ned kaffedrickandet. Jag &auml;r nu nere i en kopp p&aring; f&ouml;rmiddagen och en p&aring; eftermiddagen:<br \/>\n\t<img decoding=\"async\" alt=\"[Bild: NGN, Mat]\" src=\"http:\/\/ngn.nu\/Pict\/2015\/151201-DSC00853-NGN-Food.jpg\" style=\"width: 302px; height: 350px;\" title=\"NGN, Mat\" \/>\n<\/p>\n<p>\n\tTill kv&auml;llsmat blir det havregrynsgr&ouml;t med soyadryck.\n<\/p>\n<p>\n\t<span style=\"font-weight: bold; color: rgb(204, 0, 0);\">ttela<\/span><br \/>\n\tL&auml;ste tidningen under mitt lunch&auml;tande.<br \/>\n\tDet var en hel del jag reagerade p&aring; men jag valde ut f&ouml;ljande av den anledningen att vi, i v&aring;rt boende, &auml;r liksom personligt ber&ouml;rda.<br \/>\n\tDet &auml;r p&aring; sidan 9 (<span style=\"font-weight: bold; color: rgb(204, 0, 0);\">ttela<\/span> 1\/12-15) och rubriken &auml;r:<br \/>\n\t&quot;<span style=\"font-weight: bold; font-family: Helvetica,Arial,sans-serif;\">Bl&ouml;t h&ouml;st ger l&auml;gsta elpriset p&aring; 14 &aring;r<\/span>&quot;<br \/>\n\tOch s&aring; st&aring;r det en massa om hur mycket billig el som finns tillg&auml;nglig.<br \/>\n\tIg&aring;r fick jag ju ett <a href=\"https:\/\/blogg.ngn.nu\/index.php\/2015\/11\/30\/mandag-124\/#Vattenfall\" target=\"_blank\">svar<\/a>, fr&aring;n Vattenfall, av vilken anledning de egentligen h&ouml;jer priset &#8211; nu f&ouml;rst&aring;r jag varf&ouml;r &#8211; g&ouml;r Ni?<br \/>\n\tDe v&auml;ljer att dels l&auml;gga p&aring; en sk hanteringskostnad f&ouml;r elcerifikat och dels &ouml;ka den fasta kostnaden f&ouml;r eln&auml;tet. B&auml;gge dessa kan jag som kund inte p&aring;verka. Jag kan inte byta &auml;gare till ledningarna.<br \/>\n\tFruktansv&auml;rt d&aring;ligt agerande vad avser kundrelation.<br \/>\n\tVattenfall g&ouml;r ingen reell f&ouml;rlust &#8211; s&aring; de kostnads&ouml;kningarna &auml;r inte alls n&ouml;dv&auml;ndiga.<br \/>\n\tDe &#39;kr&auml;vs&#39; endast f&ouml;r att &ouml;ka <span style=\"text-decoration: underline;\">vinsten<\/span>.\n<\/p>\n<p>\n\t<span style=\"font-weight: bold;\">L&auml;kemedel<\/span><br \/>\n\tDet har ju varit en hel del kring l&auml;kemedlet Duac. Dels f&ouml;r att det inte ing&aring;r i h&ouml;gkostnadsskyddet dels f&ouml;r att det verkar vara ett &#39;r&auml;vgift&#39;.<br \/>\n\tOch s&aring; detta att det &#39;angriper&#39; kl&auml;der \/ textilier.<br \/>\n\tJag har nu 5 stycken sk fritidsskjortor som &auml;r &#39;f&ouml;rst&ouml;rda&#39;.<br \/>\n\tEtt exempel:<br \/>\n\t<img decoding=\"async\" alt=\"[Bild: NGN, En av 5 f\u00f6rst\u00f6rda fritidsskjortor]\" src=\"http:\/\/ngn.nu\/Pict\/2015\/151201-DSC00857-NGN-Clothes.jpg\" style=\"width: 263px; height: 350px;\" title=\"NGN, En av 5 f\u00f6rst\u00f6rda fritidsskjortor\" \/><br \/>\n\tOm det efter operationen finns ork s&aring; ska jag g&ouml;ra ett f&ouml;rs&ouml;k att f&ouml;rst bleka dem och sedan f&ouml;rs&ouml;ka f&auml;rga dem till n&aring;gon bl&aring;aktig kul&ouml;r.<br \/>\n\tI.o.m. att de &auml;r helsyntetiska, &#39;tyget&#39; &auml;r 100% Nylon och tr&aring;darna &auml;r 100% Polyester s&aring; &auml;r det knepigt, har jag f&ouml;rst&aring;tt.<br \/>\n\tNylon ska g&aring; att bleka och f&auml;rga. D&auml;remot verkar det som jag f&aring;r leva med att polyesters&ouml;mmarna beh&aring;ller sin gr&aring;beige f&auml;rg. Det kan jag leva med.<br \/>\n\tDock &auml;r jag lite gramse p&aring; dels sjukv&aring;rden och dels l&auml;kemedelsf&ouml;retaget LEO Pharma som &auml;r kass p&aring; att ans&ouml;ka (till <a href=\"http:\/\/www.tlv.se\/\" target=\"_blank\">TLV<\/a>) om att detta preparat ska f&aring; ing&aring; i h&ouml;gkostnadsskyddet. Inte en ans&ouml;kan finns registrerad. Inte avslag heller. Sjukv&aring;rden ska ha en k&auml;nga f&ouml;r att de f&ouml;rskriver ett preparat utan att meddela patienten att det inte omfattas av h&ouml;gkostnadsskyddet.\n<\/p>\n<p>\n\tNu st&aring;r det ju tydligt i bipacksedeln att bensylperoxid bleker kl&auml;der men jag undrar om jag inte likv&auml;l ska kontakta l&auml;kemedelsf&ouml;retaget LEO Pharma om sk&auml;lig ers&auml;ttning, f&ouml;r antingen nya skjortor eller f&ouml;r omf&auml;rgning.\n<\/p>\n<p>\n\t<span style=\"font-weight: bold;\">Fixat<\/span><br \/>\n\tNu &auml;r kablarna mellan TV \/ TiVo \/ DVD\/(VHS) &lt;&gt; h&ouml;rnan med &#39;tre-h&aring;l-i-v&auml;ggen&#39; och bredbandsmodemet &#39;samlade&#39;.\n<\/p>\n<p>\n\tBild p&aring; de vita ihopsamlade sk f&ouml;rslutare som ska anv&auml;ndas f&ouml;r att f&aring; ihop kablarna och s&aring; de handskar jag anv&auml;nder f&ouml;r att fr&auml;mst skydda mina sj&auml;lvsprickor.<br \/>\n\t<img decoding=\"async\" alt=\"[Bild: lgn: Vardagsrum]\" src=\"http:\/\/ngn.nu\/Pict\/2015\/151201-DSC00855-lgn-Vardagsrum.jpg\" style=\"width: 350px; height: 142px;\" title=\"lgn: Vardagsrum\" \/>\n<\/p>\n<p>\n\tF&ouml;re:<br \/>\n\t<img decoding=\"async\" alt=\"[Bild: lgn: Vardagsrum]\" src=\"http:\/\/ngn.nu\/Pict\/2015\/151201-DSC00856-lgn-Vardagsrum.jpg\" style=\"width: 350px; height: 162px;\" title=\"lgn: Vardagsrum\" \/>\n<\/p>\n<p>\n\tEfter:<br \/>\n\t<img decoding=\"async\" alt=\"[Bild: lgn: Vardagsrum]\" src=\"http:\/\/ngn.nu\/Pict\/2015\/151201-DSC00859-lgn-Vardagsrum.jpg\" style=\"width: 350px; height: 185px;\" title=\"lgn: Vardagsrum\" \/>\n<\/p>\n<p>\n\tNu kanske n&aring;gon undrar? Vad beror allt detta fixande p&aring;, just idag?<br \/>\n\tJo, f&ouml;r en egentligen inte definierad framtid s&aring; vet inte jag i vilken form jag kommer att vara i. D&auml;rf&ouml;r gjorde jag och hustrun en lista ig&aring;r, &ouml;ver s&aring;dant som det kan vara bra att jag fixar nu som jag sannolikt inte klarar efter operationen och under rehabliteringsperioden.<br \/>\n\tDessutom k&auml;nner jag mig duktig n&auml;r jag klarar av att fixa :me:\n<\/p>\n<p>\n\t<span style=\"font-weight: bold;\">Antibiotikaapplicering<\/span><br \/>\n\tDuttad p&aring; ryggen med l&ouml;sning Dalacin. &gt;&gt;: f&ouml;rhoppningsvis sista g&aring;ngen.\n<\/p>\n<p>\n\t<span style=\"font-weight: bold;\">Packat<\/span><br \/>\n\tD&aring; ska st&ouml;rre delen av packandet vara klart.\n<\/p>\n<p>\n\t<span style=\"font-weight: bold;\">LEGO<\/span><span style=\"font-weight: bold;\"> <\/span>(<a href=\"https:\/\/blogg.ngn.nu\/index.php\/2015\/11\/13\/fredag-129\/#42030\" target=\"_blank\">42030<\/a>)<br \/>\n\tFick lite tid &ouml;ver :me:<br \/>\n\t<img decoding=\"async\" alt=\"[Bild: LEGO 42030]\" src=\"http:\/\/ngn.nu\/Pict\/2015\/151201-DSC00860-LEGO-42030.jpg\" style=\"width: 183px; height: 250px;\" title=\"LEGO 42030\" \/><br \/>\n\tBild fr&aring;n byggbeskrivningen.\n<\/p>\n<p>\n\t<img decoding=\"async\" alt=\"[Bild: LEGO 42030]\" src=\"http:\/\/ngn.nu\/Pict\/2015\/151201-DSC00861-LEGO-42030.jpg\" style=\"width: 227px; height: 350px;\" title=\"LEGO 42030\" \/><br \/>\n\tKlar.\n<\/p>\n<p>\n\t<img decoding=\"async\" alt=\"[Bild: LEGO 42030]\" src=\"http:\/\/ngn.nu\/Pict\/2015\/151201-DSC00863-LEGO-42030.jpg\" style=\"width: 350px; height: 273px;\" title=\"LEGO 42030\" \/><br \/>\n\tP&aring; plats.\n<\/p>\n<p>\n\t<span style=\"font-weight: bold;\">Dusch<\/span><br \/>\n\t2:a av tredje dubbelduschen med Descutan.\n<\/p>\n<p>\n\t<small>(not 151205: &ouml;ppnade och byggde ihop lucka nr 1 i LEGO Star Wars Advent Calendar 2015 (<a href=\"http:\/\/brickset.com\/sets\/75097-1\/Star-Wars-Advent-Calendar\" target=\"_blank\">75097<\/a>) &amp; LEGO City Advent Calendar 2015 (<a href=\"http:\/\/brickset.com\/sets\/60099-1\/City-Advent-Calendar\" target=\"_blank\">60099<\/a>))<\/small><br \/>\n\t<span style=\"font-weight: bold;\">LEGO<\/span> Star Wars Advent Calendar 2015 (<a href=\"http:\/\/www.bricklink.com\/catalogItemIn.asp?S=75097-2&amp;in=S\" target=\"_blank\">75097-2<\/a>).<a name=\"75097_och_60099\"><\/a><br \/>\n\t<img decoding=\"async\" alt=\"[Bild: LEGO 75097]\" src=\"http:\/\/ngn.nu\/Pict\/2015\/151205-DSC00892-LEGO-75097.jpg\" style=\"width: 350px; height: 240px;\" title=\"LEGO 75097\" \/><br \/>\n\tFramsidan, o&ouml;ppnad.<\/p>\n<p>\t<img decoding=\"async\" alt=\"[Bild: LEGO 75097]\" src=\"http:\/\/ngn.nu\/Pict\/2015\/151205-DSC00893-LEGO-75097.jpg\" style=\"width: 350px; height: 240px;\" title=\"LEGO 75097\" \/><br \/>\n\t&Ouml;ppnad.<\/p>\n<p>\tLucka nr 1:<br \/>\n\t<img decoding=\"async\" alt=\"[Bild: LEGO 75097]\" src=\"http:\/\/ngn.nu\/Pict\/2015\/151205-DSC00894-LEGO-75097.jpg\" style=\"width: 303px; height: 350px;\" title=\"LEGO 75097\" \/><br \/>\n\tByggbeskrivningen.<\/p>\n<p>\t<img decoding=\"async\" alt=\"[Bild: LEGO 75097]\" src=\"http:\/\/ngn.nu\/Pict\/2015\/151205-DSC00895-LEGO-75097.jpg\" style=\"width: 350px; height: 206px;\" title=\"LEGO 75097\" \/><br \/>\n\tDelarna.<\/p>\n<p>\t<img decoding=\"async\" alt=\"[Bild: LEGO 75097]\" src=\"http:\/\/ngn.nu\/Pict\/2015\/151205-DSC00896-LEGO-75097.jpg\" style=\"width: 350px; height: 335px;\" title=\"LEGO 75097\" \/><br \/>\n\tF&auml;rdig.<br \/>\n\tEng: Jabba&#39;s Sail Barge<br \/>\n\tSwe: Jabba&#39;s Segelpr&aring;m<\/p>\n<p>\t3 bitar &ouml;ver:<br \/>\n\t1st M&ouml;rkt bl&aring;aktig platt 1&#215;1 med &#39;r&auml;ffla&#39; i underkanten (<a href=\"http:\/\/alpha.bricklink.com\/pages\/clone\/catalogitem.page?P=3070b&amp;idColor=85\" target=\"_blank\">3070b<\/a>)<br \/>\n\t1st R&ouml;dbrun sluttande 30&ordm; 1x1x(2\/3) (<a href=\"http:\/\/alpha.bricklink.com\/pages\/clone\/catalogitem.page?P=54200&amp;idColor=88\" target=\"_blank\">54200<\/a>)<br \/>\n\t1st Genomskinlig platt, rund 1&#215;1 rak sida (<a href=\"http:\/\/alpha.bricklink.com\/pages\/clone\/catalogitem.page?P=4073&amp;idColor=12\" target=\"_blank\">4073<\/a>)<br \/>\n\t&nbsp;\n<\/p>\n<hr \/>\n<p>\n\t<span style=\"font-weight: bold;\">LEGO<\/span> City Advent Calendar 2015 (<a href=\"https:\/\/alpha.bricklink.com\/pages\/clone\/catalogitem.page?S=60099-2&amp;#T=S&amp;O=%7B%7D\" target=\"_blank\">60099-2<\/a>).<br \/>\n\t<img decoding=\"async\" alt=\"[Bild: LEGO 60099]\" src=\"http:\/\/ngn.nu\/Pict\/2015\/151205-DSC00907-LEGO-60099.jpg\" style=\"width: 350px; height: 225px;\" title=\"LEGO 60099\" \/><br \/>\n\tFramsidan, o&ouml;ppnad.<\/p>\n<p>\t<img decoding=\"async\" alt=\"[Bild: LEGO 60099]\" src=\"http:\/\/ngn.nu\/Pict\/2015\/151205-DSC00908-LEGO-60099.jpg\" style=\"width: 350px; height: 292px;\" title=\"LEGO 60099\" \/><br \/>\n\t&Ouml;ppnad.<\/p>\n<p>\tLucka nr 1:<br \/>\n\t<img decoding=\"async\" alt=\"[Bild: LEGO 60099]\" src=\"http:\/\/ngn.nu\/Pict\/2015\/151205-DSC00909-LEGO-60099.jpg\" style=\"width: 333px; height: 350px;\" title=\"LEGO 60099\" \/><br \/>\n\tByggbeskrivningen.<\/p>\n<p>\t<img decoding=\"async\" alt=\"[Bild: LEGO 60099]\" src=\"http:\/\/ngn.nu\/Pict\/2015\/151205-DSC00910-LEGO-60099.jpg\" style=\"width: 350px; height: 208px;\" title=\"LEGO 60099\" \/><br \/>\n\tDelarna.<\/p>\n<p>\t<img decoding=\"async\" alt=\"[Bild: LEGO 60099]\" src=\"http:\/\/ngn.nu\/Pict\/2015\/151205-DSC00911-LEGO-60099.jpg\" style=\"width: 350px; height: 193px;\" title=\"LEGO 60099\" \/><br \/>\n\tF&auml;rdig.<br \/>\n\tEng: Mini Remote-Controlled Cars<br \/>\n\tSwe: Mini Radiostryrda Bilar<\/p>\n<p>\t5 bitar &ouml;ver:<br \/>\n\t1st Svart Spak med Svart Bas (<a href=\"http:\/\/alpha.bricklink.com\/pages\/clone\/catalogitem.page?P=4592c02&amp;idColor=11\" target=\"_blank\">4592c02<\/a>)<br \/>\n\t1st Svart Platt, Rund 1&#215;1 med rak sida (<a href=\"http:\/\/alpha.bricklink.com\/pages\/clone\/catalogitem.page?P=4073&amp;idColor=11\" target=\"_blank\">4073<\/a>)<br \/>\n\t1st Genomskinlig sluttande 30&ordm; 1x1x(2\/3) (<a href=\"http:\/\/alpha.bricklink.com\/pages\/clone\/catalogitem.page?P=54200&amp;idColor=12\" target=\"_blank\">54200<\/a>)<br \/>\n\t1st Gr&ouml;nt genomskinlig Platt, Rund 1&#215;1 med rak sida (<a href=\"http:\/\/alpha.bricklink.com\/pages\/clone\/catalogitem.page?P=4073&amp;idColor=20\" target=\"_blank\">4073<\/a>)<br \/>\n\t1st R&ouml;d genomskinlig Platt, Rund 1&#215;1 med rak sida (<a href=\"http:\/\/alpha.bricklink.com\/pages\/clone\/catalogitem.page?P=4073&amp;idColor=17\" target=\"_blank\">4073<\/a>)\n<\/p>\n<p>\n\t<strong>H&auml;lsol&auml;get<\/strong>:<br \/>\n\tMorgon: OK. Dubbelduschat med Descutan g&aring;ng 1 av 3.<br \/>\n\tDagen: OK &#8211; men det var f&ouml;rf&auml;rligt vad mycket det &auml;r att t&auml;nka p&aring; inf&ouml;r i morgon &#8211; operationsdag. Sist jag opererades, steloperation i nacken, C4-C6, i september 2005 s&aring; &aring;kte jag till sjukhuset (Sahlgrenska) p&aring; senare delen av eftermiddagen. Dagen innan operationen.<br \/>\n\tNu blir det operation s&aring; snart jag v&auml;l kommit till v&aring;rdavdelningen (08:30). N&aring;gon g&aring;ng kort d&auml;refter.<br \/>\n\tKv&auml;llen: Lite st&ouml;rd &auml;r jag&#8230;<br \/>\n\t<small>[<span title=\"VAS-skalan (grad av v\u00e4rk; 0=ingen v\u00e4rk och 10 \u00e4r outh\u00e4rdlig\">04<\/span>&#8211;<span title=\"Psykisk stabilitet 0=totaldeppig, 10=skitglad\">07<\/span>&#8211;<span title=\"Matintag - procent bra\">090<\/span>&#8211;<span title=\"Motion - procent bra\">001<\/span>] 87,1(-0,6) :up:<\/small><\/p>\n","protected":false},"excerpt":{"rendered":"<p>Morgon: S&ouml;mn OK. Morgonens fotografering av plitorna p&aring; ryggen avklarade. Duschade f&ouml;rsta, av tre Descutan dubbelduschar. K&auml;nns lite f&aring;nigt att duscha, tv&aring;la in sig, g&aring; ur duschen, torka sig torr och sedan in i duschen igen och upprepa&#8230; Fotograferade ryggen &hellip; <a href=\"https:\/\/blogg.ngn.nu\/index.php\/2015\/12\/01\/tisdag-118\/\">Forts\u00e4tt l\u00e4sa <span class=\"meta-nav\">&rarr;<\/span><\/a><\/p>\n","protected":false},"author":1,"featured_media":0,"comment_status":"open","ping_status":"closed","sticky":false,"template":"","format":"standard","meta":{"footnotes":""},"categories":[371,1011,131,1037,914,448,839,183,544],"tags":[476,794,991,284,1001],"class_list":["post-10699","post","type-post","status-publish","format-standard","hentry","category-data","category-elektricitet","category-foto","category-hobby","category-hygien","category-halsa","category-handighet","category-kost","category-wiki","tag-geocache","tag-lego","tag-lgn172-renovering","tag-lakemedel","tag-publicerat-aldre-inlagg"],"_links":{"self":[{"href":"https:\/\/blogg.ngn.nu\/index.php\/wp-json\/wp\/v2\/posts\/10699","targetHints":{"allow":["GET"]}}],"collection":[{"href":"https:\/\/blogg.ngn.nu\/index.php\/wp-json\/wp\/v2\/posts"}],"about":[{"href":"https:\/\/blogg.ngn.nu\/index.php\/wp-json\/wp\/v2\/types\/post"}],"author":[{"embeddable":true,"href":"https:\/\/blogg.ngn.nu\/index.php\/wp-json\/wp\/v2\/users\/1"}],"replies":[{"embeddable":true,"href":"https:\/\/blogg.ngn.nu\/index.php\/wp-json\/wp\/v2\/comments?post=10699"}],"version-history":[{"count":3,"href":"https:\/\/blogg.ngn.nu\/index.php\/wp-json\/wp\/v2\/posts\/10699\/revisions"}],"predecessor-version":[{"id":10727,"href":"https:\/\/blogg.ngn.nu\/index.php\/wp-json\/wp\/v2\/posts\/10699\/revisions\/10727"}],"wp:attachment":[{"href":"https:\/\/blogg.ngn.nu\/index.php\/wp-json\/wp\/v2\/media?parent=10699"}],"wp:term":[{"taxonomy":"category","embeddable":true,"href":"https:\/\/blogg.ngn.nu\/index.php\/wp-json\/wp\/v2\/categories?post=10699"},{"taxonomy":"post_tag","embeddable":true,"href":"https:\/\/blogg.ngn.nu\/index.php\/wp-json\/wp\/v2\/tags?post=10699"}],"curies":[{"name":"wp","href":"https:\/\/api.w.org\/{rel}","templated":true}]}}