{"id":10659,"date":"2015-11-25T20:24:07","date_gmt":"2015-11-25T19:24:07","guid":{"rendered":"http:\/\/blogg.ngn.nu\/?p=10659"},"modified":"2015-12-05T09:37:49","modified_gmt":"2015-12-05T08:37:49","slug":"onsdag-118","status":"publish","type":"post","link":"https:\/\/blogg.ngn.nu\/index.php\/2015\/11\/25\/onsdag-118\/","title":{"rendered":"Onsdag"},"content":{"rendered":"<p>\n\tMorgon: S&ouml;mn OK.\n<\/p>\n<p>\n\tMorgonens fotografering och antibiotikabaddning av plitorna p&aring; ryggen avklarade.\n<\/p>\n<p>\n\t<span style=\"font-weight: bold;\">V&auml;der<\/span><br \/>\n\tKallt &amp; bl&ouml;tt.\n<\/p>\n<p>\n\t<span style=\"font-weight: bold;\">F&aring;gelmataren<\/span><br \/>\n\t<img decoding=\"async\" alt=\"[Bild: lgn; Utsidan, Framsida, F\u00e5gelmataren]\" src=\"http:\/\/ngn.nu\/Pict\/2015\/151125-DSC07077-lgn-Utsida-Framsida-BirdFeeder-h350.jpg\" style=\"width: 234px; height: 350px;\" title=\"lgn; Utsidan, Framsida, F\u00e5gelmataren\" \/><br \/>\n\tPilen pekar p&aring; en Talgoxe.\n<\/p>\n<p>\n\t<img decoding=\"async\" alt=\"[Bild: lgn; Utsidan, Framsida, F\u00e5gelmataren]\" src=\"http:\/\/ngn.nu\/Pict\/2015\/151125-DSC07079-lgn-Utsida-Framsida-BirdFeeder-h350.jpg\" style=\"width: 234px; height: 350px;\" title=\"lgn; Utsidan, Framsida, F\u00e5gelmataren\" \/><br \/>\n\tF&ouml;rsta dokumenterade Pilfinkarna &#8211; f&ouml;r s&auml;songen.\n<\/p>\n<p>\n\t<span style=\"font-weight: bold;\">Spine Center GBG<\/span><br \/>\n\tRingde Mia och hon ringde tillbaka, ganska snabbt. Hon hade varit i kontakt med (t&auml;nkt) opererande doktor. Och jag var v&auml;lkommen till m&aring;ndag 30\/11-15. D&aring; skulle Dr titta p&aring; ryggen.<br \/>\n\tJag fick ju ett slags klartecken fr&aring;n hudl&auml;karen &#8211; om jag forts&auml;tter med nuvarande antibiotikabehandling vilken jag har tagit sedan den 25\/9-15&#8230;\n<\/p>\n<p>\n\t<span style=\"font-weight: bold;\">L&auml;kemedel<\/span><br \/>\n\tBest&auml;ller en ny omg&aring;ng antibiotika (kapslarna).<br \/>\n\tH&auml;mtar ut en ny, f&ouml;r mig, sort emot psoriasis; Salva Daivobet.<br \/>\n\tSkriver ett meddelande till min VC-Dr.\n<\/p>\n<p>\n\tGl&ouml;mde meddela att Spine Center vill ha remisssvaret fr&aring;n Hudmottagningen, per pronto. (Gjort, tror jag&#8230;)\n<\/p>\n<p>\n\t<span style=\"font-weight: bold;\">Utsidan<a id=\"BaksidansJulMysBelysning\" name=\"BaksidansJulMysBelysning\"><\/a><\/span><br \/>\n\tNu har vi fixat utomhusJulBelysning b&aring;de p&aring; framsidan och baksidan.<br \/>\n\tBaksidan var det inget kr&aring;ngel med samma som sist<br \/>\n\t<img decoding=\"async\" alt=\"[Bild: lgn; Utsidan, Baksida, JulMysBelysning]\" src=\"http:\/\/ngn.nu\/Pict\/2015\/151125-DSC00741-Utsida-Baksida-Belysning-w350.jpg\" style=\"width: 350px; height: 94px;\" title=\"lgn; Utsidan, Baksida, JulMysBelysning\" \/><br \/>\n\tGivetvis g&aring;r det att ta b&auml;ttre bild men jag orkade inte&#8230;\n<\/p>\n<p>\n\tFramsidan bj&ouml;d p&aring; lite mer trixande. Vi var ju p&aring; coop ig&aring;r och k&ouml;pte belysningsslinga och f&ouml;rl&auml;ngningskabel.<br \/>\n\tDet r&auml;ckte inte.<br \/>\n\tFick &aring;ka iv&auml;g och k&ouml;pa en ytterligare f&ouml;rl&auml;ngningskabel. 10m till men jag beh&ouml;vde bara 6m egentligen men det fanns inte och jag har inte ork att r&auml;nna runt och leta.<br \/>\n\t<img decoding=\"async\" alt=\"[Bild: lgn; Utsidan, Framsida, JulMysBelysning]\" src=\"http:\/\/ngn.nu\/Pict\/2015\/151125-DSC00736-Utsida-Framsida-Belysning-w350.jpg\" style=\"width: 350px; height: 200px;\" title=\"lgn; Utsidan, Framsida, JulMysBelysning\" \/><br \/>\n\tFick anstr&auml;nga mig lite extar vid kabeldragningen. Vi vill ju inte snubbla p&aring; kabeln s&aring; jag petade ned den i plattskarvarna (pilarna).<br \/>\n\tPilen l&auml;ngst till v&auml;nster pekar p&aring; var de 10m tog slut (kontakten). Det &auml;er ca 4 meter kvar till sj&auml;lva belysningskontakten. D&auml;rf&ouml;r k&ouml;ptes en till.<br \/>\n\t<img decoding=\"async\" alt=\"[Bild: lgn; Utsidan, Framsida, JulMysBelysning]\" src=\"http:\/\/ngn.nu\/Pict\/2015\/151125-DSC00737-Utsida-Framsida-Belysning-w350.jpg\" style=\"width: 350px; height: 344px;\" title=\"lgn; Utsidan, Framsida, JulMysBelysning\" \/><br \/>\n\tMera 10m kabel.\n<\/p>\n<p>\n\t<img decoding=\"async\" alt=\"[Bild: lgn; Utsidan, Framsida, JulMysBelysning]\" src=\"http:\/\/ngn.nu\/Pict\/2015\/151125-DSC00739-Utsida-Framsida-Belysning-w350.jpg\" style=\"width: 265px; height: 350px;\" title=\"lgn; Utsidan, Framsida, JulMysBelysning\" \/><br \/>\n\tS&aring;ja, det lyser :me:<br \/>\n\tI morgon ska jag r&auml;tta till den s&aring; att den &auml;r smal upptill och blir bredare nedtill. Nu &auml;r den n&auml;stan liksom tv&auml;rtom&#8230;\n<\/p>\n<p>\n\t<span style=\"font-weight: bold;\">LEGO<\/span><br \/>\n\tF&ouml;ljande oplanerade &#39;leksaker&#39; f&ouml;ljde ocks&aring; med hem:<br \/>\n\t<img decoding=\"async\" alt=\"[Bild: LEGO 75110]\" src=\"http:\/\/ngn.nu\/Pict\/2015\/151125-DSC00747-LEGO-75110-h350.jpg\" style=\"width: 216px; height: 350px;\" title=\"lgn; LEGO 75110\" \/><br \/>\n\tStar Wars, Luke Skywalker 75110.\n<\/p>\n<p>\n\t<img decoding=\"async\" alt=\"[Bild: LEGO 60099]\" src=\"http:\/\/ngn.nu\/Pict\/2015\/151125-DSC00748-LEGO-60099-w350.jpg\" style=\"width: 350px; height: 262px;\" title=\"lgn; LEGO 60099\" \/><br \/>\n\t2015 CITY Adventskalender 60099.\n<\/p>\n<p>\n\t<span style=\"font-weight: bold;\">Mera L&auml;kemedel<\/span><br \/>\n\tT&auml;nkte att jag skulle passa p&aring; att ta ut lite l&auml;kemedel &aring; n&auml;rliggande apoteket Kronan. &Ouml;verby K&ouml;pcenter.<br \/>\n\tJag b&ouml;rjar bli van vid nu att de inte har de l&auml;kemedel som doktorerna f&ouml;rskriver till mig.<br \/>\n\tDe hade varken Duac (i f&ouml;rskriven storlek) eller den nya salvan Daviobet.<br \/>\n\tDet blev till att &aring;ka in till apoteket Tranan p&aring; Sundsgatan i V&auml;nersborg, d&auml;r hade de vad jag skulle ha. Det brukar de ha. Lika bra att satsa p&aring; dem med en g&aring;ng, n&auml;sta g&aring;ng, s&aring; vi slipper on&ouml;diga milj&ouml;utsl&auml;pp.\n<\/p>\n<p>\n\t<span style=\"font-weight: bold;\">Fixar<\/span><br \/>\n\tHustruns h&ouml;j &amp; s&auml;nkbara databord har lagt av igen. L&ouml;dde f&ouml;r d&aring;ligt sist, tydligen.<br \/>\n\t&#39;Den&#39; var loss igen&#8230;<br \/>\n\t<img decoding=\"async\" alt=\"[Bild: lgn; Sovrummet, H\u00f6j- &amp; s\u00e4nkbara skrivbordet]\" src=\"http:\/\/ngn.nu\/Pict\/2015\/151125-DSC00742-lgn-Sovrum-UpDownTable-w350.jpg\" style=\"width: 350px; height: 289px;\" title=\"lgn; Sovrummet, H\u00f6j- &amp; s\u00e4nkbara skrivbordet\" \/><br \/>\n\tL&ouml;s del som ska l&ouml;das fast.\n<\/p>\n<p>\n\t<img decoding=\"async\" alt=\"[Bild: lgn; Sovrummet, H\u00f6j- &amp; s\u00e4nkbara skrivbordet]\" src=\"http:\/\/ngn.nu\/Pict\/2015\/151125-DSC00743-lgn-Sovrum-UpDownTable-w350.jpg\" style=\"width: 350px; height: 182px;\" title=\"lgn; Sovrummet, H\u00f6j- &amp; s\u00e4nkbara skrivbordet\" \/><br \/>\n\tMin l&ouml;dkolv eller l&ouml;dpenna.\n<\/p>\n<p>\n\t<img decoding=\"async\" alt=\"[Bild: lgn; Sovrummet, H\u00f6j- &amp; s\u00e4nkbara skrivbordet]\" src=\"http:\/\/ngn.nu\/Pict\/2015\/151125-DSC00744-lgn-Sovrum-UpDownTable-w350.jpg\" style=\"width: 350px; height: 273px;\" title=\"lgn; Sovrummet, H\u00f6j- &amp; s\u00e4nkbara skrivbordet\" \/><br \/>\n\t&frac12; klart.\n<\/p>\n<p>\n\t<img decoding=\"async\" alt=\"[Bild: lgn; Sovrummet, H\u00f6j- &amp; s\u00e4nkbara skrivbordet]\" src=\"http:\/\/ngn.nu\/Pict\/2015\/151125-DSC00745-lgn-Sovrum-UpDownTable-w350.jpg\" style=\"width: 350px; height: 282px;\" title=\"lgn; Sovrummet, H\u00f6j- &amp; s\u00e4nkbara skrivbordet\" \/><br \/>\n\tDe sista tv&aring; sm&aring; l&ouml;dningarna.\n<\/p>\n<p>\n\t<img decoding=\"async\" alt=\"[Bild: lgn; Sovrummet, H\u00f6j- &amp; s\u00e4nkbara skrivbordet]\" src=\"http:\/\/ngn.nu\/Pict\/2015\/151125-DSC00746-lgn-Sovrum-UpDownTable-w250.jpg\" style=\"width: 250px; height: 236px;\" title=\"lgn; Sovrummet, H\u00f6j- &amp; s\u00e4nkbara skrivbordet\" \/><br \/>\n\tKlart och fungerar :me:\n<\/p>\n<p>\n\t<span style=\"font-weight: bold;\">ComHem<\/span><br \/>\n\tBeh&ouml;ver en adapter mellan tv&aring; kabelTVkablar (ComHem \/ FiberKoax) eller en l&auml;ngre kabel&#8230;<br \/>\n\tMedf&ouml;ljande kabelTVkabel fr&aring;n TiVo till modem r&auml;cker inte. F&ouml;rs&ouml;ker hitta en adapter som kan koppla ihop tv&aring;. Jag har tv&aring; p&aring; 3 meter. Beh&ouml;ver en p&aring; 5 meter.<br \/>\n\tVerkar som om Kjell&amp;Company kan ha &#8211; f&aring;r ta mig en tur dit i morgon, kanske.<br \/>\n\tBilen ska ju l&auml;mnas in f&ouml;r bed&ouml;ming av skada &aring; underredet.\n<\/p>\n<p>\n\tSkickade f&ouml;ljande fr&aring;ga till ComHem:<br \/>\n\t&quot;<span style=\"font-style: italic;\">Har f&aring;tt tv&aring; l&aring;dor. En med ett h&ouml;ghastighetsmodem och en med TiVo. KabelTVkabeln (FiberKoax) &auml;r f&ouml;r kort. Jag har dock en likadan och lika l&aring;ng f&ouml;r mitt &#39;gamla&#39; modem (ca 1&aring;r &#39;gammalt) &#8211; hur l&ouml;ser jag detta p&aring; b&auml;sta vis?<\/span><br \/>\n\t<span style=\"font-style: italic;\">En annan fr&aring;ga. Ni rekommenderar kat6 (datakabeln) men ni har skickat med en kat5e. Hur ska ni hade det med det?<\/span>&quot;\n<\/p>\n<p>\n\t<span style=\"font-weight: bold;\">Anteckningar<\/span><br \/>\n\t<a href=\"https:\/\/blogg.ngn.nu\/index.php\/2015\/11\/24\/tisdag-117\/\" target=\"_blank\">25\/11-15<\/a> <small>(Publicerat g&aring;rdagens inl&auml;gg)<\/small>\n<\/p>\n<p>\n\t<strong>H&auml;lsol&auml;get<\/strong>:<br \/>\n\tMorgon: OK. Kanske n&aring;got mner tr&ouml;tt &auml;n vanligt. Kan bero p&aring; g&aring;rdagens &#39;matmissbruk&#39; :me:<br \/>\n\tDagen: OK.<br \/>\n\tKv&auml;llen: OK.<br \/>\n\t<small>[<span title=\"VAS-skalan (grad av v\u00e4rk; 0=ingen v\u00e4rk och 10 \u00e4r outh\u00e4rdlig\">04<\/span>&#8211;<span title=\"Psykisk stabilitet 0=totaldeppig, 10=skitglad\">08<\/span>&#8211;<span title=\"Matintag - procent bra\">080<\/span>&#8211;<span title=\"Motion - procent bra\">001<\/span>] 89,9(+0,2) :down:<\/small><\/p>\n","protected":false},"excerpt":{"rendered":"<p>Morgon: S&ouml;mn OK. Morgonens fotografering och antibiotikabaddning av plitorna p&aring; ryggen avklarade. V&auml;der Kallt &amp; bl&ouml;tt. F&aring;gelmataren Pilen pekar p&aring; en Talgoxe. F&ouml;rsta dokumenterade Pilfinkarna &#8211; f&ouml;r s&auml;songen. Spine Center GBG Ringde Mia och hon ringde tillbaka, ganska snabbt. Hon &hellip; <a href=\"https:\/\/blogg.ngn.nu\/index.php\/2015\/11\/25\/onsdag-118\/\">Forts\u00e4tt l\u00e4sa <span class=\"meta-nav\">&rarr;<\/span><\/a><\/p>\n","protected":false},"author":1,"featured_media":0,"comment_status":"open","ping_status":"closed","sticky":false,"template":"","format":"standard","meta":{"footnotes":""},"categories":[755,371,90,1037,448,809,1010,1012],"tags":[639,719,794,284,1001],"class_list":["post-10659","post","type-post","status-publish","format-standard","hentry","category-boende","category-data","category-eksem","category-hobby","category-halsa","category-landrygg","category-psoriasis","category-tv","tag-comhem","tag-fixa","tag-lego","tag-lakemedel","tag-publicerat-aldre-inlagg"],"_links":{"self":[{"href":"https:\/\/blogg.ngn.nu\/index.php\/wp-json\/wp\/v2\/posts\/10659","targetHints":{"allow":["GET"]}}],"collection":[{"href":"https:\/\/blogg.ngn.nu\/index.php\/wp-json\/wp\/v2\/posts"}],"about":[{"href":"https:\/\/blogg.ngn.nu\/index.php\/wp-json\/wp\/v2\/types\/post"}],"author":[{"embeddable":true,"href":"https:\/\/blogg.ngn.nu\/index.php\/wp-json\/wp\/v2\/users\/1"}],"replies":[{"embeddable":true,"href":"https:\/\/blogg.ngn.nu\/index.php\/wp-json\/wp\/v2\/comments?post=10659"}],"version-history":[{"count":8,"href":"https:\/\/blogg.ngn.nu\/index.php\/wp-json\/wp\/v2\/posts\/10659\/revisions"}],"predecessor-version":[{"id":10712,"href":"https:\/\/blogg.ngn.nu\/index.php\/wp-json\/wp\/v2\/posts\/10659\/revisions\/10712"}],"wp:attachment":[{"href":"https:\/\/blogg.ngn.nu\/index.php\/wp-json\/wp\/v2\/media?parent=10659"}],"wp:term":[{"taxonomy":"category","embeddable":true,"href":"https:\/\/blogg.ngn.nu\/index.php\/wp-json\/wp\/v2\/categories?post=10659"},{"taxonomy":"post_tag","embeddable":true,"href":"https:\/\/blogg.ngn.nu\/index.php\/wp-json\/wp\/v2\/tags?post=10659"}],"curies":[{"name":"wp","href":"https:\/\/api.w.org\/{rel}","templated":true}]}}