{"id":1064,"date":"2010-06-30T00:01:38","date_gmt":"2010-06-29T22:01:38","guid":{"rendered":"http:\/\/blogg.ngn.nu\/index.php\/2010\/06\/30\/kampingdag-1-av\/"},"modified":"2010-07-04T20:24:03","modified_gmt":"2010-07-04T18:24:03","slug":"kampingdag-1-av","status":"publish","type":"post","link":"https:\/\/blogg.ngn.nu\/index.php\/2010\/06\/30\/kampingdag-1-av\/","title":{"rendered":"Kampingdag 1 av 4"},"content":{"rendered":"<p><span style=\"font-weight: bold\">Planering<\/span>:<br \/>\nFrukost<br \/>\nKollar sm\u00e5djurslivet<br \/>\nSlappar<br \/>\nLunch<br \/>\nSlappar<br \/>\nSkriver ev lite<br \/>\nKv\u00e4llsmat<br \/>\nSlappar<br \/>\nNatten<\/p>\n<hr style=\"width: 100%; height: 2px\" \/>\n<p><span style=\"font-weight: bold\">S\u00e5 h\u00e4r blev det<\/span>:<\/p>\n<p>07:20<br \/>\ns\u00f6mn; ok men varierande.<\/p>\n<p>08:00 \u00f6ppnar butiken s\u00e5 man kan g\u00e5 och k\u00f6pa sig lite frukost.<\/p>\n<p>Det har sm\u00e5regnat och regnat ordentligt hela natten.<\/p>\n<p>N\u00e4rmsta t\u00e4ltgrannarna, ett par fr\u00e5n England sade, i g\u00e5r kv\u00e4ll, att det skulle regna hela dagen idag.<\/p>\n<p>Det h\u00e4r regnandet ing\u00e5r inte i min plan och visades inte p\u00e5 de v\u00e4derprognoser jag studerade. Men det l\u00f6ser sig, jag har ju regnkl\u00e4der med mig.<\/p>\n<p>Ig\u00e5r kv\u00e4ll. T\u00e4nkte jag s\u00e4tta upp det s.k. framtaket p\u00e5 t\u00e4ltet (\u00f6ppningen), d\u00e5 visade det sig att det fattades en mellanpinne f\u00f6r ena &#8217;staven&#8217;. Kan inte begripa vart den tagit v\u00e4gen? Antingen ligger den n\u00e5gonstans under t\u00e4ltet eller under n\u00e5gon v\u00e4ska.<br \/>\nEller n\u00e5gon annanstans&#8230;<\/p>\n<p>Ig\u00e5r n\u00e4r jag gjorde ett letande s\u00e5 st\u00f6ttade jag mig p\u00e5 kampingbordet. D\u00e5 f\u00e4llde det ihop sig och det som var p\u00e5 hamnade p\u00e5 backen. Som tur var s\u00e5 var det inte s\u00e5 mycket, p\u00e5 bordet. Lite chips och en skv\u00e4tt \u00f6l.<\/p>\n<p>Just nu (07:32) regnar det inte. Det verkar bli en dag med skurar eller s\u00e5 utvecklar det sig till en dag med regn.<\/p>\n<p>Blir det regndag s\u00e5 har jag en bok med mig som jag kan roa mig med. B\u00e5de en vanlig pocket och en talbok.<\/p>\n<p>Kanske &#8217;kryper jag till korset&#8217; och betalar en internetuppkoppling och s\u00e4tter mig i receptionscaf\u00e9t.<\/p>\n<p>Uppdaterar bloggen och kollar lite p\u00e5 min sl\u00e4ktforskning (attan den databasen ligger ju p\u00e5 den station\u00e4ra datorn) men jag tror att jag har med mig allt (st\u00f6rre delen) av k\u00e4llmaterialet p\u00e5 USB-minne.<\/p>\n<p>Nu ska jag kl\u00e4 mig och ta mig ned till butiken och inhandla lite frukost.<\/p>\n<p>K\u00f6pte 2st minibaguetter, 1 st minitub med kaviar, 1 pkt mini Bregott. En risifrutti och G\u00f6teborgsposten.<\/p>\n<p>Efter frukosten knatade jag upp till k\u00f6ket i gemensamhetsanl\u00e4ggningen och kokade lite kaffevatten.<\/p>\n<p>Sm\u00e5regnat p\u00e5 fm.<\/p>\n<p>Lade mig f\u00f6r att vila. Sk\u00f6nt. Sedan kom solen, d\u00e5 blev det varmt, v\u00e4ldigt varmt och sedan blev det mulet. Sv\u00e5rt med s\u00e5dana v\u00e4xlingar n\u00e4r man vill sova lite. Dessutom verkade vinden \u00f6ka s\u00e5 det &#8217;flaxade&#8217; i t\u00e4ltet mer \u00e4n vad jag upplevde som tryggt.<\/p>\n<p>Ut \u00e5 f\u00e4sta lite linor.<\/p>\n<p>Satte upp &#8217;framtaken&#8217; \u00e4ven om det nu lutar p.g.a. att en sektion saknas i det ena staget (pinnen).<\/p>\n<p>F\u00f6rra \u00e5ret best\u00e4llde jag sj\u00e4lvlysande gr\u00f6na t\u00e4ltsn\u00f6ren. Anv\u00e4nde dem och s\u00e5 bytte jag ut tv\u00e5 p\u00e5 framsidan som vi vanligtvis brukar snubbla p\u00e5.<\/p>\n<p>Hade med mig en p\u00e5se med k\u00f6tt, som hustrun stekte i f\u00f6rrg\u00e5r. Det blev nu lunch.<\/p>\n<p>Varit uppe och kokat kaffevatten. Bra motion med r\u00e4nnandet upp och ned.<\/p>\n<p>Tidningen &#8217;s\u00e4ger&#8217; att v\u00e4dret i morgon ska bli som idag men p\u00e5 fredag ska det bli helsol.<\/p>\n<p>Dricker kaffe och antecknar lite.<\/p>\n<p>Ska ta \u00e5 titta lite i del 2 av GP.<\/p>\n<p>GP sid 42 20 juni 2010 Ekonomi &#8211; Politik. Citat:<br \/>\n&#8221;<span style=\"font-weight: bold; font-style: italic\">Snabbare handl\u00e4ggning av sjukskrivna<\/span><br style=\"font-style: italic\" \/> <span style=\"font-style: italic\">Sjukskrivningarna har blivit kortare med de nya sjukskrivningsreglerna, den s\u00e5 kallade rehabiliteringskedjan, skriver F\u00f6rs\u00e4kringskassan i en rapport till regeringen. Antalet p\u00e5b\u00f6rjade sjukfall har samtidigt minskat.<\/span><br style=\"font-style: italic\" \/> <span style=\"font-style: italic\">Sedan rehabiliteringskedjan inf\u00f6rdes i juli 2008 har handl\u00e4ggningen av sjukskrivna f\u00f6rb\u00e4ttrats, anser F\u00f6rs\u00e4kringskassan.<\/span><br style=\"font-style: italic\" \/> <span style=\"font-style: italic\">Andelen \u00f6verl\u00e4mningsm\u00f6ten med Arbetsf\u00f6rmedlingen har till exempel \u00f6kat kraftigt, medan andelen personer som l\u00e4mnat tidsbegr\u00e4nsad sjukers\u00e4ttning och g\u00e5tt \u00f6ver till Arbetsf\u00f6rmedlingen har f\u00f6rdubblats. (TT)<\/span>&#8221;<\/p>\n<p>Tja, vad \u00e4r det i detta jag reflekterar \u00f6ver? Det h\u00e4r:<\/p>\n<p>&#8221;<span style=\"font-style: italic\">Sjukskrivningarna har blivit kortare med de nya sjukskrivningsreglerna, den s\u00e5 kallade rehabiliteringskedjan, skriver F\u00f6rs\u00e4kringskassan i en rapport till regeringen.<\/span>&#8221;<br \/>\n<span style=\"text-decoration: underline\">Min reflektion<\/span>:<br \/>\n\u00c4r det konstigt? F\u00f6rv\u00e5nande? Det kan v\u00e4l inte bli p\u00e5 n\u00e5got annat vis med de reglerna? Tiden som du till\u00e5ts vara sjukskriven \u00e4r ju numer begr\u00e4nsad enligt lag.<\/p>\n<p>&#8221;<span style=\"font-style: italic\">Antalet p\u00e5b\u00f6rjade sjukfall har samtidigt minskat.<\/span>&#8221;<br \/>\n<span style=\"text-decoration: underline\">Min reflektion<\/span>:<br \/>\nMig veterligen beror det p\u00e5 att F\u00f6rs\u00e4kringskassan inte godk\u00e4nner sjukskrivningarna. Folk har allts\u00e5 INTE blivit mindre sjuka.<\/p>\n<p>&#8221;<span style=\"font-style: italic\">Sedan rehabiliteringskedjan inf\u00f6rdes i juli 2008 har handl\u00e4ggningen av sjukskrivna f\u00f6rb\u00e4ttrats, anser F\u00f6rs\u00e4kringskassan.<\/span>&#8221;<br \/>\n<span style=\"text-decoration: underline\">Min reflektion<\/span>:<br \/>\nVilka har de fr\u00e5gat d\u00e5?<\/p>\n<p>&#8221;<span style=\"font-style: italic\">Andelen \u00f6verl\u00e4mningsm\u00f6ten med Arbetsf\u00f6rmedlingen har till exempel \u00f6kat kraftigt,<\/span>&#8221;<br \/>\n<span style=\"text-decoration: underline\">Min reflektion<\/span>:<br \/>\n\u00c4r det bra att det blir fler administrativa m\u00f6ten?<br \/>\nBetyder detta att de som \u00f6verl\u00e4mnas verkligen \u00e4r arbetsf\u00f6ra?<\/p>\n<p>&#8221;<span style=\"font-style: italic\">&#8230; medan andelen personer som l\u00e4mnat tidsbegr\u00e4nsad sjukers\u00e4ttning och g\u00e5tt \u00f6ver till Arbetsf\u00f6rmedlingen har f\u00f6rdubblats.<\/span>&#8221;<br \/>\n<span style=\"text-decoration: underline\">Min reflektion<\/span>:<br \/>\nDe har inte haft n\u00e5got val!<\/p>\n<p>Blev tr\u00f6tt. Lade mig f\u00f6r eftermiddagsvila.<\/p>\n<p>Klockan b\u00f6rjade n\u00e4rma sig 18:00. Dags f\u00f6r middag. Nu ska nya grillen invigas.<\/p>\n<p>Placerade den en bit bort fr\u00e5n t\u00e4ltet, man vet ju aldrig&#8230;<\/p>\n<p>V\u00e4rmde upp kolen med en &#8217;EL-gl\u00f6dgaffel&#8217;, n\u00e4r jag nu \u00e4nd\u00e5 har tillg\u00e5ng till el s\u00e5&#8230;<\/p>\n<p>Det blev varmt och bra. Grillade alla 10 korvarna och \u00e5t upp 8. Drack Cola till.<\/p>\n<p>Satt uppe och l\u00e4ste en stund. Fortsatte sedan l\u00e4sandet inne i t\u00e4ltet, p\u00e5 luftmadrassen (s\u00e4ngen). Blev tr\u00f6tt och somnade tidigt.<\/p>\n<p><strong>H\u00e4lsol\u00e4get<\/strong>:<br \/>\nTr\u00f6ttsamt men rolig. V\u00e4rker och jag har sv\u00e5rt med vertikala f\u00f6rflyttningar. Jag \u00e4r svag i armar och ben. Styrketr\u00e4na?<br \/>\n<small>[04-06-075-075]<\/small><\/p>\n","protected":false},"excerpt":{"rendered":"<p>Planering: Frukost Kollar sm\u00e5djurslivet Slappar Lunch Slappar Skriver ev lite Kv\u00e4llsmat Slappar Natten S\u00e5 h\u00e4r blev det: 07:20 s\u00f6mn; ok men varierande. 08:00 \u00f6ppnar butiken s\u00e5 man kan g\u00e5 och k\u00f6pa sig lite frukost. Det har sm\u00e5regnat och regnat ordentligt &hellip; <a href=\"https:\/\/blogg.ngn.nu\/index.php\/2010\/06\/30\/kampingdag-1-av\/\">Forts\u00e4tt l\u00e4sa <span class=\"meta-nav\">&rarr;<\/span><\/a><\/p>\n","protected":false},"author":1,"featured_media":0,"comment_status":"open","ping_status":"closed","sticky":false,"template":"","format":"standard","meta":{"footnotes":""},"categories":[391,771,31,219],"tags":[234],"class_list":["post-1064","post","type-post","status-publish","format-standard","hentry","category-forsakringskassan","category-kamping","category-politik","category-trott","tag-sjukersattning"],"_links":{"self":[{"href":"https:\/\/blogg.ngn.nu\/index.php\/wp-json\/wp\/v2\/posts\/1064","targetHints":{"allow":["GET"]}}],"collection":[{"href":"https:\/\/blogg.ngn.nu\/index.php\/wp-json\/wp\/v2\/posts"}],"about":[{"href":"https:\/\/blogg.ngn.nu\/index.php\/wp-json\/wp\/v2\/types\/post"}],"author":[{"embeddable":true,"href":"https:\/\/blogg.ngn.nu\/index.php\/wp-json\/wp\/v2\/users\/1"}],"replies":[{"embeddable":true,"href":"https:\/\/blogg.ngn.nu\/index.php\/wp-json\/wp\/v2\/comments?post=1064"}],"version-history":[{"count":0,"href":"https:\/\/blogg.ngn.nu\/index.php\/wp-json\/wp\/v2\/posts\/1064\/revisions"}],"wp:attachment":[{"href":"https:\/\/blogg.ngn.nu\/index.php\/wp-json\/wp\/v2\/media?parent=1064"}],"wp:term":[{"taxonomy":"category","embeddable":true,"href":"https:\/\/blogg.ngn.nu\/index.php\/wp-json\/wp\/v2\/categories?post=1064"},{"taxonomy":"post_tag","embeddable":true,"href":"https:\/\/blogg.ngn.nu\/index.php\/wp-json\/wp\/v2\/tags?post=1064"}],"curies":[{"name":"wp","href":"https:\/\/api.w.org\/{rel}","templated":true}]}}