{"id":10204,"date":"2015-10-22T19:47:39","date_gmt":"2015-10-22T17:47:39","guid":{"rendered":"http:\/\/blogg.ngn.nu\/?p=10204"},"modified":"2015-10-25T21:37:56","modified_gmt":"2015-10-25T19:37:56","slug":"torsdag-98","status":"publish","type":"post","link":"https:\/\/blogg.ngn.nu\/index.php\/2015\/10\/22\/torsdag-98\/","title":{"rendered":"Torsdag"},"content":{"rendered":"<p>\n\tMorgon: S&ouml;mn OK.\n<\/p>\n<p>\n\tMorgonens fotografering och baddning av plitorna p&aring; ryggen avklarade.\n<\/p>\n<p>\n\t<span style=\"font-weight: bold;\">Skolmassaker<\/span><br \/>\n\t(fick veta det via fb)<br \/>\n\t10:30 Skolan Kronan i Trollh&auml;ttan attakeras av maskerad g&auml;rningsman.<br \/>\n\t2 d&ouml;da, hitintills.<br \/>\n\tPolis sk&ouml;t den maskerade g&auml;rningsmannen som nu, i skrivande stund (15:30), &#39;sv&auml;var&#39; mellan liv och d&ouml;d p&aring; operationsbordet (N&Auml;L).<br \/>\n\tHoppas l&auml;karna klarar livet p&aring; han. Dels f&ouml;r att f&aring; en f&ouml;rklaring och dels s&aring; att denne (det m&aring;ste ju n&ouml;dv&auml;ndigtvis inte vara en man &#8211; men det verkar s&aring; p&aring; rapporteringen) f&aring;r lida ena h-e&#39;s kval i ett l&aring;ngt liv.<br \/>\n\tMina tankar g&aring;r till elever, skolpersonal och anh&ouml;riga.\n<\/p>\n<p>\n\tAttans &#8211; beskedet kom (ca 16:00) att attentatsmannen inte &ouml;verlevde.<br \/>\n\t21 &aring;r, bev&auml;pnad med kraftiga &amp; stora knivar eventuellt sv&auml;rdliknande.\n<\/p>\n<p>\n\tNazist &amp; SD-sympatis&ouml;r.\n<\/p>\n<p>\n\t<span style=\"font-weight: bold;\">Anteckningar<\/span><br \/>\n\tRenskrivit och redigerat bilder samt publicerat;<br \/>\n\t<a href=\"https:\/\/blogg.ngn.nu\/index.php\/2014\/09\/12\/fredag-114\/\" target=\"_blank\">12\/9-14<\/a><br \/>\n\t<a href=\"https:\/\/blogg.ngn.nu\/index.php\/2014\/09\/13\/lordag-108\/\" target=\"_blank\">13\/9-14<\/a><br \/>\n\t<a href=\"https:\/\/blogg.ngn.nu\/index.php\/2014\/09\/14\/sondag-99\/\" target=\"_blank\">14\/9-14<\/a>\n<\/p>\n<p>\n\t<span style=\"font-weight: bold;\">Morgonradio<\/span><br \/>\n\tRadion var p&aring; i bilen n&auml;r jag k&ouml;rde till &Ouml;verby K&ouml;pcenter.<br \/>\n\tD&aring; kom en reprissnutt fr&aring;n n&aring;gon kanals morgonpratande.<br \/>\n\tT&auml;nkte d&aring;; H&aring;ller fortfarande konceptet; 2 farbr&ouml;der d&auml;r den ene ska vara n&aring;got roligare &auml;n den andre dessutom ska den ene vara n&aring;got smartare. Kvinnas ska kunna skratta; mycket och ofta &#8211; g&auml;rna helt utan anledning, i bakgrunden.<br \/>\n\tDet var v&auml;l Rix morrnZoo som inf&ouml;rde detta 1998, tror jag.\n<\/p>\n<p>\n\t<span style=\"font-weight: bold;\">Mitt kaffe<\/span><br \/>\n\tMin f&auml;rskmalet-kaffepressare,<br \/>\n\t<img decoding=\"async\" alt=\"[Bild: Min kaffepressare]\" src=\"http:\/\/ngn.nu\/Pict\/2015\/151022-DSC00401-kaffepressaren-h350.jpg\" style=\"width: 206px; height: 350px;\" title=\"Min kaffepressare\" \/><br \/>\n\thar g&aring;tt s&ouml;nder:<br \/>\n\t<img decoding=\"async\" alt=\"[Bild: Min kaffepressare - s\u00f6nder]\" src=\"http:\/\/ngn.nu\/Pict\/2015\/151022-DSC00402-kaffepressaren-h350.jpg\" style=\"width: 263px; height: 350px;\" title=\"Min kaffepressare - s\u00f6nder\" \/>\n<\/p>\n<p>\n\tGivetvis lyckades jag ocks&aring; med att sk&auml;ra mig p&aring; den:<br \/>\n\t<img decoding=\"async\" alt=\"[Bild: Min kaffepressare - s\u00f6nder - och vass]\" src=\"http:\/\/ngn.nu\/Pict\/2015\/151022-DSC00403-kaffepressaren-w350.jpg\" style=\"width: 350px; height: 275px;\" title=\"Min kaffepressare - s\u00f6nder - och vass\" \/>\n<\/p>\n<p>\n\tI &#39;jakten&#39; p&aring; en ny s&aring; kom jag (eller om det var hustrun) p&aring; att jag kanske inte m&aring;ste ha en s&aring;dan d&auml;r press. Det &auml;r ju ett v&auml;ldans reng&ouml;rande inf&ouml;r varje kopp kaffe.\n<\/p>\n<p>\n\tD&auml;rf&ouml;r pr&ouml;var jag nu i st&auml;llet med en s&aring;dan h&auml;r:<br \/>\n\t<img decoding=\"async\" alt=\"[Bild: Nytt kaffefilter]\" src=\"http:\/\/ngn.nu\/Pict\/2015\/151022-DSC00404-nytt_kaffefilter-w350.jpg\" style=\"width: 350px; height: 318px;\" title=\"Nytt kaffefilter\" \/><br \/>\n\tEtt tefilter &#8211; fast till nymalet kaffe.\n<\/p>\n<p>\n\t3 kaffem&aring;tt i filtret och s&aring; placerar jag det i min kaffekopp.<br \/>\n\t<img decoding=\"async\" alt=\"[Bild: Nytt kaffefilter och nymalet kaffe]\" src=\"http:\/\/ngn.nu\/Pict\/2015\/151022-DSC00406-nytt_kaffefilter-w350.jpg\" style=\"width: 350px; height: 245px;\" title=\"Nytt kaffefilter och nymalet kaffe\" \/><br \/>\n\tTill v&auml;nster &ouml;verdelen till kaffekvarnen.<br \/>\n\tJag mal s&aring; att jag har till tre koppar.\n<\/p>\n<p>\n\t<img decoding=\"async\" alt=\"[Bild: Kaffekvarnstoppen med t\u00e4ttslutande lock]\" src=\"http:\/\/ngn.nu\/Pict\/2015\/151022-DSC00407-kaffekvarnen_topp-h350.jpg\" style=\"width: 311px; height: 350px;\" title=\"Kaffekvarnstoppen med t\u00e4ttslutande lock\" \/><br \/>\n\tF&ouml;r er som inte visste det &#8211; man kan trycka fast plast&ouml;verdelen p&aring; den h&auml;r modellen och p&aring; s&aring; vis b&auml;ttre spara p&aring; aromen.\n<\/p>\n<p>\n\t<img decoding=\"async\" alt=\"[Bild: Kaffekvarnstoppen med t\u00e4ttslutande lock p\u00e5 sin f\u00f6rvaringsplats]\" src=\"http:\/\/ngn.nu\/Pict\/2015\/151022-DSC00408-kaffekvarnen_topp_och_motor-h350.jpg\" style=\"width: 216px; height: 350px;\" title=\"Kaffekvarnstoppen med t\u00e4ttslutande lock p\u00e5 sin f\u00f6rvaringsplats\" \/><br \/>\n\tS&aring;h&auml;r f&ouml;rvarar jag mitt nymalna kaffe, Uppe p&aring; kaffekvarnens underdel.\n<\/p>\n<p>\n\t<img decoding=\"async\" alt=\"[Bild: Vattenkokare]\" src=\"http:\/\/ngn.nu\/Pict\/2015\/151022-DSC00409-Vattenkokare-h350.jpg\" style=\"width: 315px; height: 350px;\" title=\"Vattenkokare\" \/><br \/>\n\tTill mitt nymalna kaffe s&aring; anv&auml;nder jag f&auml;rskokat kranvatten i den h&auml;r vattenkokaren.\n<\/p>\n<p>\n\t<img decoding=\"async\" alt=\"[Bild: Nya filtret med kaffe och vatten]\" src=\"http:\/\/ngn.nu\/Pict\/2015\/151022-DSC00410-nytt_kaffefilter-h350.jpg\" style=\"width: 295px; height: 350px;\" title=\"Nya filtret med kaffe och vatten\" \/><br \/>\n\tDet fick st&aring; och dra ett tag.\n<\/p>\n<p>\n\tUpp med den:<br \/>\n\t<img decoding=\"async\" alt=\"[Bild: Kaffet klart?]\" src=\"http:\/\/ngn.nu\/Pict\/2015\/151022-DSC00411-nytt_kaffefilter-w350.jpg\" style=\"width: 350px; height: 276px;\" title=\"Kaffet klart?\" \/><br \/>\n\tProvsmakade. Det smakade sumpigt&#8230;\n<\/p>\n<p>\n\tPlan B:<br \/>\n\t<img decoding=\"async\" alt=\"[Bild: Annan metod]\" src=\"http:\/\/ngn.nu\/Pict\/2015\/151022-DSC00412-nytt_kaffefilter-w350.jpg\" style=\"width: 350px; height: 130px;\" title=\"Annan metod\" \/><br \/>\n\t3 kaffem&aring;tt kaffe i ett glas. I med hett vatten. Placerar filtret p&aring; min kaffekopp. Efter en liten stund h&auml;ller jag vatten-kaffeblandningen i muggen, via filtret.<br \/>\n\tResultat: Helt godk&auml;nt men jag kan inte s&auml;ga &#39;perfekt&#39; jag f&aring;r testa ett tag.\n<\/p>\n<p>\n\t<strong>H&auml;lsol&auml;get<\/strong>:<br \/>\n\tMorgon: Ok. En kort stund p&aring; morgonen hade jag b&auml;ttre r&ouml;rlighet i v&auml;nster ben &auml;n vad jag kan komma ih&aring;g. Tyv&auml;rr var det inte s&aring; l&aring;ngvarit &#8211; men &auml;nd&aring;. Tolkar det som ett positivt tecken.<br \/>\n\tDagen: Lite sm&aring;tr&ouml;tt. Tagen av skolattacken i Trollh&auml;ttan.<br \/>\n\tKv&auml;llen: Tr&ouml;tt. Ska duscha och sedan ska hustrun sm&ouml;rja ryggen med nya antibiotikasm&ouml;rjan (som bleker tyg&#8230;, bla).<br \/>\n\t<small>[<span title=\"VAS-skalan (grad av v\u00e4rk; 0=ingen v\u00e4rk och 10 \u00e4r outh\u00e4rdlig\">05<\/span>&#8211;<span title=\"Psykisk stabilitet 0=totaldeppig, 10=skitglad\">07<\/span>&#8211;<span title=\"Matintag - procent bra\">080<\/span>&#8211;<span title=\"Motion - procent bra\">001<\/span>] 92,2(-0,3)<\/small><\/p>\n","protected":false},"excerpt":{"rendered":"<p>Morgon: S&ouml;mn OK. Morgonens fotografering och baddning av plitorna p&aring; ryggen avklarade. Skolmassaker (fick veta det via fb) 10:30 Skolan Kronan i Trollh&auml;ttan attakeras av maskerad g&auml;rningsman. 2 d&ouml;da, hitintills. Polis sk&ouml;t den maskerade g&auml;rningsmannen som nu, i skrivande stund &hellip; <a href=\"https:\/\/blogg.ngn.nu\/index.php\/2015\/10\/22\/torsdag-98\/\">Forts\u00e4tt l\u00e4sa <span class=\"meta-nav\">&rarr;<\/span><\/a><\/p>\n","protected":false},"author":1,"featured_media":0,"comment_status":"open","ping_status":"closed","sticky":false,"template":"","format":"standard","meta":{"footnotes":""},"categories":[720,448,902],"tags":[1001],"class_list":["post-10204","post","type-post","status-publish","format-standard","hentry","category-dodsfall","category-halsa","category-reflektion","tag-publicerat-aldre-inlagg"],"_links":{"self":[{"href":"https:\/\/blogg.ngn.nu\/index.php\/wp-json\/wp\/v2\/posts\/10204","targetHints":{"allow":["GET"]}}],"collection":[{"href":"https:\/\/blogg.ngn.nu\/index.php\/wp-json\/wp\/v2\/posts"}],"about":[{"href":"https:\/\/blogg.ngn.nu\/index.php\/wp-json\/wp\/v2\/types\/post"}],"author":[{"embeddable":true,"href":"https:\/\/blogg.ngn.nu\/index.php\/wp-json\/wp\/v2\/users\/1"}],"replies":[{"embeddable":true,"href":"https:\/\/blogg.ngn.nu\/index.php\/wp-json\/wp\/v2\/comments?post=10204"}],"version-history":[{"count":2,"href":"https:\/\/blogg.ngn.nu\/index.php\/wp-json\/wp\/v2\/posts\/10204\/revisions"}],"predecessor-version":[{"id":10254,"href":"https:\/\/blogg.ngn.nu\/index.php\/wp-json\/wp\/v2\/posts\/10204\/revisions\/10254"}],"wp:attachment":[{"href":"https:\/\/blogg.ngn.nu\/index.php\/wp-json\/wp\/v2\/media?parent=10204"}],"wp:term":[{"taxonomy":"category","embeddable":true,"href":"https:\/\/blogg.ngn.nu\/index.php\/wp-json\/wp\/v2\/categories?post=10204"},{"taxonomy":"post_tag","embeddable":true,"href":"https:\/\/blogg.ngn.nu\/index.php\/wp-json\/wp\/v2\/tags?post=10204"}],"curies":[{"name":"wp","href":"https:\/\/api.w.org\/{rel}","templated":true}]}}