{"id":10136,"date":"2015-10-16T21:01:37","date_gmt":"2015-10-16T19:01:37","guid":{"rendered":"http:\/\/blogg.ngn.nu\/?p=10136"},"modified":"2015-10-25T21:41:08","modified_gmt":"2015-10-25T19:41:08","slug":"fredag-111","status":"publish","type":"post","link":"https:\/\/blogg.ngn.nu\/index.php\/2015\/10\/16\/fredag-111\/","title":{"rendered":"Fredag"},"content":{"rendered":"<p>\n\tMorgon: S&ouml;mn OK.\n<\/p>\n<p>\n\tMorgonens fotografering och baddning av plitorna p&aring; ryggen avklarade.\n<\/p>\n<p>\n\t<span style=\"font-weight: bold;\">V&aring;rdcentralen<\/span><br \/>\n\tRingde och de ringde upp 8:40. SSK skulle prata med Dr och sedan h&ouml;ra av sig, till mig, under dagen&#8230;<br \/>\n\t14:34 &#8211; &auml;nnu inget samtal.<br \/>\n\t15:11 &#8211; inget&#8230;<br \/>\n\t15:38 &#8211; ringer deras reception och kollar. Ingen hade t&auml;nkt kontakta mig&#8230; Dr hade bara f&ouml;rnyat receptet p&aring; den antibiotika som jag nu tagit i tre veckor och som har tveksam effekt p&aring; plitorna &#8211; fick en i nacken, idag. Efter tre veckors antibiotikabehandling&#8230;<br \/>\n\tInblandade personer hade gjort helg och fanns inte kvar. Receptionspersonen skulle kontakta en SSK som ev ska kontakta jourDr och s&aring; h&ouml;r denna SSK av sig till mig &#8211; hoppas jag&#8230;\n<\/p>\n<p>\n\tEn SSK ringde upp, hade fel journal framme. Inte f-n hade denne gjort n&aring;got utan jag fick h&ouml;ra mina journalanteckningar l&auml;sas upp en g&aring;ng till&#8230;<br \/>\n\tTill slut verkar det som m&auml;nniskan fattade. Min Dr ska ringa mig p&aring; tisdag. Hoppas d&aring; att jag kan f&aring; reda i det h&auml;r.\n<\/p>\n<p>\n\t&Aring;ker och h&auml;mtar ut en omg&aring;ng till av antibiotikan &#8211; som inte haft full effekt, efter 3 veckor&#8230;<br \/>\n\tGivetvis hade de den inte p&aring; f&ouml;rsta apoteket&#8230;\n<\/p>\n<p>\n\t<span style=\"font-weight: bold;\">Anteckningar<\/span><br \/>\n\tRenskrivit, redigerat bilder och publicerat;<br \/>\n\t<a href=\"https:\/\/blogg.ngn.nu\/index.php\/2014\/08\/23\/lordag-105\/\" target=\"_blank\">23\/8-14<\/a><br \/>\n\t<a href=\"https:\/\/blogg.ngn.nu\/index.php\/2014\/08\/24\/sondag-96\/\" target=\"_blank\">24\/8-14<\/a><br \/>\n\t<a href=\"https:\/\/blogg.ngn.nu\/index.php\/2014\/08\/25\/mandag-100\/\" target=\"_blank\">25\/8-14<\/a><br \/>\n\t<a href=\"https:\/\/blogg.ngn.nu\/index.php\/2014\/08\/26\/10131\/\" target=\"_blank\">26\/8-14<\/a><br \/>\n\t<a href=\"https:\/\/blogg.ngn.nu\/index.php\/2014\/08\/27\/onsdag-100\/\" target=\"_blank\">27\/8-14<\/a>\n<\/p>\n<p>\n\tHustrun fixar i KLK. Det ska g&ouml;ras plats f&ouml;r barnleksaker.\n<\/p>\n<p>\n\tJag har skruvat loss tv&aring; garderobsd&ouml;rrar p&aring; den garderob sonen ska f&aring; (eller han villa ha den).\n<\/p>\n<p>\n\t<strong>H&auml;lsol&auml;get<\/strong>:<br \/>\n\tMorgon: OK -H&ouml;ger foten och m&aring;nga andra leder k&auml;nns mycket b&auml;ttre idag (tog en T Pronaxen 500mg, i g&aring;r).<br \/>\n\tDagen: Attans nervig &ouml;ver att samtalet fr&aring;n v&aring;rdcentralen dr&ouml;jer.<br \/>\n\tKv&auml;llen: Kraftl&ouml;s &#8211; l&auml;tt depression?.<br \/>\n\t<small>[<span title=\"VAS-skalan (grad av v\u00e4rk; 0=ingen v\u00e4rk och 10 \u00e4r outh\u00e4rdlig\">05<\/span>&#8211;<span title=\"Psykisk stabilitet 0=totaldeppig, 10=skitglad\">08<\/span>&#8211;<span title=\"Matintag - procent bra\">080<\/span>&#8211;<span title=\"Motion - procent bra\">001<\/span>] 93,4(+0,9) -T&auml;nk vad en bunke popkorn kan st&auml;lla till&#8230;<\/small><\/p>\n","protected":false},"excerpt":{"rendered":"<p>Morgon: S&ouml;mn OK. Morgonens fotografering och baddning av plitorna p&aring; ryggen avklarade. V&aring;rdcentralen Ringde och de ringde upp 8:40. SSK skulle prata med Dr och sedan h&ouml;ra av sig, till mig, under dagen&#8230; 14:34 &#8211; &auml;nnu inget samtal. 15:11 &#8211; &hellip; <a href=\"https:\/\/blogg.ngn.nu\/index.php\/2015\/10\/16\/fredag-111\/\">Forts\u00e4tt l\u00e4sa <span class=\"meta-nav\">&rarr;<\/span><\/a><\/p>\n","protected":false},"author":1,"featured_media":0,"comment_status":"open","ping_status":"closed","sticky":false,"template":"","format":"standard","meta":{"footnotes":""},"categories":[755,448],"tags":[1001],"class_list":["post-10136","post","type-post","status-publish","format-standard","hentry","category-boende","category-halsa","tag-publicerat-aldre-inlagg"],"_links":{"self":[{"href":"https:\/\/blogg.ngn.nu\/index.php\/wp-json\/wp\/v2\/posts\/10136","targetHints":{"allow":["GET"]}}],"collection":[{"href":"https:\/\/blogg.ngn.nu\/index.php\/wp-json\/wp\/v2\/posts"}],"about":[{"href":"https:\/\/blogg.ngn.nu\/index.php\/wp-json\/wp\/v2\/types\/post"}],"author":[{"embeddable":true,"href":"https:\/\/blogg.ngn.nu\/index.php\/wp-json\/wp\/v2\/users\/1"}],"replies":[{"embeddable":true,"href":"https:\/\/blogg.ngn.nu\/index.php\/wp-json\/wp\/v2\/comments?post=10136"}],"version-history":[{"count":3,"href":"https:\/\/blogg.ngn.nu\/index.php\/wp-json\/wp\/v2\/posts\/10136\/revisions"}],"predecessor-version":[{"id":10139,"href":"https:\/\/blogg.ngn.nu\/index.php\/wp-json\/wp\/v2\/posts\/10136\/revisions\/10139"}],"wp:attachment":[{"href":"https:\/\/blogg.ngn.nu\/index.php\/wp-json\/wp\/v2\/media?parent=10136"}],"wp:term":[{"taxonomy":"category","embeddable":true,"href":"https:\/\/blogg.ngn.nu\/index.php\/wp-json\/wp\/v2\/categories?post=10136"},{"taxonomy":"post_tag","embeddable":true,"href":"https:\/\/blogg.ngn.nu\/index.php\/wp-json\/wp\/v2\/tags?post=10136"}],"curies":[{"name":"wp","href":"https:\/\/api.w.org\/{rel}","templated":true}]}}