{"id":10072,"date":"2015-10-09T23:59:09","date_gmt":"2015-10-09T21:59:09","guid":{"rendered":"http:\/\/blogg.ngn.nu\/?p=10072"},"modified":"2015-10-25T21:44:17","modified_gmt":"2015-10-25T19:44:17","slug":"fredag-108","status":"publish","type":"post","link":"https:\/\/blogg.ngn.nu\/index.php\/2015\/10\/09\/fredag-108\/","title":{"rendered":"Fredag"},"content":{"rendered":"<p>\n\tMorgon: S&ouml;mn OK.\n<\/p>\n<p>\n\tMorgonens fotografering och baddning av plitorna p&aring; ryggen avklarade.\n<\/p>\n<p>\n\t<span style=\"font-weight: bold;\">Anteckningar<\/span><br \/>\n\tRenskrivit, redigerat bilder och publicerat inl&auml;gg:<br \/>\n\t<a href=\"https:\/\/blogg.ngn.nu\/index.php\/2014\/08\/09\/10069\/\" target=\"_blank\">9\/8-14<\/a>\n<\/p>\n<p>\n\t<span style=\"font-weight: bold;\">Laddstation<\/span><br \/>\n\tFundera s&aring; det knakar och ryker&#8230;<br \/>\n\tF&ouml;rs&ouml;ker dels hitta plats, i min h&ouml;rn och dels f&aring; till ett smart s&auml;tt att ge &#39;alla&#39; de apparater jag har som beh&ouml;ver laddning en funktionell plats.<br \/>\n\tLilla kameran och mobiltelefonen &auml;r de jag anv&auml;nder mest s&aring; de m&aring;ste ju ha en l&auml;ttillg&auml;nglig plats.<br \/>\n\tFr&auml;msta anledningen, till att jag &ouml;ver huvudet taget bryr min hj&auml;rna med detta, &auml;r att den smartaste och mest centrala platsen, hallen, p&aring; en byr&aring; inte &auml;r den mest estestiskt tilltalande, f&ouml;r hustrun.<br \/>\n\tJag vet, en del &auml;r j&auml;ttekonstiga&#8230;\n<\/p>\n<p>\n\tN&aring;gra laddare (Kensington WiFi, Sony &amp; Leica batteriladdare) ska f&aring; kardborre-upps&auml;ttning p&aring; sidan av en hylla.<br \/>\n\tPlattan och den stora respektive den lilla b&auml;rbara PC:n f&aring;r hyllplatser.\n<\/p>\n<p>\n\tLaddare f&ouml;r uppladdningsbara batterier (som jag anv&auml;nder till min (och hustruns) GPS) m&aring;ste ocks&aring; vara hyfsat l&auml;ttillg&auml;ngliga.\n<\/p>\n<p>\n\tHar en rakapparat som &#39;m&aring;ste&#39; st&aring; i en h&aring;llare.\n<\/p>\n<p>\n\tEn del laddsladdar och laddare m&aring;ste ocks&aring; vara l&auml;tta att lossa och ta med &#8211; vid lite l&auml;ngre bortavaro t.ex.\n<\/p>\n<p>\n\tNu har jag i vart fall placerat de laddningsbara apparater jag vill ha i det omr&aring;de i min h&ouml;rna jag t&auml;nkt att de senare ska f&aring; en &#39;snyggare&#39; och mer praktisk placering.<br \/>\n\t<img decoding=\"async\" alt=\"[Bild: Blivande laddstation]\" src=\"http:\/\/ngn.nu\/Pict\/2015\/151009-DSC00353-blivande-laddstation-w350.jpg\" style=\"width: 350px; height: 467px;\" title=\"Blivande laddstation\" \/><br \/>\n\tSladden till EL-kontakten fundera jag p&aring; att dra bakom hyllorna. Blir i s&aring; fall att g&ouml;ra ett h&aring;l i den ena &#8211; inget problem. Det b&ouml;kiga blir att jag m&aring;ste &#39;flytta&#39; fram dem lite och den kan bli f&ouml;rf&auml;rligt besv&auml;rligt&#8230;\n<\/p>\n<p>\n\tHustrun kom med en bra id&eacute;.<br \/>\n\tOm jag utv&auml;rderar och g&ouml;r en prioritering &#8211; vilka av b&ouml;ckerna, p&aring; samma hylla som EL-f&ouml;rdelardosan, anv&auml;nder jag frekvent.<br \/>\n\tSnabbutredning: v&auml;ldigt s&auml;llan.<br \/>\n\tS&aring;, jag f&ouml;rs&ouml;ker allts&aring; hitta en annan placering f&ouml;r dessa b&ouml;cker.\n<\/p>\n<p>\n\tPlacerar en avst&auml;ngningsbar EL-f&ouml;rdelardosa i var &auml;nda. Tror det kan vara bra att separera s&aring;dant som dels anv&auml;nds frekvent och dels s&aring;dant som jag villa he med mig d&aring; vi &auml;r ute p&aring; lite l&auml;ngre utflykter.\n<\/p>\n<p>\n\t<span style=\"font-weight: bold;\">IKEA<\/span><br \/>\n\tVi &aring;kte till IKEA att kontrollm&auml;ta byr&aring;erna (MALM); en med 6 l&aring;d&aring;r och 80cm bred och en 6 l&aring;dor 40cm bred.<br \/>\n\tI n&auml;tkatalogen s&aring;r det att den 40 breda &auml;r 48,5cm djup och att den 80 breda &auml;r 48cm djup.<br \/>\n\tDet d&auml;r tyckte jag var m&auml;rkligt &#8211; trots att vi ringde till dem och de gick ut och kontrollm&auml;tte, jod&aring; de var olika.\n<\/p>\n<p>\n\tN&auml;r <span style=\"text-decoration: underline;\">vi<\/span> m&auml;tte var de lika&#8230;\n<\/p>\n<p>\n\tVi puttade t.o.m. ihop tv&aring; st av de aktuella varianterna och de var precis lika djupa. N&auml;mligen 48,3cm.\n<\/p>\n<p>\n\tS&aring;h&auml;r ser det ut n&auml;r man g&ouml;r det digitalt med hj&auml;lp av bilder fr&aring;n IKEAs webbkatalog:<br \/>\n\t<img decoding=\"async\" alt=\"[Bild: Byr\u00e5erna MALM 80+40]\" src=\"http:\/\/ngn.nu\/Pict\/2015\/151009-fr-IKEAs-webbkatalog-sammanfogade-w228.jpg\" style=\"width: 228px; height: 286px;\" title=\"Byr\u00e5erna MALM 80+40\" \/>\n<\/p>\n<p>\n\tI morgon &auml;r det planerat att vi ska f&ouml;rs&ouml;ka f&aring; dem ihopsatta.\n<\/p>\n<p>\n\tVi k&ouml;pte ocks&aring; en liten f&auml;ll att l&auml;gga p&aring; pallen i hallen. Bkir ju lite varmare och goare om rumpan d&aring; :me:<br \/>\n\t<img decoding=\"async\" alt=\"[Bild: Ny f\u00e4ll till hallpallen]\" src=\"http:\/\/ngn.nu\/Pict\/2015\/151009-151010-DSC00355-Nya-faellen-i-hallen-w350.jpg\" style=\"width: 350px; height: 287px;\" title=\"Ny f\u00e4ll till hallpallen\" \/>\n<\/p>\n<p>\n\t<strong>H&auml;lsol&auml;get<\/strong>:<br \/>\n\tMorgon: OK.<br \/>\n\tDagen: K&auml;ndes ordentligt, i b&auml;gge f&ouml;tterna, under promenaden inne p&aring; IKEA. En mycket obekv&auml;m br&auml;nnande sm&auml;rta.<br \/>\n\tKv&auml;llen: Sl&ouml;tittade lite p&aring; TV.<br \/>\n\t<small>[<span title=\"VAS-skalan (grad av v\u00e4rk; 0=ingen v\u00e4rk och 10 \u00e4r outh\u00e4rdlig\">04<\/span>&#8211;<span title=\"Psykisk stabilitet 0=totaldeppig, 10=skitglad\">08<\/span>&#8211;<span title=\"Matintag - procent bra\">050<\/span>&#8211;<span title=\"Motion - procent bra\">005<\/span>] 94,5(-0,5)<\/small><\/p>\n","protected":false},"excerpt":{"rendered":"<p>Morgon: S&ouml;mn OK. Morgonens fotografering och baddning av plitorna p&aring; ryggen avklarade. Anteckningar Renskrivit, redigerat bilder och publicerat inl&auml;gg: 9\/8-14 Laddstation Fundera s&aring; det knakar och ryker&#8230; F&ouml;rs&ouml;ker dels hitta plats, i min h&ouml;rn och dels f&aring; till ett smart &hellip; <a href=\"https:\/\/blogg.ngn.nu\/index.php\/2015\/10\/09\/fredag-108\/\">Forts\u00e4tt l\u00e4sa <span class=\"meta-nav\">&rarr;<\/span><\/a><\/p>\n","protected":false},"author":1,"featured_media":0,"comment_status":"open","ping_status":"closed","sticky":false,"template":"","format":"standard","meta":{"footnotes":""},"categories":[755,448,18],"tags":[1001],"class_list":["post-10072","post","type-post","status-publish","format-standard","hentry","category-boende","category-halsa","category-teknik","tag-publicerat-aldre-inlagg"],"_links":{"self":[{"href":"https:\/\/blogg.ngn.nu\/index.php\/wp-json\/wp\/v2\/posts\/10072","targetHints":{"allow":["GET"]}}],"collection":[{"href":"https:\/\/blogg.ngn.nu\/index.php\/wp-json\/wp\/v2\/posts"}],"about":[{"href":"https:\/\/blogg.ngn.nu\/index.php\/wp-json\/wp\/v2\/types\/post"}],"author":[{"embeddable":true,"href":"https:\/\/blogg.ngn.nu\/index.php\/wp-json\/wp\/v2\/users\/1"}],"replies":[{"embeddable":true,"href":"https:\/\/blogg.ngn.nu\/index.php\/wp-json\/wp\/v2\/comments?post=10072"}],"version-history":[{"count":2,"href":"https:\/\/blogg.ngn.nu\/index.php\/wp-json\/wp\/v2\/posts\/10072\/revisions"}],"predecessor-version":[{"id":10259,"href":"https:\/\/blogg.ngn.nu\/index.php\/wp-json\/wp\/v2\/posts\/10072\/revisions\/10259"}],"wp:attachment":[{"href":"https:\/\/blogg.ngn.nu\/index.php\/wp-json\/wp\/v2\/media?parent=10072"}],"wp:term":[{"taxonomy":"category","embeddable":true,"href":"https:\/\/blogg.ngn.nu\/index.php\/wp-json\/wp\/v2\/categories?post=10072"},{"taxonomy":"post_tag","embeddable":true,"href":"https:\/\/blogg.ngn.nu\/index.php\/wp-json\/wp\/v2\/tags?post=10072"}],"curies":[{"name":"wp","href":"https:\/\/api.w.org\/{rel}","templated":true}]}}