{"id":10067,"date":"2015-10-08T20:46:13","date_gmt":"2015-10-08T18:46:13","guid":{"rendered":"http:\/\/blogg.ngn.nu\/?p=10067"},"modified":"2015-10-25T21:44:48","modified_gmt":"2015-10-25T19:44:48","slug":"torsdag-91","status":"publish","type":"post","link":"https:\/\/blogg.ngn.nu\/index.php\/2015\/10\/08\/torsdag-91\/","title":{"rendered":"Torsdag"},"content":{"rendered":"<p>\n\tMorgon: S&ouml;mn OK.\n<\/p>\n<p>\n\tMorgonens fotografering och baddning av plitorna p&aring; ryggen avklarade.\n<\/p>\n<p>\n\t<span style=\"font-weight: bold;\">Anteckningar<\/span><br \/>\n\tRenskrivit, redigerat bilder och publicerat inl&auml;gg:<br \/>\n\t<a href=\"https:\/\/blogg.ngn.nu\/index.php\/2014\/08\/07\/torsdag-90\/\" target=\"_blank\">7\/8-14<\/a><br \/>\n\t<a href=\"https:\/\/blogg.ngn.nu\/index.php\/2014\/08\/08\/fredag-107\/\" target=\"_blank\">8\/8-14<\/a><br \/>\n\tForts&auml;tter jag i den h&auml;r takten s&aring; kan jag ju ha kommit &#39;ikapp&#39; inom ett &frac12;-&aring;r&#8230;\n<\/p>\n<p>\n\t<span style=\"font-weight: bold;\">Flytthj&auml;lp<\/span><br \/>\n\tSonen varit h&auml;r och hj&auml;lpt oss flytta utel&aring;dan fr&aring;n framsidan till baksidan.<br \/>\n\tUtel&aring;dans nya placering, p&aring; baksidan:<br \/>\n\t<img decoding=\"async\" alt=\"[Bild: Tr\u00e5dg\u00e5rdsredskapsl\u00e5dan]\" src=\"http:\/\/ngn.nu\/Pict\/2015\/151008-DSC00350-traedgardsboxen-w350.jpg\" style=\"width: 350px; height: 340px;\" title=\"Tr\u00e5dg\u00e5rdsredskapsl\u00e5dan\" \/>\n<\/p>\n<p>\n\tP&aring; framsidan snodde den en &#39;go&#39; eftermiddagsplats:<br \/>\n\t<img decoding=\"async\" alt=\"[Bild: Eftermiddagsh\u00f6rna &amp; kv\u00e4llssol]\" src=\"http:\/\/ngn.nu\/Pict\/2015\/151008-DSC00351-atereoevrad_hoerna-w350.jpg\" style=\"width: 350px; height: 263px;\" title=\"Eftermiddagsh\u00f6rna &amp; kv\u00e4llssol\" \/><br \/>\n\tNu &auml;r den &aring;terer&ouml;vrad.<br \/>\n\tNu p&aring; h&ouml;sten och till v&aring;ren &auml;r dit eftermiddagssolen kommer f&ouml;rst&#8230;<br \/>\n\tRedan invigt med en kopp kaffe :me:\n<\/p>\n<p>\n\tOch en hallgarderob fr&aring;n hallen till en tillf&auml;llig placering i vardagsrummet.<br \/>\n\t<img decoding=\"async\" alt=\"[Bild: Tillf\u00e4llig m\u00f6blering i vardagsrummet]\" src=\"http:\/\/ngn.nu\/Pict\/2015\/151008-DSC00349-lgn172-V-rum-w350.jpg\" style=\"width: 350px; height: 263px;\" title=\"Tillf\u00e4llig m\u00f6blering i vardagsrummet\" \/>\n<\/p>\n<p>\n\tNu har vi en byr&aring; som vi flyttar lite fram och tillbaka och hit och dit f&ouml;r att f&aring; en uppfattning om hur olika varianter p&aring; annan byr&aring; eller f&ouml;rvaringsl&ouml;sning skulle kunna bli.<br \/>\n\t<img decoding=\"async\" alt=\"[Bild: Halle inf\u00f6r en eventuell f\u00f6rvandling]\" src=\"http:\/\/ngn.nu\/Pict\/2015\/151008-DSC00348-lgn172-hallen-w350.jpg\" style=\"width: 350px; height: 632px;\" title=\"Halle inf\u00f6r en eventuell f\u00f6rvandling\" \/><br \/>\n\tDet f&ouml;rsta vi kan konstatera &auml;r att det blev mer plats&#8230;\n<\/p>\n<p>\n\t<strong>H&auml;lsol&auml;get<\/strong>:<br \/>\n\tMorgon: OK.<br \/>\n\tDagen: Ganska ok.<br \/>\n\tKv&auml;llen: K&auml;nns ocks&aring; r&auml;tt s&aring; ok.<br \/>\n\t<small>[<span title=\"VAS-skalan (grad av v\u00e4rk; 0=ingen v\u00e4rk och 10 \u00e4r outh\u00e4rdlig\">04<\/span>&#8211;<span title=\"Psykisk stabilitet 0=totaldeppig, 10=skitglad\">08<\/span>&#8211;<span title=\"Matintag - procent bra\">050<\/span>&#8211;<span title=\"Motion - procent bra\">005<\/span>] 95,0(-0,1)<\/small><\/p>\n","protected":false},"excerpt":{"rendered":"<p>Morgon: S&ouml;mn OK. Morgonens fotografering och baddning av plitorna p&aring; ryggen avklarade. Anteckningar Renskrivit, redigerat bilder och publicerat inl&auml;gg: 7\/8-14 8\/8-14 Forts&auml;tter jag i den h&auml;r takten s&aring; kan jag ju ha kommit &#39;ikapp&#39; inom ett &frac12;-&aring;r&#8230; Flytthj&auml;lp Sonen varit &hellip; <a href=\"https:\/\/blogg.ngn.nu\/index.php\/2015\/10\/08\/torsdag-91\/\">Forts\u00e4tt l\u00e4sa <span class=\"meta-nav\">&rarr;<\/span><\/a><\/p>\n","protected":false},"author":1,"featured_media":0,"comment_status":"open","ping_status":"closed","sticky":false,"template":"","format":"standard","meta":{"footnotes":""},"categories":[755,343],"tags":[1001],"class_list":["post-10067","post","type-post","status-publish","format-standard","hentry","category-boende","category-ryggen","tag-publicerat-aldre-inlagg"],"_links":{"self":[{"href":"https:\/\/blogg.ngn.nu\/index.php\/wp-json\/wp\/v2\/posts\/10067","targetHints":{"allow":["GET"]}}],"collection":[{"href":"https:\/\/blogg.ngn.nu\/index.php\/wp-json\/wp\/v2\/posts"}],"about":[{"href":"https:\/\/blogg.ngn.nu\/index.php\/wp-json\/wp\/v2\/types\/post"}],"author":[{"embeddable":true,"href":"https:\/\/blogg.ngn.nu\/index.php\/wp-json\/wp\/v2\/users\/1"}],"replies":[{"embeddable":true,"href":"https:\/\/blogg.ngn.nu\/index.php\/wp-json\/wp\/v2\/comments?post=10067"}],"version-history":[{"count":2,"href":"https:\/\/blogg.ngn.nu\/index.php\/wp-json\/wp\/v2\/posts\/10067\/revisions"}],"predecessor-version":[{"id":10260,"href":"https:\/\/blogg.ngn.nu\/index.php\/wp-json\/wp\/v2\/posts\/10067\/revisions\/10260"}],"wp:attachment":[{"href":"https:\/\/blogg.ngn.nu\/index.php\/wp-json\/wp\/v2\/media?parent=10067"}],"wp:term":[{"taxonomy":"category","embeddable":true,"href":"https:\/\/blogg.ngn.nu\/index.php\/wp-json\/wp\/v2\/categories?post=10067"},{"taxonomy":"post_tag","embeddable":true,"href":"https:\/\/blogg.ngn.nu\/index.php\/wp-json\/wp\/v2\/tags?post=10067"}],"curies":[{"name":"wp","href":"https:\/\/api.w.org\/{rel}","templated":true}]}}