{"id":10040,"date":"2015-10-04T23:59:37","date_gmt":"2015-10-04T21:59:37","guid":{"rendered":"http:\/\/blogg.ngn.nu\/?p=10040"},"modified":"2015-10-25T21:47:38","modified_gmt":"2015-10-25T19:47:38","slug":"10040","status":"publish","type":"post","link":"https:\/\/blogg.ngn.nu\/index.php\/2015\/10\/04\/10040\/","title":{"rendered":"S\u00f6ndag"},"content":{"rendered":"<p>\n\tMorgon: S&ouml;mn OK.\n<\/p>\n<p>\n\tIngen tidning &#8211; s&ouml;ndag &#8211; k&auml;nns tomt&#8230;\n<\/p>\n<p>\n\t<span style=\"font-weight: bold;\">Anteckningar<\/span><br \/>\n\tRenskrivit, redigerat bilder och publicerat inl&auml;gg:<br \/>\n\t<a href=\"https:\/\/blogg.ngn.nu\/index.php\/2014\/07\/30\/onsdag-94\/\" target=\"_blank\">30\/7-14<\/a> (f&ouml;re kl 07:30)<br \/>\n\t<a href=\"https:\/\/blogg.ngn.nu\/index.php\/2014\/07\/31\/torsdag-89\/\" target=\"_blank\">31\/7-14<\/a><br \/>\n\t<a href=\"https:\/\/blogg.ngn.nu\/index.php\/2014\/08\/01\/fredag-106\/\" target=\"_blank\">1\/8-14<\/a><br \/>\n\t<a href=\"https:\/\/blogg.ngn.nu\/index.php\/2014\/08\/02\/lordag-102\/\" target=\"_blank\">2\/8-14<\/a>\n<\/p>\n<p>\n\t<span style=\"font-weight: bold;\">Annons<\/span><br \/>\n\tFixat till ytterligare en annons: <a href=\"https:\/\/blogg.ngn.nu\/index.php\/2015\/10\/04\/annons-xtreamer-media-player-streamer-500-sek\/\" target=\"_blank\">Xtreamer Media Player &amp; Streamer<\/a>\n<\/p>\n<p>\n\t<span style=\"font-weight: bold;\">Gr&auml;storp<\/span><br \/>\n\t&Aring;rets ljusfestivalen vid Nossan i Gr&auml;storp ineh&ouml;ll positiva nyheter men ocks&aring; allt f&ouml;r mycket negativt.<br \/>\n\tJag b&ouml;rjar med det negativa;<br \/>\n\t&#8211; Festivalen har en tendens till att bli mer och mer kommersiell. Mer fokus p&aring; n&auml;ringsidkare &auml;n p&aring; ljuset. P&aring; en del var ljuset p&aring; reklamen s&aring; stark s&aring; det st&ouml;rde ljusupps&auml;ttningarna.<br \/>\n\t&#8211; De LED-ljuslyktor som var uppsatta avgav ett allt f&ouml;r starkt ljus. Speciellt illa var detta vid bron &ouml;ver forsen. F&ouml;r att kunna ta del av ljuss&auml;ttningen i eller vid vattnet s&aring; var jag antingen tvungen att luta mig &auml;ver staketet eller h&aring;lla upp h&auml;nderna och skymma de lyktor som satt &#8211; allt f&ouml;r t&auml;tt.\n<\/p>\n<p>\n\tPositivt;<br \/>\n\t&#8211; Flyguppvisningen med ljuskl&auml;dda modellflygplan var sev&auml;rt.<br \/>\n\t&#8211; En roende tomte var ett trevligt inslag.<br \/>\n\t&#8211; Sp&ouml;kavsnittet gjorde ingen besviken.<br \/>\n\t&#8211; Mat- &amp; fikast&auml;llena hade f&aring;tt dubbelt utrymme.\n<\/p>\n<p>\n\t<img decoding=\"async\" alt=\"[Bild: Gr\u00e4storp Ljusfestival vid Nossan Spindel &amp; -n\u00e4t]\" src=\"http:\/\/ngn.nu\/Pict\/2015\/151004-DSC00311+0313-Graestorp-ljusfestivalen-w350.gif\" style=\"width: 350px; height: 176px;\" title=\"Gr\u00e4storp Ljusfestival vid Nossan Spindel &amp; -n\u00e4t\" \/><br \/>\n\tSpindeln&auml;t &amp; spindel<br \/>\n\t<small>(GIF-animering med ursprung fr&aring;n tv&aring; JPG-bilder)<\/small>\n<\/p>\n<p>\n\t<img decoding=\"async\" alt=\"[Bild: Gr\u00e4storp Ljusfestival vid Nossan Sp\u00f6kavsnittet]\" src=\"http:\/\/ngn.nu\/Pict\/2015\/151004-DSC00281-Graestorp-ljusfestivalen-w350.jpg\" style=\"width: 350px; height: 358px;\" title=\"Gr\u00e4storp Ljusfestival vid Nossan Sp\u00f6kavsnittet\" \/><br \/>\n\tHuva&#8230;! :me:\n<\/p>\n<p>\n\t<img decoding=\"async\" alt=\"[Bild: Gr\u00e4storp Ljusfestival vid Nossan Sp\u00f6kavsnittet]\" src=\"http:\/\/ngn.nu\/Pict\/2015\/151004-DSC00283-Graestorp-ljusfestivalen-w350.jpg\" style=\"width: 350px; height: 258px;\" title=\"Gr\u00e4storp Ljusfestival vid Nossan Sp\u00f6kavsnittet\" \/><br \/>\n\tBarnen var mer &auml;n villiga till att diskutera detta med sp&ouml;klivet.\n<\/p>\n<p>\n\t<img decoding=\"async\" alt=\"[Bild: Gr\u00e4storp Ljusfestival vid Nossan Trollsl\u00e4nda]\" src=\"http:\/\/ngn.nu\/Pict\/2015\/151004-DSC00292-Graestorp-ljusfestivalen-w350.jpg\" style=\"width: 350px; height: 269px;\" title=\"Gr\u00e4storp Ljusfestival vid Nossan Trollsl\u00e4nda\" \/><br \/>\n\tEtt nytt, passande, inslag f&ouml;r i &aring;r. En Trollsl&auml;nda.\n<\/p>\n<p>\n\t<img decoding=\"async\" alt=\"[Bild: Gr\u00e4storp Ljusfestival vid Nossan Ljuskl\u00e4dda Radiostyrda Modellflygplan]\" src=\"http:\/\/ngn.nu\/Pict\/2015\/151004-MAH00291_MP4-Graestorp-ljusfestivalen-w350.jpg\" style=\"width: 350px; height: 260px;\" title=\"Gr\u00e4storp Ljusfestival vid Nossan Ljuskl\u00e4dda Radiostyrda Modellflygplan\" \/><br \/>\n\t<small>(Ett montage gjort fr&aring;n en MP4-film &gt; JPG-fil.)<\/small><br \/>\n\tRadiostyrda ljuskl&auml;dda modellflygplan.\n<\/p>\n<p>\n\t<img decoding=\"async\" alt=\"[Bild: Gr\u00e4storp Ljusfestival vid Nossan Tomten]\" src=\"http:\/\/ngn.nu\/Pict\/2015\/151004-DSC00299-Graestorp-ljusfestivalen-w350.jpg\" style=\"width: 350px; height: 275px;\" title=\"Gr\u00e4storp Ljusfestival vid Nossan Tomten\" \/><br \/>\n\tTomten gled omkring i en eka.\n<\/p>\n<p>\n\t<img decoding=\"async\" alt=\"[Bild: Gr\u00e4storp Ljusfestival vid Nossan Tr\u00e4dbelysning]\" src=\"http:\/\/ngn.nu\/Pict\/2015\/151004-DSC00302-Graestorp-ljusfestivalen-w350.jpg\" style=\"width: 350px; height: 470px;\" title=\"Gr\u00e4storp Ljusfestival vid Nossan Tr\u00e4dbelysning\" \/><br \/>\n\tVacker tr&auml;dbelysning.\n<\/p>\n<p>\n\tOch till slut &auml;nnu en vacker tr&auml;dbelysning:<br \/>\n\t<img decoding=\"async\" alt=\"[Bild: Gr\u00e4storp Ljusfestival vid Nossan Tr\u00e4dbelysning]\" src=\"http:\/\/ngn.nu\/Pict\/2015\/151004-DSC00309-Graestorp-ljusfestivalen-w350.jpg\" style=\"width: 350px; height: 432px;\" title=\"Gr\u00e4storp Ljusfestival vid Nossan Tr\u00e4dbelysning\" \/>\n<\/p>\n<p>\n\t<strong>H&auml;lsol&auml;get<\/strong>:<br \/>\n\tMorgon: OK &#8211; Vaknade och gick upp tidigt (06:00).<br \/>\n\tDagen: Lite sm&aring;tr&ouml;tt mitt p&aring; &#8211; vilar.<br \/>\n\tKv&auml;llen: V&auml;rk som attan i v&auml; ben under promenaden vid Nossan (Ljusfestivalen Gr&auml;storp).<br \/>\n\t<small>[<span title=\"VAS-skalan (grad av v\u00e4rk; 0=ingen v\u00e4rk och 10 \u00e4r outh\u00e4rdlig\">03<\/span>&#8211;<span title=\"Psykisk stabilitet 0=totaldeppig, 10=skitglad\">08<\/span>&#8211;<span title=\"Matintag - procent bra\">005<\/span>&#8211;<span title=\"Motion - procent bra\">005<\/span>] 95,6(-0,4)<\/small><\/p>\n","protected":false},"excerpt":{"rendered":"<p>Morgon: S&ouml;mn OK. Ingen tidning &#8211; s&ouml;ndag &#8211; k&auml;nns tomt&#8230; Anteckningar Renskrivit, redigerat bilder och publicerat inl&auml;gg: 30\/7-14 (f&ouml;re kl 07:30) 31\/7-14 1\/8-14 2\/8-14 Annons Fixat till ytterligare en annons: Xtreamer Media Player &amp; Streamer Gr&auml;storp &Aring;rets ljusfestivalen vid Nossan &hellip; <a href=\"https:\/\/blogg.ngn.nu\/index.php\/2015\/10\/04\/10040\/\">Forts\u00e4tt l\u00e4sa <span class=\"meta-nav\">&rarr;<\/span><\/a><\/p>\n","protected":false},"author":1,"featured_media":0,"comment_status":"open","ping_status":"closed","sticky":false,"template":"","format":"standard","meta":{"footnotes":""},"categories":[444,350],"tags":[1001],"class_list":["post-10040","post","type-post","status-publish","format-standard","hentry","category-bilder","category-upplevelse","tag-publicerat-aldre-inlagg"],"_links":{"self":[{"href":"https:\/\/blogg.ngn.nu\/index.php\/wp-json\/wp\/v2\/posts\/10040","targetHints":{"allow":["GET"]}}],"collection":[{"href":"https:\/\/blogg.ngn.nu\/index.php\/wp-json\/wp\/v2\/posts"}],"about":[{"href":"https:\/\/blogg.ngn.nu\/index.php\/wp-json\/wp\/v2\/types\/post"}],"author":[{"embeddable":true,"href":"https:\/\/blogg.ngn.nu\/index.php\/wp-json\/wp\/v2\/users\/1"}],"replies":[{"embeddable":true,"href":"https:\/\/blogg.ngn.nu\/index.php\/wp-json\/wp\/v2\/comments?post=10040"}],"version-history":[{"count":2,"href":"https:\/\/blogg.ngn.nu\/index.php\/wp-json\/wp\/v2\/posts\/10040\/revisions"}],"predecessor-version":[{"id":10043,"href":"https:\/\/blogg.ngn.nu\/index.php\/wp-json\/wp\/v2\/posts\/10040\/revisions\/10043"}],"wp:attachment":[{"href":"https:\/\/blogg.ngn.nu\/index.php\/wp-json\/wp\/v2\/media?parent=10040"}],"wp:term":[{"taxonomy":"category","embeddable":true,"href":"https:\/\/blogg.ngn.nu\/index.php\/wp-json\/wp\/v2\/categories?post=10040"},{"taxonomy":"post_tag","embeddable":true,"href":"https:\/\/blogg.ngn.nu\/index.php\/wp-json\/wp\/v2\/tags?post=10040"}],"curies":[{"name":"wp","href":"https:\/\/api.w.org\/{rel}","templated":true}]}}