{"id":10016,"date":"2015-10-02T20:57:22","date_gmt":"2015-10-02T18:57:22","guid":{"rendered":"http:\/\/blogg.ngn.nu\/?p=10016"},"modified":"2015-10-25T21:48:59","modified_gmt":"2015-10-25T19:48:59","slug":"fredag-105","status":"publish","type":"post","link":"https:\/\/blogg.ngn.nu\/index.php\/2015\/10\/02\/fredag-105\/","title":{"rendered":"Fredag"},"content":{"rendered":"<p>\n\tMorgon: S&ouml;mn OK.\n<\/p>\n<p>\n\tIg&aring;r kv&auml;ll (strax efter 24) tog jag en bild p&aring; n&aring;got jag helst hade velat slippa se:<br \/>\n\t<img decoding=\"async\" alt=\"[Bild: Ny o\u00f6nskad acen]\" src=\"http:\/\/ngn.nu\/Pict\/2015\/151002-DSC00276-vuxenacne-w350.jpg\" style=\"width: 350px; height: 258px;\" title=\"Ny o\u00f6nskad acen\" \/><br \/>\n\tJag har nu &auml;tit dubbla dos antibiotika en vecka f&ouml;r att (tillf&auml;lligt) f&aring; bort min vuxenacne, p&aring; ryggen, och s&aring; dyker den h&auml;r upp, under g&aring;rdagen. Den fanns d&auml;r inte p&aring; morgonen (v&auml;nstra axelns framsida).\n<\/p>\n<p>\n\t<span style=\"font-weight: bold;\">V&aring;rdcentral<\/span><br \/>\n\tRinger och pratar med min V&aring;rdcentral om antibiotikan och &#39;plitan&#39;.\n<\/p>\n<p>\n\tDe ringde upp. De hade inget bra svar och min doktor var ledig s&aring; de ringer upp mig p&aring; tisdag. Jag skulle i vart fall forts&auml;tta medicineringen. Inte hade jag i min tanke att avbryta den, nejd&aring;. Jag t&auml;nkte mig mer &aring;t att byta preparat.\n<\/p>\n<p>\n\tL&auml;ste p&aring; lite grann i antibiotikans bipacksedel (Kapsel, Lymecycline Actavis 300mg (dubbel dos: 1&#215;2 i 21 dagar)) och fick d&aring; veta att jag m&aring;ste avst&aring; ytterligare en livsnjutning &#8211; exponering f&ouml;r direkt solljus.<br \/>\n\tD&auml;r r&ouml;k mina sm&aring; trivsamma stunder med en kopp kaffe i en strimma solljus.<br \/>\n\tDet &auml;r inte mycket lustfyllt jag kan g&ouml;ra s&aring; det d&auml;r k&auml;ndes h&aring;rt.<br \/>\n\tEn &#39;vanlig (kan f&ouml;rekomma)&#39; biverkan &auml;r permanent synneds&auml;ttning &#8211; k&auml;nns inte ok.<br \/>\n\tEn annan &#39;kan f&ouml;rekomma&#39; biverkan &auml;r mag-tarminflammationer. H&auml;r verkar dock jag reagera tv&auml;rtom som jag n&auml;mnde i g&aring;rdagens inl&auml;gg; min avf&ouml;ring har mer normaliserats (&aring;t det fastare h&aring;llet). &#39;Normalt&#39; vid denna medicinering &auml;r ju annars att man f&aring;r diarr&eacute;.<br \/>\n\tMissf&auml;rgning av t&auml;nderna ing&aring;r ocks&aring; i &#39;kan f&ouml;rekomma&#39;. Det bryr jag mig faktiskt inte s&aring; mycket om.<br \/>\n\tSvampinfektioner i munh&aring;la, kring anus och k&ouml;nsorgan h&ouml;r ocks&aring; hit. Det &auml;r jag beredd p&aring;. Visar det sig s&aring; blir det VC-kontakt igen och s&aring; f&aring;r det bli n&aring;gon medicinsk behandling emot det.<br \/>\n\tAv n&aring;gon m&auml;rklig anledning n&auml;mns just &#39;j&auml;stsvamp&#39;&#8230;?<br \/>\n\tBukspottk&ouml;rtel och lever kan ocks&aring; ta stryk. &Auml;ven njurar men det &auml;r ovanligare.<br \/>\n\tSlemhinnebl&ouml;dningar &#8211; rent allm&auml;nt&#8230;\n<\/p>\n<p>\n\t<span style=\"font-weight: bold;\">Annons<\/span><br \/>\n\tHar lagt ut en annons, h&auml;r i bloggen, f&ouml;r en gammal fungerande b&auml;rbar dator:<br \/>\n\t<a href=\"https:\/\/blogg.ngn.nu\/index.php\/2015\/10\/02\/annons-compaq-contura-aero-433-c\/\" target=\"_blank\">COMPAQ CONTURA AERO 4\/33C<\/a>\n<\/p>\n<p>\n\t<span style=\"font-weight: bold;\">Anteckningar<\/span><br \/>\n\tRenskrivit, redigerat en bild och publicerat inl&auml;gg:<br \/>\n\t<a href=\"https:\/\/blogg.ngn.nu\/index.php\/2014\/07\/27\/10013\/\" target=\"_blank\">27\/7-14<\/a>\n<\/p>\n<p>\n\t<span style=\"font-weight: bold;\">Film<\/span><br \/>\n\tHustrun &auml;r en p&auml;rla. F&ouml;r att muntra upp mig f&ouml;reslog hon att vi skulle plocka fram v&aring;r favorit-&#39;rulle&#39;, nu p&aring; DVD, &quot;<span style=\"font-style: italic;\">Tjejen som f&ouml;ll &ouml;verbord<\/span>&quot;. Vet inte hur m&aring;nga 10-tals g&aring;nger vi sett den men var g&aring;ng ser vi n&aring;got nytt i den. Och det h&auml;rliga igenk&auml;nnandet i v&aring;ra favoritscener.\n<\/p>\n<p>\n\tNu &auml;r det dags f&ouml;r b&auml;dden &#8211; det blir s&auml;kert en b&auml;ttre dag i morgon :me:\n<\/p>\n<p>\n\t<strong>H&auml;lsol&auml;get<\/strong>:<br \/>\n\tMorgon: OK &#8211; om man ser det v&auml;rkm&auml;sigt och att de l&auml;kemedel jag tar emot v&auml;rk hj&auml;lper.<br \/>\n\tDagen: Klart l&auml;tt deprimerad. Sjuklivet &Auml;R INTE kul&#8230;<br \/>\n\tKv&auml;llen: Blod lite h&auml;r och d&auml;r &#8211; k&auml;nns el&auml;ndigt.<br \/>\n\t<small>[<span title=\"VAS-skalan (grad av v\u00e4rk; 0=ingen v\u00e4rk och 10 \u00e4r outh\u00e4rdlig\">03<\/span>&#8211;<span title=\"Psykisk stabilitet 0=totaldeppig, 10=skitglad\">08<\/span>&#8211;<span title=\"Matintag - procent bra\">005<\/span>&#8211;<span title=\"Motion - procent bra\">005<\/span>] 97,2(+1,1)-M&aring;ste vara fel p&aring; v&aring;gen&#8230;<\/small><\/p>\n","protected":false},"excerpt":{"rendered":"<p>Morgon: S&ouml;mn OK. Ig&aring;r kv&auml;ll (strax efter 24) tog jag en bild p&aring; n&aring;got jag helst hade velat slippa se: Jag har nu &auml;tit dubbla dos antibiotika en vecka f&ouml;r att (tillf&auml;lligt) f&aring; bort min vuxenacne, p&aring; ryggen, och s&aring; &hellip; <a href=\"https:\/\/blogg.ngn.nu\/index.php\/2015\/10\/02\/fredag-105\/\">Forts\u00e4tt l\u00e4sa <span class=\"meta-nav\">&rarr;<\/span><\/a><\/p>\n","protected":false},"author":1,"featured_media":0,"comment_status":"open","ping_status":"closed","sticky":false,"template":"","format":"standard","meta":{"footnotes":""},"categories":[449,448],"tags":[1001],"class_list":["post-10016","post","type-post","status-publish","format-standard","hentry","category-film","category-halsa","tag-publicerat-aldre-inlagg"],"_links":{"self":[{"href":"https:\/\/blogg.ngn.nu\/index.php\/wp-json\/wp\/v2\/posts\/10016","targetHints":{"allow":["GET"]}}],"collection":[{"href":"https:\/\/blogg.ngn.nu\/index.php\/wp-json\/wp\/v2\/posts"}],"about":[{"href":"https:\/\/blogg.ngn.nu\/index.php\/wp-json\/wp\/v2\/types\/post"}],"author":[{"embeddable":true,"href":"https:\/\/blogg.ngn.nu\/index.php\/wp-json\/wp\/v2\/users\/1"}],"replies":[{"embeddable":true,"href":"https:\/\/blogg.ngn.nu\/index.php\/wp-json\/wp\/v2\/comments?post=10016"}],"version-history":[{"count":2,"href":"https:\/\/blogg.ngn.nu\/index.php\/wp-json\/wp\/v2\/posts\/10016\/revisions"}],"predecessor-version":[{"id":10083,"href":"https:\/\/blogg.ngn.nu\/index.php\/wp-json\/wp\/v2\/posts\/10016\/revisions\/10083"}],"wp:attachment":[{"href":"https:\/\/blogg.ngn.nu\/index.php\/wp-json\/wp\/v2\/media?parent=10016"}],"wp:term":[{"taxonomy":"category","embeddable":true,"href":"https:\/\/blogg.ngn.nu\/index.php\/wp-json\/wp\/v2\/categories?post=10016"},{"taxonomy":"post_tag","embeddable":true,"href":"https:\/\/blogg.ngn.nu\/index.php\/wp-json\/wp\/v2\/tags?post=10016"}],"curies":[{"name":"wp","href":"https:\/\/api.w.org\/{rel}","templated":true}]}}